{"id":6299,"date":"2025-12-03T20:42:46","date_gmt":"2025-12-03T20:42:46","guid":{"rendered":"https:\/\/ledenonciateur224.com\/?p=6299"},"modified":"2025-12-03T20:42:46","modified_gmt":"2025-12-03T20:42:46","slug":"la-haute-autorite-de-la-communication-recoit-11-vehicules-offerts-par-le-president","status":"publish","type":"post","link":"https:\/\/ledenonciateur224.com\/index.php\/la-haute-autorite-de-la-communication-recoit-11-vehicules-offerts-par-le-president\/","title":{"rendered":"La Haute Autorit\u00e9 de la Communication re\u00e7oit 11 v\u00e9hicules offerts par le Pr\u00e9sident"},"content":{"rendered":"<p>La Haute Autorit\u00e9 de la Communication (HAC) a b\u00e9n\u00e9fici\u00e9 ce mercredi 3 d\u00e9cembre d\u2019un appui logistique majeur de la part du Pr\u00e9sident de la R\u00e9publique, Mamadi Doumbouya. <strong>Onze v\u00e9hicules<\/strong> ont \u00e9t\u00e9 remis \u00e0 l\u2019institution, dont un sp\u00e9cifiquement destin\u00e9 \u00e0 son pr\u00e9sident, <strong>Boubacar Yacine Diallo<\/strong>.<br \/>\nLa c\u00e9r\u00e9monie officielle de remise s\u2019est tenue au si\u00e8ge de la HAC, en pr\u00e9sence des commissaires et des cadres de l\u2019institution.<\/p>\n<h3><strong>Un appui pour renforcer le suivi de la campagne m\u00e9diatique<\/strong><\/h3>\n<p>Dans son discours, le pr\u00e9sident de la HAC a chaleureusement salu\u00e9 l\u2019initiative du chef de l\u2019\u00c9tat. Il a expliqu\u00e9 que ces v\u00e9hicules permettront aux commissaires de se d\u00e9ployer efficacement \u00e0 travers les r\u00e9gions administratives pour assurer <strong>l\u2019observation de la campagne m\u00e9diatique<\/strong>, un volet essentiel du processus \u00e9lectoral.<\/p>\n<p><img loading=\"lazy\" decoding=\"async\" class=\"alignnone size-full wp-image-6300\" src=\"https:\/\/ledenonciateur224.com\/wp-content\/uploads\/2025\/12\/img-20251203-wa0135.jpg\" alt=\"\" width=\"1265\" height=\"596\" srcset=\"https:\/\/ledenonciateur224.com\/wp-content\/uploads\/2025\/12\/img-20251203-wa0135.jpg 1265w, https:\/\/ledenonciateur224.com\/wp-content\/uploads\/2025\/12\/img-20251203-wa0135-300x141.jpg 300w, https:\/\/ledenonciateur224.com\/wp-content\/uploads\/2025\/12\/img-20251203-wa0135-1024x482.jpg 1024w, https:\/\/ledenonciateur224.com\/wp-content\/uploads\/2025\/12\/img-20251203-wa0135-768x362.jpg 768w, https:\/\/ledenonciateur224.com\/wp-content\/uploads\/2025\/12\/img-20251203-wa0135-150x71.jpg 150w, https:\/\/ledenonciateur224.com\/wp-content\/uploads\/2025\/12\/img-20251203-wa0135-696x328.jpg 696w, https:\/\/ledenonciateur224.com\/wp-content\/uploads\/2025\/12\/img-20251203-wa0135-1068x503.jpg 1068w, https:\/\/ledenonciateur224.com\/wp-content\/uploads\/2025\/12\/img-20251203-wa0135-891x420.jpg 891w\" sizes=\"auto, (max-width: 1265px) 100vw, 1265px\" \/><\/p>\n<p>Sur les onze v\u00e9hicules re\u00e7us, <strong>trois resteront \u00e0 Conakry<\/strong>, d\u00e9di\u00e9s au visionnage et au suivi des contenus m\u00e9diatiques diffus\u00e9s pendant la campagne.<\/p>\n<p>\u00ab Les autres se rendront dans les r\u00e9gions administratives pour l&rsquo;observation de la campagne m\u00e9diatique, et y resteront jusqu\u2019\u00e0 la fin \u00bb, a pr\u00e9cis\u00e9 Boubacar Yacine Diallo.<\/p>\n<h3><strong>Garantir la libert\u00e9 de la presse et le respect des normes professionnelles<\/strong><\/h3>\n<p>Le pr\u00e9sident de la HAC a rappel\u00e9 les directives essentielles donn\u00e9es aux \u00e9quipes d\u00e9ploy\u00e9es :<\/p>\n<ul>\n<li><strong>Assurer la libert\u00e9 d\u2019exercice des m\u00e9dias<\/strong>,<\/li>\n<li><strong>Veiller au respect strict des normes professionnelles<\/strong>,<\/li>\n<li><strong>Pr\u00e9venir la diffusion de discours de haine ou incitant \u00e0 la violence<\/strong>,<\/li>\n<li><strong>Promouvoir le vivre-ensemble et la responsabilit\u00e9 m\u00e9diatique<\/strong>.<\/li>\n<\/ul>\n<h3><strong>Un mat\u00e9riel d\u00e9di\u00e9 exclusivement au service public<\/strong><\/h3>\n<p>Boubacar Yacine Diallo a \u00e9galement insist\u00e9 sur le caract\u00e8re exclusivement professionnel de ces v\u00e9hicules :<\/p>\n<p>\u00ab Ils leur ont \u00e9t\u00e9 affect\u00e9s, mais ne peuvent servir que pour des int\u00e9r\u00eats publics. Nous veillerons \u00e0 leur bonne utilisation. \u00bb<\/p>\n<h3><strong>Un geste salu\u00e9 par l\u2019institution<\/strong><\/h3>\n<p>Enfin, le pr\u00e9sident de la HAC a exprim\u00e9 sa profonde reconnaissance au Pr\u00e9sident Mamadi Doumbouya pour ce soutien logistique, r\u00e9affirmant l\u2019engagement de son institution \u00e0 utiliser ces moyens <strong>dans le strict respect des r\u00e8gles administratives et \u00e9thiques<\/strong>.<\/p>\n<p>&nbsp;<\/p>\n<p>Mohamed Amine<\/p>\n","protected":false},"excerpt":{"rendered":"<p>La Haute Autorit\u00e9 de la Communication (HAC) a b\u00e9n\u00e9fici\u00e9 ce mercredi 3 d\u00e9cembre d\u2019un appui logistique majeur de la part du Pr\u00e9sident de la R\u00e9publique, Mamadi Doumbouya. Onze v\u00e9hicules ont \u00e9t\u00e9 remis \u00e0 l\u2019institution, dont un sp\u00e9cifiquement destin\u00e9 \u00e0 son pr\u00e9sident, Boubacar Yacine Diallo. La c\u00e9r\u00e9monie officielle de remise s\u2019est tenue au si\u00e8ge de la [&hellip;]<\/p>\n","protected":false},"author":2,"featured_media":6301,"comment_status":"closed","ping_status":"closed","sticky":false,"template":"","format":"standard","meta":{"_jetpack_memberships_contains_paid_content":false,"footnotes":"","jetpack_publicize_message":"","jetpack_publicize_feature_enabled":true,"jetpack_social_post_already_shared":true,"jetpack_social_options":{"image_generator_settings":{"template":"highway","default_image_id":0,"font":"","enabled":false},"version":2}},"categories":[30,24],"tags":[767],"class_list":{"0":"post-6299","1":"post","2":"type-post","3":"status-publish","4":"format-standard","5":"has-post-thumbnail","7":"category-faits-divers","8":"category-news","9":"tag-hac-guinee"},"jetpack_publicize_connections":[],"jetpack_featured_media_url":"https:\/\/ledenonciateur224.com\/wp-content\/uploads\/2025\/12\/img-20251203-wa0134.jpg","jetpack_sharing_enabled":true,"_links":{"self":[{"href":"https:\/\/ledenonciateur224.com\/index.php\/wp-json\/wp\/v2\/posts\/6299","targetHints":{"allow":["GET"]}}],"collection":[{"href":"https:\/\/ledenonciateur224.com\/index.php\/wp-json\/wp\/v2\/posts"}],"about":[{"href":"https:\/\/ledenonciateur224.com\/index.php\/wp-json\/wp\/v2\/types\/post"}],"author":[{"embeddable":true,"href":"https:\/\/ledenonciateur224.com\/index.php\/wp-json\/wp\/v2\/users\/2"}],"replies":[{"embeddable":true,"href":"https:\/\/ledenonciateur224.com\/index.php\/wp-json\/wp\/v2\/comments?post=6299"}],"version-history":[{"count":1,"href":"https:\/\/ledenonciateur224.com\/index.php\/wp-json\/wp\/v2\/posts\/6299\/revisions"}],"predecessor-version":[{"id":6302,"href":"https:\/\/ledenonciateur224.com\/index.php\/wp-json\/wp\/v2\/posts\/6299\/revisions\/6302"}],"wp:featuredmedia":[{"embeddable":true,"href":"https:\/\/ledenonciateur224.com\/index.php\/wp-json\/wp\/v2\/media\/6301"}],"wp:attachment":[{"href":"https:\/\/ledenonciateur224.com\/index.php\/wp-json\/wp\/v2\/media?parent=6299"}],"wp:term":[{"taxonomy":"category","embeddable":true,"href":"https:\/\/ledenonciateur224.com\/index.php\/wp-json\/wp\/v2\/categories?post=6299"},{"taxonomy":"post_tag","embeddable":true,"href":"https:\/\/ledenonciateur224.com\/index.php\/wp-json\/wp\/v2\/tags?post=6299"}],"curies":[{"name":"wp","href":"https:\/\/api.w.org\/{rel}","templated":true}]}}