{"id":632,"date":"2024-12-25T21:00:00","date_gmt":"2024-12-25T21:00:00","guid":{"rendered":"https:\/\/ledenonciateur224.com\/?p=632"},"modified":"2024-12-25T21:00:00","modified_gmt":"2024-12-25T21:00:00","slug":"general-ansoumane-camara-un-retour-remarque-aux-affaires-diplomatiques","status":"publish","type":"post","link":"https:\/\/ledenonciateur224.com\/index.php\/general-ansoumane-camara-un-retour-remarque-aux-affaires-diplomatiques\/","title":{"rendered":"G\u00e9n\u00e9ral Ansoumane Camara : Un retour remarqu\u00e9 aux affaires diplomatiques"},"content":{"rendered":"<p>&nbsp;<\/p>\n<p><span style=\"color: #333333;font-family: helvetica neue, helvetica, roboto, arial, sans-serif\">Le Pr\u00e9sident de la Transition, le G\u00e9n\u00e9ral Mamadi Doumbouya, a proc\u00e9d\u00e9 \u00e0 la nomination d\u2019Ansoumane Camara comme ambassadeur de Guin\u00e9e en Guin\u00e9e \u00c9quatoriale, marquant ainsi un retour important pour l&rsquo;ancien Directeur G\u00e9n\u00e9ral de la Police.<\/span><\/p>\n<p>Dans une s\u00e9rie de d\u00e9crets lus mercredi soir \u00e0 la t\u00e9l\u00e9vision nationale, le Pr\u00e9sident de la Transition, le G\u00e9n\u00e9ral Mamadi Doumbouya, a annonc\u00e9 plusieurs nominations importantes, dont celle du G\u00e9n\u00e9ral Ansoumane Camara, ancien Directeur G\u00e9n\u00e9ral de la Police nationale, au poste d\u2019ambassadeur de la R\u00e9publique de Guin\u00e9e pr\u00e8s de la Guin\u00e9e \u00c9quatoriale. Ce retour aux affaires diplomatiques marque une \u00e9tape significative pour le G\u00e9n\u00e9ral Camara, figure bien connue du paysage politique et s\u00e9curitaire guin\u00e9en.<\/p>\n<p><span style=\"color: #333333;font-family: helvetica neue, helvetica, roboto, arial, sans-serif\">En parall\u00e8le, le G\u00e9n\u00e9ral Doumbouya a \u00e9galement nomm\u00e9 M. Mohamed Dabo, Coordinateur du programme cadre d\u2019appui \u00e0 la diplomatie \u00e9conomique, \u00e0 l\u2019intelligence strat\u00e9gique et \u00e0 la coop\u00e9ration internationale, en qualit\u00e9 d\u2019ambassadeur extraordinaire et pl\u00e9nipotentiaire, repr\u00e9sentant permanent de la R\u00e9publique de Guin\u00e9e aupr\u00e8s des Nations-Unies \u00e0 New York.<\/span><\/p>\n<p><span style=\"color: #333333;font-family: helvetica neue, helvetica, roboto, arial, sans-serif\">Ces nominations viennent renforcer la repr\u00e9sentation de la Guin\u00e9e sur la sc\u00e8ne internationale et t\u00e9moignent de la volont\u00e9 du gouvernement de consolider sa diplomatie dans un contexte g\u00e9opolitique en pleine \u00e9volution.<\/span><\/p>\n<p>&nbsp;<\/p>\n<p>&nbsp;<\/p>\n<p>&nbsp;<\/p>\n<p>&nbsp;<\/p>\n<p>N&rsquo;sira Sylla<\/p>\n","protected":false},"excerpt":{"rendered":"<p>&nbsp; Le Pr\u00e9sident de la Transition, le G\u00e9n\u00e9ral Mamadi Doumbouya, a proc\u00e9d\u00e9 \u00e0 la nomination d\u2019Ansoumane Camara comme ambassadeur de Guin\u00e9e en Guin\u00e9e \u00c9quatoriale, marquant ainsi un retour important pour l&rsquo;ancien Directeur G\u00e9n\u00e9ral de la Police. Dans une s\u00e9rie de d\u00e9crets lus mercredi soir \u00e0 la t\u00e9l\u00e9vision nationale, le Pr\u00e9sident de la Transition, le G\u00e9n\u00e9ral [&hellip;]<\/p>\n","protected":false},"author":2,"featured_media":633,"comment_status":"open","ping_status":"open","sticky":false,"template":"","format":"standard","meta":{"_jetpack_memberships_contains_paid_content":false,"footnotes":"","jetpack_publicize_message":"","jetpack_publicize_feature_enabled":true,"jetpack_social_post_already_shared":false,"jetpack_social_options":{"image_generator_settings":{"template":"highway","default_image_id":0,"font":"","enabled":false},"version":2}},"categories":[24,27],"tags":[134,36,92,133,35],"class_list":{"0":"post-632","1":"post","2":"type-post","3":"status-publish","4":"format-standard","5":"has-post-thumbnail","7":"category-news","8":"category-politique","9":"tag-ambassadeur","10":"tag-conakry","11":"tag-decrets","12":"tag-general-ansoumane-camara-bafoue","13":"tag-guinee"},"jetpack_publicize_connections":[],"jetpack_featured_media_url":"https:\/\/ledenonciateur224.com\/wp-content\/uploads\/2024\/12\/20211111-ansoumane-baffoe.jpeg","jetpack_sharing_enabled":true,"_links":{"self":[{"href":"https:\/\/ledenonciateur224.com\/index.php\/wp-json\/wp\/v2\/posts\/632","targetHints":{"allow":["GET"]}}],"collection":[{"href":"https:\/\/ledenonciateur224.com\/index.php\/wp-json\/wp\/v2\/posts"}],"about":[{"href":"https:\/\/ledenonciateur224.com\/index.php\/wp-json\/wp\/v2\/types\/post"}],"author":[{"embeddable":true,"href":"https:\/\/ledenonciateur224.com\/index.php\/wp-json\/wp\/v2\/users\/2"}],"replies":[{"embeddable":true,"href":"https:\/\/ledenonciateur224.com\/index.php\/wp-json\/wp\/v2\/comments?post=632"}],"version-history":[{"count":0,"href":"https:\/\/ledenonciateur224.com\/index.php\/wp-json\/wp\/v2\/posts\/632\/revisions"}],"wp:featuredmedia":[{"embeddable":true,"href":"https:\/\/ledenonciateur224.com\/index.php\/wp-json\/wp\/v2\/media\/633"}],"wp:attachment":[{"href":"https:\/\/ledenonciateur224.com\/index.php\/wp-json\/wp\/v2\/media?parent=632"}],"wp:term":[{"taxonomy":"category","embeddable":true,"href":"https:\/\/ledenonciateur224.com\/index.php\/wp-json\/wp\/v2\/categories?post=632"},{"taxonomy":"post_tag","embeddable":true,"href":"https:\/\/ledenonciateur224.com\/index.php\/wp-json\/wp\/v2\/tags?post=632"}],"curies":[{"name":"wp","href":"https:\/\/api.w.org\/{rel}","templated":true}]}}