{"id":6322,"date":"2025-12-05T07:31:17","date_gmt":"2025-12-05T07:31:17","guid":{"rendered":"https:\/\/ledenonciateur224.com\/?p=6322"},"modified":"2025-12-05T07:31:17","modified_gmt":"2025-12-05T07:31:17","slug":"disparitions-et-rumeurs-ciblant-letat-le-parquet-general-durcit-le-ton-et-menace-de-poursuites","status":"publish","type":"post","link":"https:\/\/ledenonciateur224.com\/index.php\/disparitions-et-rumeurs-ciblant-letat-le-parquet-general-durcit-le-ton-et-menace-de-poursuites\/","title":{"rendered":"Disparitions et rumeurs ciblant l\u2019\u00c9tat : le Parquet G\u00e9n\u00e9ral durcit le ton et menace de poursuites\u00a0"},"content":{"rendered":"<p><span style=\"color: #111111;font-family: Roboto, sans-serif;font-size: 22px\">Le Parquet G\u00e9n\u00e9ral pr\u00e8s la Cour d\u2019Appel de Conakry a <\/span><strong style=\"color: #111111;font-family: Roboto, sans-serif;font-size: 22px\">hauss\u00e9 le ton<\/strong><span style=\"color: #111111;font-family: Roboto, sans-serif;font-size: 22px\">, ce jeudi 4 d\u00e9cembre 2025, face \u00e0 la multiplication des d\u00e9nonciations li\u00e9es \u00e0 des cas pr\u00e9sum\u00e9s d\u2019enl\u00e8vements ou de disparitions <\/span><strong style=\"color: #111111;font-family: Roboto, sans-serif;font-size: 22px\">attribu\u00e9s aux autorit\u00e9s publiques<\/strong><span style=\"color: #111111;font-family: Roboto, sans-serif;font-size: 22px\">. Dans une note officielle parvenue \u00e0 Ledenonciateur224.com<\/span><span style=\"color: #111111;font-family: Roboto, sans-serif;font-size: 22px\">, le Procureur G\u00e9n\u00e9ral <\/span><strong style=\"color: #111111;font-family: Roboto, sans-serif;font-size: 22px\">Fallou Doumbouya<\/strong><span style=\"color: #111111;font-family: Roboto, sans-serif;font-size: 22px\"> a lanc\u00e9 un avertissement ferme, d\u00e9non\u00e7ant des all\u00e9gations qu\u2019il juge infond\u00e9es et dangereuses.<\/span><\/p>\n<p>Selon le magistrat, ces accusations non \u00e9tay\u00e9es <strong>\u00ab portent atteinte \u00e0 la dignit\u00e9 des institutions de la R\u00e9publique, troublent l\u2019ordre public et participent \u00e0 une campagne de d\u00e9sinformation dangereuse. \u00bb<\/strong> Le Parquet G\u00e9n\u00e9ral pointe particuli\u00e8rement du doigt certaines plateformes num\u00e9riques, accus\u00e9es de relayer des contenus <strong>\u00ab calomnieux et sans aucune base factuelle \u00bb<\/strong>, imputant \u00e0 l\u2019\u00c9tat de graves violations.<\/p>\n<h2><strong>La justice affirme traiter tous les dossiers signal\u00e9s<\/strong><\/h2>\n<p>Pour calmer les inqui\u00e9tudes et couper court aux sp\u00e9culations, Fallou Doumbouya assure que <strong>toutes les plaintes pour enl\u00e8vement ou disparition sont r\u00e9guli\u00e8rement prises en charge<\/strong>.<\/p>\n<p>Il rappelle que ces affaires suivent la proc\u00e9dure pr\u00e9vue par le Code de proc\u00e9dure p\u00e9nale :<\/p>\n<ul>\n<li>soit devant les <strong>services de police judiciaire<\/strong> (articles 9 et suivants),<\/li>\n<li>soit devant les <strong>juridictions comp\u00e9tentes<\/strong> (articles 38 et suivants).<\/li>\n<\/ul>\n<p>Aucun dossier, insiste-t-il, n\u2019a \u00e9t\u00e9 <strong>ignor\u00e9, n\u00e9glig\u00e9 ou class\u00e9 sans suite<\/strong>.<\/p>\n<h2><strong>Un rappel ferme au cadre l\u00e9gal<\/strong><\/h2>\n<p>Le Parquet G\u00e9n\u00e9ral dit vouloir mettre fin \u00e0 ce qu\u2019il qualifie d\u2019<strong>\u201cimpunit\u00e9 num\u00e9rique\u201d<\/strong>. En invoquant la Constitution et la loi L\/2015\/010\/AN du 04 juin 2015, Fallou Doumbouya souligne que les institutions disposent d\u2019un cadre juridique clair les prot\u00e9geant contre les attaques en ligne.<\/p>\n<p>Toute personne publiant des propos imputant \u00e0 une autorit\u00e9 publique des actes criminels s\u2019expose d\u00e9sormais \u00e0 des poursuites pour :<\/p>\n<ul>\n<li><strong>calomnie<\/strong>,<\/li>\n<li><strong>diffamation<\/strong>,<\/li>\n<li><strong>injure publique<\/strong>,<\/li>\n<li><strong>outrage<\/strong>,<\/li>\n<li><strong>propagation de fausses nouvelles<\/strong>.<\/li>\n<\/ul>\n<p>Le Procureur pr\u00e9vient que ces abus, notamment sur les r\u00e9seaux sociaux, feront l\u2019objet d\u2019une riposte judiciaire <strong>syst\u00e9matique<\/strong>.<\/p>\n<h2><strong>Libert\u00e9 d\u2019expression, mais pas d\u2019impunit\u00e9<\/strong><\/h2>\n<p>Fallou Doumbouya dit demeurer attach\u00e9 \u00e0 la libert\u00e9 d\u2019expression, qu\u2019il qualifie de droit fondamental. Toutefois, il insiste sur la distinction essentielle entre <strong>libert\u00e9 d\u2019opinion<\/strong> et <strong>atteinte aux institutions de la R\u00e9publique<\/strong>.<\/p>\n<p>Il appelle chacun \u00e0 faire preuve de responsabilit\u00e9, rappelant que :<br \/>\n<strong>\u00ab La libert\u00e9 d\u2019expression, garantie par la loi, ne saurait justifier la diffamation ni l\u2019atteinte \u00e0 la r\u00e9putation des institutions charg\u00e9es d\u2019assurer la stabilit\u00e9, la s\u00e9curit\u00e9 et la justice dans notre pays. \u00bb<\/strong><\/p>\n<p>Par cette sortie muscl\u00e9e, le Parquet G\u00e9n\u00e9ral affiche clairement sa volont\u00e9 de <strong>contrer ce qu\u2019il consid\u00e8re comme une campagne de calomnies visant la cr\u00e9dibilit\u00e9 de l\u2019\u00c9tat<\/strong>.<\/p>\n<p><img loading=\"lazy\" decoding=\"async\" class=\"alignnone size-full wp-image-6323\" src=\"https:\/\/ledenonciateur224.com\/wp-content\/uploads\/2025\/12\/595690850-1398131062323402-1521566300308618957-n.jpg\" alt=\"\" width=\"676\" height=\"902\" srcset=\"https:\/\/ledenonciateur224.com\/wp-content\/uploads\/2025\/12\/595690850-1398131062323402-1521566300308618957-n.jpg 676w, https:\/\/ledenonciateur224.com\/wp-content\/uploads\/2025\/12\/595690850-1398131062323402-1521566300308618957-n-225x300.jpg 225w, https:\/\/ledenonciateur224.com\/wp-content\/uploads\/2025\/12\/595690850-1398131062323402-1521566300308618957-n-150x200.jpg 150w, https:\/\/ledenonciateur224.com\/wp-content\/uploads\/2025\/12\/595690850-1398131062323402-1521566300308618957-n-300x400.jpg 300w, https:\/\/ledenonciateur224.com\/wp-content\/uploads\/2025\/12\/595690850-1398131062323402-1521566300308618957-n-315x420.jpg 315w\" sizes=\"auto, (max-width: 676px) 100vw, 676px\" \/><\/p>\n<p>&nbsp;<\/p>\n","protected":false},"excerpt":{"rendered":"<p>Le Parquet G\u00e9n\u00e9ral pr\u00e8s la Cour d\u2019Appel de Conakry a hauss\u00e9 le ton, ce jeudi 4 d\u00e9cembre 2025, face \u00e0 la multiplication des d\u00e9nonciations li\u00e9es \u00e0 des cas pr\u00e9sum\u00e9s d\u2019enl\u00e8vements ou de disparitions attribu\u00e9s aux autorit\u00e9s publiques. Dans une note officielle parvenue \u00e0 Ledenonciateur224.com, le Procureur G\u00e9n\u00e9ral Fallou Doumbouya a lanc\u00e9 un avertissement ferme, d\u00e9non\u00e7ant [&hellip;]<\/p>\n","protected":false},"author":2,"featured_media":6324,"comment_status":"closed","ping_status":"closed","sticky":false,"template":"","format":"standard","meta":{"_jetpack_memberships_contains_paid_content":false,"footnotes":"","jetpack_publicize_message":"","jetpack_publicize_feature_enabled":true,"jetpack_social_post_already_shared":true,"jetpack_social_options":{"image_generator_settings":{"template":"highway","default_image_id":0,"font":"","enabled":false},"version":2}},"categories":[30,24],"tags":[1366],"class_list":{"0":"post-6322","1":"post","2":"type-post","3":"status-publish","4":"format-standard","5":"has-post-thumbnail","7":"category-faits-divers","8":"category-news","9":"tag-parquet-general"},"jetpack_publicize_connections":[],"jetpack_featured_media_url":"https:\/\/ledenonciateur224.com\/wp-content\/uploads\/2025\/12\/fb-img-1764918922914.jpg","jetpack_sharing_enabled":true,"_links":{"self":[{"href":"https:\/\/ledenonciateur224.com\/index.php\/wp-json\/wp\/v2\/posts\/6322","targetHints":{"allow":["GET"]}}],"collection":[{"href":"https:\/\/ledenonciateur224.com\/index.php\/wp-json\/wp\/v2\/posts"}],"about":[{"href":"https:\/\/ledenonciateur224.com\/index.php\/wp-json\/wp\/v2\/types\/post"}],"author":[{"embeddable":true,"href":"https:\/\/ledenonciateur224.com\/index.php\/wp-json\/wp\/v2\/users\/2"}],"replies":[{"embeddable":true,"href":"https:\/\/ledenonciateur224.com\/index.php\/wp-json\/wp\/v2\/comments?post=6322"}],"version-history":[{"count":1,"href":"https:\/\/ledenonciateur224.com\/index.php\/wp-json\/wp\/v2\/posts\/6322\/revisions"}],"predecessor-version":[{"id":6325,"href":"https:\/\/ledenonciateur224.com\/index.php\/wp-json\/wp\/v2\/posts\/6322\/revisions\/6325"}],"wp:featuredmedia":[{"embeddable":true,"href":"https:\/\/ledenonciateur224.com\/index.php\/wp-json\/wp\/v2\/media\/6324"}],"wp:attachment":[{"href":"https:\/\/ledenonciateur224.com\/index.php\/wp-json\/wp\/v2\/media?parent=6322"}],"wp:term":[{"taxonomy":"category","embeddable":true,"href":"https:\/\/ledenonciateur224.com\/index.php\/wp-json\/wp\/v2\/categories?post=6322"},{"taxonomy":"post_tag","embeddable":true,"href":"https:\/\/ledenonciateur224.com\/index.php\/wp-json\/wp\/v2\/tags?post=6322"}],"curies":[{"name":"wp","href":"https:\/\/api.w.org\/{rel}","templated":true}]}}