{"id":6326,"date":"2025-12-05T08:03:34","date_gmt":"2025-12-05T08:03:34","guid":{"rendered":"https:\/\/ledenonciateur224.com\/?p=6326"},"modified":"2025-12-05T08:07:35","modified_gmt":"2025-12-05T08:07:35","slug":"enlevement-dun-cadre-du-bloc-liberal-le-parti-denonce-une-attaque-visant-a-etouffer-la-democratie","status":"publish","type":"post","link":"https:\/\/ledenonciateur224.com\/index.php\/enlevement-dun-cadre-du-bloc-liberal-le-parti-denonce-une-attaque-visant-a-etouffer-la-democratie\/","title":{"rendered":"Enl\u00e8vement d\u2019un cadre du Bloc Lib\u00e9ral : le parti d\u00e9nonce une attaque visant \u00e0 \u00e9touffer la d\u00e9mocratie\u00a0"},"content":{"rendered":"<p>Le Bloc Lib\u00e9ral (BL) a annonc\u00e9, ce jeudi 4 novembre 2025, l\u2019enl\u00e8vement de <strong>Massa Douago Guilavogui<\/strong>, directeur adjoint de sa campagne \u00e9lectorale. Selon le parti, M. Guilavogui aurait \u00e9t\u00e9 kidnapp\u00e9 dans la nuit du <strong>2 au 3 d\u00e9cembre 2025<\/strong> par des individus non identifi\u00e9s.<\/p>\n<p>Dans une d\u00e9claration, la formation politique fond\u00e9e par <strong>Dr Faya Millimouno<\/strong>, candidat \u00e0 la pr\u00e9sidentielle du 28 d\u00e9cembre, affirme que cet incident s\u2019inscrit dans une <strong>s\u00e9rie d\u2019attaques d\u00e9stabilisatrices<\/strong> visant ses membres et sympathisants.<\/p>\n<p>Le parti condamne vigoureusement ce qu\u2019il qualifie d\u2019<strong>\u00ab acte odieux \u00bb<\/strong>, estimant qu&rsquo;il s\u2019agit d\u2019une tentative manifeste d\u2019<strong>intimidation et de mus\u00e8lement<\/strong> des voix qui militent pour la d\u00e9mocratie et la justice en Guin\u00e9e.<\/p>\n<h2><strong>Un climat de peur et de violations des droits humains, selon le BL<\/strong><\/h2>\n<p>Pour le Bloc Lib\u00e9ral, cet enl\u00e8vement n\u2019est pas un cas isol\u00e9. Il fait \u00e9cho, selon le parti, \u00e0 une recrudescence de disparitions et d\u2019attaques cibl\u00e9es qui plonge la Guin\u00e9e dans un <strong>\u00ab climat de terreur inacceptable \u00bb<\/strong> et porte atteinte aux <strong>droits humains fondamentaux<\/strong>.<\/p>\n<p>Le BL rappelle que Massa Douago Guilavogui est un <strong>militant engag\u00e9<\/strong>, reconnu pour son d\u00e9vouement \u00e0 l\u2019\u00e9ducation et l\u2019am\u00e9lioration des conditions de vie des enseignants guin\u00e9ens.<\/p>\n<p>\u00ab <strong>Son travail, purement civique et d\u00e9mocratique<\/strong>, visait \u00e0 mobiliser les forces vives autour d\u2019un projet de soci\u00e9t\u00e9 fond\u00e9 sur les libert\u00e9s individuelles, l\u2019\u00c9tat de droit et le dialogue social \u00bb, a soulign\u00e9 le parti.<\/p>\n<h2><strong>Exigence d\u2019une lib\u00e9ration imm\u00e9diate<\/strong><\/h2>\n<p>Face \u00e0 la gravit\u00e9 des faits, le Bloc Lib\u00e9ral exige la <strong>lib\u00e9ration imm\u00e9diate et sans condition<\/strong> de son responsable politique.<br \/>\nLe parti appelle \u00e0 une mobilisation nationale et internationale afin que la lumi\u00e8re soit faite sur cet enl\u00e8vement et que les auteurs soient identifi\u00e9s et sanctionn\u00e9s.<\/p>\n<p>&nbsp;<\/p>\n<p>Ledenonciateur224.com<\/p>\n","protected":false},"excerpt":{"rendered":"<p>Le Bloc Lib\u00e9ral (BL) a annonc\u00e9, ce jeudi 4 novembre 2025, l\u2019enl\u00e8vement de Massa Douago Guilavogui, directeur adjoint de sa campagne \u00e9lectorale. Selon le parti, M. Guilavogui aurait \u00e9t\u00e9 kidnapp\u00e9 dans la nuit du 2 au 3 d\u00e9cembre 2025 par des individus non identifi\u00e9s. Dans une d\u00e9claration, la formation politique fond\u00e9e par Dr Faya Millimouno, [&hellip;]<\/p>\n","protected":false},"author":2,"featured_media":6327,"comment_status":"closed","ping_status":"closed","sticky":false,"template":"","format":"standard","meta":{"_jetpack_memberships_contains_paid_content":false,"footnotes":"","jetpack_publicize_message":"","jetpack_publicize_feature_enabled":true,"jetpack_social_post_already_shared":true,"jetpack_social_options":{"image_generator_settings":{"template":"highway","default_image_id":0,"font":"","enabled":false},"version":2}},"categories":[24,27],"tags":[225,373],"class_list":{"0":"post-6326","1":"post","2":"type-post","3":"status-publish","4":"format-standard","5":"has-post-thumbnail","7":"category-news","8":"category-politique","9":"tag-bloc-liberal","10":"tag-enlevement"},"jetpack_publicize_connections":[],"jetpack_featured_media_url":"https:\/\/ledenonciateur224.com\/wp-content\/uploads\/2025\/12\/img-20251204-wa0087-768x432-1.jpg","jetpack_sharing_enabled":true,"_links":{"self":[{"href":"https:\/\/ledenonciateur224.com\/index.php\/wp-json\/wp\/v2\/posts\/6326","targetHints":{"allow":["GET"]}}],"collection":[{"href":"https:\/\/ledenonciateur224.com\/index.php\/wp-json\/wp\/v2\/posts"}],"about":[{"href":"https:\/\/ledenonciateur224.com\/index.php\/wp-json\/wp\/v2\/types\/post"}],"author":[{"embeddable":true,"href":"https:\/\/ledenonciateur224.com\/index.php\/wp-json\/wp\/v2\/users\/2"}],"replies":[{"embeddable":true,"href":"https:\/\/ledenonciateur224.com\/index.php\/wp-json\/wp\/v2\/comments?post=6326"}],"version-history":[{"count":1,"href":"https:\/\/ledenonciateur224.com\/index.php\/wp-json\/wp\/v2\/posts\/6326\/revisions"}],"predecessor-version":[{"id":6329,"href":"https:\/\/ledenonciateur224.com\/index.php\/wp-json\/wp\/v2\/posts\/6326\/revisions\/6329"}],"wp:featuredmedia":[{"embeddable":true,"href":"https:\/\/ledenonciateur224.com\/index.php\/wp-json\/wp\/v2\/media\/6327"}],"wp:attachment":[{"href":"https:\/\/ledenonciateur224.com\/index.php\/wp-json\/wp\/v2\/media?parent=6326"}],"wp:term":[{"taxonomy":"category","embeddable":true,"href":"https:\/\/ledenonciateur224.com\/index.php\/wp-json\/wp\/v2\/categories?post=6326"},{"taxonomy":"post_tag","embeddable":true,"href":"https:\/\/ledenonciateur224.com\/index.php\/wp-json\/wp\/v2\/tags?post=6326"}],"curies":[{"name":"wp","href":"https:\/\/api.w.org\/{rel}","templated":true}]}}