{"id":6330,"date":"2025-12-05T08:24:44","date_gmt":"2025-12-05T08:24:44","guid":{"rendered":"https:\/\/ledenonciateur224.com\/?p=6330"},"modified":"2025-12-05T08:24:44","modified_gmt":"2025-12-05T08:24:44","slug":"crief-le-president-de-la-transition-recompose-la-cour-et-confirme-ses-principaux-dirigeants","status":"publish","type":"post","link":"https:\/\/ledenonciateur224.com\/index.php\/crief-le-president-de-la-transition-recompose-la-cour-et-confirme-ses-principaux-dirigeants\/","title":{"rendered":"CRIEF : le pr\u00e9sident de la Transition recompose la Cour et confirme ses principaux dirigeants"},"content":{"rendered":"<p><span style=\"color: #111111;font-family: Roboto, sans-serif;font-size: 22px\">Dans un d\u00e9cret rendu public ce jeudi 4 d\u00e9cembre 2025, le pr\u00e9sident de la Transition a proc\u00e9d\u00e9 \u00e0 une <\/span><strong style=\"color: #111111;font-family: Roboto, sans-serif;font-size: 22px\">recomposition majeure<\/strong><span style=\"color: #111111;font-family: Roboto, sans-serif;font-size: 22px\"> de la Cour de R\u00e9pression des Infractions \u00c9conomiques et Financi\u00e8res (CRIEF). Plusieurs magistrats ont \u00e9t\u00e9 nomm\u00e9s ou confirm\u00e9s dans leurs fonctions au sein de cette juridiction cl\u00e9 dans la lutte contre les crimes \u00e9conomiques en Guin\u00e9e.<\/span><\/p>\n<p>Le d\u00e9cret confirme notamment le <strong>pr\u00e9sident de la Cour<\/strong>, M. <strong>Francis Kova Zoumanigui<\/strong>, ainsi que le <strong>procureur sp\u00e9cial<\/strong>, M. <strong>Aly Tour\u00e9<\/strong>, tous deux maintenus \u00e0 la t\u00eate de cette institution strat\u00e9gique.<\/p>\n<h2><strong>Composition d\u00e9taill\u00e9e de la CRIEF apr\u00e8s les nominations<\/strong><\/h2>\n<h3><strong>1. Si\u00e8ge de la Cour<\/strong><\/h3>\n<ul>\n<li><strong>Pr\u00e9sident :<\/strong> M. <em>Francis Kova Zoumanigui<\/em> (confirm\u00e9)<\/li>\n<\/ul>\n<h3><strong>2. Chambre de l\u2019instruction<\/strong><\/h3>\n<ul>\n<li><strong>Pr\u00e9sident :<\/strong> M. <em>Robert Wendouno<\/em><\/li>\n<li><strong>Membres :<\/strong>\n<ul>\n<li>M. <em>Albert Mourano<\/em><\/li>\n<li>M. <em>Lansana Soumah<\/em><\/li>\n<\/ul>\n<\/li>\n<\/ul>\n<h3><strong>3. Chambre de jugement<\/strong><\/h3>\n<ul>\n<li><strong>Pr\u00e9sident :<\/strong> M. <em>Yagouba Cont\u00e9<\/em><\/li>\n<li><strong>Conseillers :<\/strong>\n<ul>\n<li>M. <em>Fod\u00e9 Kadialy Keita<\/em><\/li>\n<li>M. <em>Kanda Doumbouya<\/em><\/li>\n<\/ul>\n<\/li>\n<\/ul>\n<h3><strong>4. Chambre sp\u00e9ciale de contr\u00f4le de l\u2019instruction<\/strong><\/h3>\n<ul>\n<li><strong>Pr\u00e9sident :<\/strong> M. <em>Mamoudou Diakit\u00e9<\/em><br \/>\n<em>(ancien pr\u00e9sident du Tribunal de Premi\u00e8re Instance de Gaoual)<\/em><\/li>\n<li><strong>Conseillers :<\/strong>\n<ul>\n<li>M. <em>Aboubacar Cont\u00e9<\/em><\/li>\n<li>M. <em>C\u00e9lestin Camara<\/em><br \/>\n<em>(pr\u00e9c\u00e9demment juge \u00e0 la m\u00eame Cour)<\/em><\/li>\n<\/ul>\n<\/li>\n<\/ul>\n<h3><strong>5. Chambre des appels<\/strong><\/h3>\n<ul>\n<li><strong>Conseillers nomm\u00e9s :<\/strong>\n<ul>\n<li>M. <em>Daye Mara<\/em><\/li>\n<li>M. <em>Lansana Ciss\u00e9<\/em><\/li>\n<li>M. <em>Raymond Bamb\u00e9 Kamano<\/em>,<br \/>\n<em>(ancien juge d\u2019instruction \u00e0 Pita)<\/em><\/li>\n<li>M. <em>Hammadi Doumbouya<\/em>,<br \/>\n<em>(ancien conseiller \u00e0 la Cour d\u2019appel de Kankan)<\/em><\/li>\n<li>Mme <em>Fatoumata Diould\u00e9 Diallo<\/em>,<br \/>\n<em>(ancienne juge au TPI de Kaloum)<\/em><\/li>\n<\/ul>\n<\/li>\n<\/ul>\n<h2><strong>6. Parquet sp\u00e9cial pr\u00e8s la CRIEF<\/strong><\/h2>\n<ul>\n<li><strong>Procureur sp\u00e9cial :<\/strong> M. <em>Aly Tour\u00e9<\/em> (confirm\u00e9)<\/li>\n<li><strong>Substituts du procureur sp\u00e9cial :<\/strong>\n<ul>\n<li>M. <em>Amiata Kaba<\/em><\/li>\n<li>M. <em>Ousmane Sanoh<\/em><\/li>\n<li>M. <em>Mohamed Bangoura<\/em>,<br \/>\n<em>(ancien substitut du procureur au TPI de Kindia)<\/em><\/li>\n<\/ul>\n<\/li>\n<\/ul>\n<h3><strong>Une mise \u00e0 jour importante pour une institution strat\u00e9gique<\/strong><\/h3>\n<p>Ces nominations visent \u00e0 renforcer la structure de la CRIEF, une juridiction phare du dispositif national de lutte contre la corruption, le d\u00e9tournement de fonds publics et les infractions \u00e9conomiques. En confirmant certains responsables et en introduisant de nouveaux magistrats, le pr\u00e9sident de la Transition entend consolider la continuit\u00e9 et l\u2019efficacit\u00e9 de cette Cour sp\u00e9ciale.<\/p>\n<p>&nbsp;<\/p>\n<p>AMC<\/p>\n","protected":false},"excerpt":{"rendered":"<p>Dans un d\u00e9cret rendu public ce jeudi 4 d\u00e9cembre 2025, le pr\u00e9sident de la Transition a proc\u00e9d\u00e9 \u00e0 une recomposition majeure de la Cour de R\u00e9pression des Infractions \u00c9conomiques et Financi\u00e8res (CRIEF). Plusieurs magistrats ont \u00e9t\u00e9 nomm\u00e9s ou confirm\u00e9s dans leurs fonctions au sein de cette juridiction cl\u00e9 dans la lutte contre les crimes \u00e9conomiques [&hellip;]<\/p>\n","protected":false},"author":2,"featured_media":6331,"comment_status":"closed","ping_status":"closed","sticky":false,"template":"","format":"standard","meta":{"_jetpack_memberships_contains_paid_content":false,"footnotes":"","jetpack_publicize_message":"","jetpack_publicize_feature_enabled":true,"jetpack_social_post_already_shared":true,"jetpack_social_options":{"image_generator_settings":{"template":"highway","default_image_id":0,"font":"","enabled":false},"version":2}},"categories":[30,24],"tags":[858],"class_list":{"0":"post-6330","1":"post","2":"type-post","3":"status-publish","4":"format-standard","5":"has-post-thumbnail","7":"category-faits-divers","8":"category-news","9":"tag-magistrats-guineens"},"jetpack_publicize_connections":[],"jetpack_featured_media_url":"https:\/\/ledenonciateur224.com\/wp-content\/uploads\/2025\/12\/crief.jpg","jetpack_sharing_enabled":true,"_links":{"self":[{"href":"https:\/\/ledenonciateur224.com\/index.php\/wp-json\/wp\/v2\/posts\/6330","targetHints":{"allow":["GET"]}}],"collection":[{"href":"https:\/\/ledenonciateur224.com\/index.php\/wp-json\/wp\/v2\/posts"}],"about":[{"href":"https:\/\/ledenonciateur224.com\/index.php\/wp-json\/wp\/v2\/types\/post"}],"author":[{"embeddable":true,"href":"https:\/\/ledenonciateur224.com\/index.php\/wp-json\/wp\/v2\/users\/2"}],"replies":[{"embeddable":true,"href":"https:\/\/ledenonciateur224.com\/index.php\/wp-json\/wp\/v2\/comments?post=6330"}],"version-history":[{"count":1,"href":"https:\/\/ledenonciateur224.com\/index.php\/wp-json\/wp\/v2\/posts\/6330\/revisions"}],"predecessor-version":[{"id":6332,"href":"https:\/\/ledenonciateur224.com\/index.php\/wp-json\/wp\/v2\/posts\/6330\/revisions\/6332"}],"wp:featuredmedia":[{"embeddable":true,"href":"https:\/\/ledenonciateur224.com\/index.php\/wp-json\/wp\/v2\/media\/6331"}],"wp:attachment":[{"href":"https:\/\/ledenonciateur224.com\/index.php\/wp-json\/wp\/v2\/media?parent=6330"}],"wp:term":[{"taxonomy":"category","embeddable":true,"href":"https:\/\/ledenonciateur224.com\/index.php\/wp-json\/wp\/v2\/categories?post=6330"},{"taxonomy":"post_tag","embeddable":true,"href":"https:\/\/ledenonciateur224.com\/index.php\/wp-json\/wp\/v2\/tags?post=6330"}],"curies":[{"name":"wp","href":"https:\/\/api.w.org\/{rel}","templated":true}]}}