{"id":6340,"date":"2025-12-06T23:15:44","date_gmt":"2025-12-06T23:15:44","guid":{"rendered":"https:\/\/ledenonciateur224.com\/?p=6340"},"modified":"2025-12-06T23:47:45","modified_gmt":"2025-12-06T23:47:45","slug":"sge-sonne-la-mobilisation-nous-ne-sommes-pas-des-spectateurs-nous-sommes-des-acteurs-determines","status":"publish","type":"post","link":"https:\/\/ledenonciateur224.com\/index.php\/sge-sonne-la-mobilisation-nous-ne-sommes-pas-des-spectateurs-nous-sommes-des-acteurs-determines\/","title":{"rendered":"SGE sonne la mobilisation : \u201cNous ne sommes pas des spectateurs, nous sommes des acteurs d\u00e9termin\u00e9s\u201d"},"content":{"rendered":"<p>L\u2019ouverture officielle de la campagne pr\u00e9sidentielle sur l\u2019ensemble du territoire national marque le d\u00e9but d\u2019une p\u00e9riode d\u2019effervescence politique o\u00f9 associations et mouvements de soutien r\u00e9affirment publiquement leurs engagements en faveur des candidats de leur choix.<\/p>\n<p>Ce\u00a0<strong>samedi 6 d\u00e9cembre 2025<\/strong>, la\u00a0<strong>Synergie Guin\u00e9e \u00c9mergente (SGE)<\/strong>\u00a0a effectu\u00e9 sa rentr\u00e9e politique \u00e0 la permanence nationale de la\u00a0<strong>G\u00e9n\u00e9ration pour la Modernit\u00e9 et le D\u00e9veloppement (GMD)<\/strong>, situ\u00e9e \u00e0 Matam. Une rencontre strat\u00e9gique plac\u00e9e sous le signe de la mobilisation et du soutien ferme au\u00a0<strong>Pr\u00e9sident Mamadi Doumbouya<\/strong>, candidat \u00e0 l\u2019\u00e9lection pr\u00e9sidentielle du 28 d\u00e9cembre.<\/p>\n<p><img loading=\"lazy\" decoding=\"async\" class=\"alignnone size-full wp-image-6347\" src=\"https:\/\/ledenonciateur224.com\/wp-content\/uploads\/2025\/12\/img-20251206-wa0152.jpg\" alt=\"\" width=\"1080\" height=\"720\" srcset=\"https:\/\/ledenonciateur224.com\/wp-content\/uploads\/2025\/12\/img-20251206-wa0152.jpg 1080w, https:\/\/ledenonciateur224.com\/wp-content\/uploads\/2025\/12\/img-20251206-wa0152-300x200.jpg 300w, https:\/\/ledenonciateur224.com\/wp-content\/uploads\/2025\/12\/img-20251206-wa0152-1024x683.jpg 1024w, https:\/\/ledenonciateur224.com\/wp-content\/uploads\/2025\/12\/img-20251206-wa0152-768x512.jpg 768w, https:\/\/ledenonciateur224.com\/wp-content\/uploads\/2025\/12\/img-20251206-wa0152-150x100.jpg 150w, https:\/\/ledenonciateur224.com\/wp-content\/uploads\/2025\/12\/img-20251206-wa0152-696x464.jpg 696w, https:\/\/ledenonciateur224.com\/wp-content\/uploads\/2025\/12\/img-20251206-wa0152-1068x712.jpg 1068w, https:\/\/ledenonciateur224.com\/wp-content\/uploads\/2025\/12\/img-20251206-wa0152-630x420.jpg 630w\" sizes=\"auto, (max-width: 1080px) 100vw, 1080px\" \/><\/p>\n<p>L\u2019\u00e9v\u00e9nement a rassembl\u00e9 de nombreuses figures influentes, parmi lesquelles\u00a0<strong>Souleymane B\u00e9r\u00e9t\u00e9 (Apache)<\/strong>, repr\u00e9sentant du pool de mobilisation, et\u00a0<strong>K\u00e8l\u00e8ty Doumbouya<\/strong>, coordinateur des associations et mouvements de soutien. Une forte pr\u00e9sence qui t\u00e9moigne de la dynamique collective autour du candidat.<\/p>\n<p><img loading=\"lazy\" decoding=\"async\" class=\"alignnone size-full wp-image-6341\" src=\"https:\/\/ledenonciateur224.com\/wp-content\/uploads\/2025\/12\/img-20251206-wa00412-750x422-1.jpg\" alt=\"\" width=\"750\" height=\"422\" srcset=\"https:\/\/ledenonciateur224.com\/wp-content\/uploads\/2025\/12\/img-20251206-wa00412-750x422-1.jpg 750w, https:\/\/ledenonciateur224.com\/wp-content\/uploads\/2025\/12\/img-20251206-wa00412-750x422-1-300x169.jpg 300w, https:\/\/ledenonciateur224.com\/wp-content\/uploads\/2025\/12\/img-20251206-wa00412-750x422-1-150x84.jpg 150w, https:\/\/ledenonciateur224.com\/wp-content\/uploads\/2025\/12\/img-20251206-wa00412-750x422-1-696x392.jpg 696w, https:\/\/ledenonciateur224.com\/wp-content\/uploads\/2025\/12\/img-20251206-wa00412-750x422-1-746x420.jpg 746w\" sizes=\"auto, (max-width: 750px) 100vw, 750px\" \/><\/p>\n<h2><strong>\u201cNous ne sommes pas des spectateurs, mais des acteurs\u201d<\/strong><\/h2>\n<p>Dans son allocution, la coordinatrice g\u00e9n\u00e9rale de la SGE,\u00a0<strong>Mme Kaba Gb\u00e9l\u00e9n Sidib\u00e9<\/strong>, a tenu \u00e0 clarifier la posture de son mouvement.<br \/>\nElle affirme avec conviction :<br \/>\n<strong>\u00ab Nous tenons \u00e0 vous affirmer que nous ne sommes pas de simples spectateurs. Nous sommes des acteurs d\u00e9termin\u00e9s. \u00bb<\/strong><\/p>\n<p>S\u2019exprimant au nom de la jeunesse engag\u00e9e, elle a insist\u00e9 sur les motivations profondes qui animent la SGE :<\/p>\n<p><img loading=\"lazy\" decoding=\"async\" class=\"alignnone size-full wp-image-6345\" src=\"https:\/\/ledenonciateur224.com\/wp-content\/uploads\/2025\/12\/img-20251206-wa0157.jpg\" alt=\"\" width=\"864\" height=\"1080\" srcset=\"https:\/\/ledenonciateur224.com\/wp-content\/uploads\/2025\/12\/img-20251206-wa0157.jpg 864w, https:\/\/ledenonciateur224.com\/wp-content\/uploads\/2025\/12\/img-20251206-wa0157-240x300.jpg 240w, https:\/\/ledenonciateur224.com\/wp-content\/uploads\/2025\/12\/img-20251206-wa0157-819x1024.jpg 819w, https:\/\/ledenonciateur224.com\/wp-content\/uploads\/2025\/12\/img-20251206-wa0157-768x960.jpg 768w, https:\/\/ledenonciateur224.com\/wp-content\/uploads\/2025\/12\/img-20251206-wa0157-150x188.jpg 150w, https:\/\/ledenonciateur224.com\/wp-content\/uploads\/2025\/12\/img-20251206-wa0157-300x375.jpg 300w, https:\/\/ledenonciateur224.com\/wp-content\/uploads\/2025\/12\/img-20251206-wa0157-696x870.jpg 696w, https:\/\/ledenonciateur224.com\/wp-content\/uploads\/2025\/12\/img-20251206-wa0157-336x420.jpg 336w\" sizes=\"auto, (max-width: 864px) 100vw, 864px\" \/><br \/>\n<strong>\u00ab Nous avons \u00e9t\u00e9 t\u00e9moins du courage, de la force et de la d\u00e9termination de notre Pr\u00e9sident. C\u2019est pourquoi, nous, les jeunes de la Synergie Guin\u00e9e \u00c9mergente, nous nous engageons \u00e0 mener des actions de porte-\u00e0-porte, \u00e0 sensibiliser et \u00e0 informer la population sur les acquis de notre Pr\u00e9sident Mamadi Doumbouya, notamment en mati\u00e8re de sant\u00e9 et d\u2019infrastructures. Notre synergie est le reflet de cet espoir partag\u00e9 et de cette volont\u00e9 d\u2019agir. \u00bb<\/strong><\/p>\n<p>Mme Sidib\u00e9 a \u00e9galement insist\u00e9 sur l\u2019importance de la participation citoyenne, rappelant que chaque voix comptera lors du scrutin :<br \/>\n<strong>\u00ab Nous sommes pr\u00eats \u00e0 aller \u00e0 la rencontre des citoyens pour les encourager \u00e0 retirer leur carte d\u2019\u00e9lecteur et \u00e0 voter massivement pour notre Pr\u00e9sident, Mamadi Doumbouya, notre candidat unique. \u00bb<\/strong><\/p>\n<p>Elle annonce \u00e9galement le lancement d\u2019une\u00a0<strong>\u201ccarte citoyenne\u201d<\/strong>, un outil destin\u00e9 \u00e0 recueillir les avis de la population, y compris dans les zones les plus recul\u00e9es :<br \/>\n<strong>\u00ab Il s\u2019agira non seulement de comprendre pourquoi ils votent pour notre Pr\u00e9sident, mais aussi de recueillir leurs souhaits post-\u00e9lectoraux : ce que les jeunes, nos m\u00e8res et l\u2019ensemble de la population aimeraient voir se concr\u00e9tiser. \u00bb<\/strong><\/p>\n<p>Si la c\u00e9l\u00e9bration fait partie du mouvement, pr\u00e9cise-t-elle,\u00a0<strong>la sensibilisation restera la priorit\u00e9 jusqu\u2019au 28 d\u00e9cembre<\/strong>.<\/p>\n<h2><strong>\u201cVotre pouvoir, c\u2019est votre carte\u201d : la GMD galvanise les troupes<\/strong><\/h2>\n<p><img loading=\"lazy\" decoding=\"async\" class=\"alignnone size-full wp-image-6342\" src=\"https:\/\/ledenonciateur224.com\/wp-content\/uploads\/2025\/12\/fb-img-1765062554492.jpg\" alt=\"\" width=\"1152\" height=\"2048\" srcset=\"https:\/\/ledenonciateur224.com\/wp-content\/uploads\/2025\/12\/fb-img-1765062554492.jpg 1152w, https:\/\/ledenonciateur224.com\/wp-content\/uploads\/2025\/12\/fb-img-1765062554492-169x300.jpg 169w, https:\/\/ledenonciateur224.com\/wp-content\/uploads\/2025\/12\/fb-img-1765062554492-576x1024.jpg 576w, https:\/\/ledenonciateur224.com\/wp-content\/uploads\/2025\/12\/fb-img-1765062554492-768x1365.jpg 768w, https:\/\/ledenonciateur224.com\/wp-content\/uploads\/2025\/12\/fb-img-1765062554492-864x1536.jpg 864w, https:\/\/ledenonciateur224.com\/wp-content\/uploads\/2025\/12\/fb-img-1765062554492-150x267.jpg 150w, https:\/\/ledenonciateur224.com\/wp-content\/uploads\/2025\/12\/fb-img-1765062554492-300x533.jpg 300w, https:\/\/ledenonciateur224.com\/wp-content\/uploads\/2025\/12\/fb-img-1765062554492-696x1237.jpg 696w, https:\/\/ledenonciateur224.com\/wp-content\/uploads\/2025\/12\/fb-img-1765062554492-1068x1899.jpg 1068w, https:\/\/ledenonciateur224.com\/wp-content\/uploads\/2025\/12\/fb-img-1765062554492-236x420.jpg 236w\" sizes=\"auto, (max-width: 1152px) 100vw, 1152px\" \/><\/p>\n<p>Prenant la parole \u00e0 son tour, la directrice nationale adjointe de la campagne GMD,\u00a0<strong>Mariama Cir\u00e9 Sylla<\/strong>, a f\u00e9licit\u00e9 l\u2019engagement de la SGE tout en rappelant la responsabilit\u00e9 historique de la jeunesse :<br \/>\n<strong>\u00ab Aujourd\u2019hui, vous n\u2019\u00eates plus de simples spectateurs, vous \u00eates au c\u0153ur de l\u2019action. La jeunesse a l\u2019opportunit\u00e9 de d\u00e9cider, et gr\u00e2ce \u00e0 ce leadership, elle est au pouvoir. Votre pouvoir, c\u2019est votre voix. Votre pouvoir, c\u2019est votre carte. \u00bb<\/strong><\/p>\n<p>Elle appelle \u00e0 une mobilisation totale :<br \/>\n<strong>\u00ab Ensemble, le 28 d\u00e9cembre, nous allons voter pour le candidat Mamadi Doumbouya. Cette campagne, nous allons la construire, la mener, nous battre, marcher, avancer et gagner ensemble. \u00bb<\/strong><\/p>\n<p>Mariama Cir\u00e9 Sylla a ensuite d\u00e9clin\u00e9 les raisons pour lesquelles le GMD appelle \u00e0 reconduire leur candidat :<br \/>\n<strong>\u00ab Pourquoi voter pour le candidat Mamadi Doumbouya ? Parce que c\u2019est un leader dont le bilan parle de lui-m\u00eame. Il a construit des infrastructures, promu l\u2019agriculture et cr\u00e9\u00e9 des emplois. Mais par-dessus tout, il a lanc\u00e9 le programme Ciment, un projet qui permettra \u00e0 la Guin\u00e9e d\u2019acc\u00e9der \u00e0 un niveau sup\u00e9rieur et de rayonner dans la sous-r\u00e9gion. \u00bb<\/strong><\/p>\n<p>Elle conclut avec dynamisme :<br \/>\n<strong>\u00ab Retirez vos cartes ! Gr\u00e2ce \u00e0 vous, nous \u00e9lirons notre candidat le 28 d\u00e9cembre. Nous sommes ensemble, nous allons avancer, et nous allons gagner. \u00bb<\/strong><\/p>\n<p>&nbsp;<\/p>\n<p>Aboubacar Moussa C<\/p>\n<p>611 70 39 84<\/p>\n","protected":false},"excerpt":{"rendered":"<p>L\u2019ouverture officielle de la campagne pr\u00e9sidentielle sur l\u2019ensemble du territoire national marque le d\u00e9but d\u2019une p\u00e9riode d\u2019effervescence politique o\u00f9 associations et mouvements de soutien r\u00e9affirment publiquement leurs engagements en faveur des candidats de leur choix. Ce\u00a0samedi 6 d\u00e9cembre 2025, la\u00a0Synergie Guin\u00e9e \u00c9mergente (SGE)\u00a0a effectu\u00e9 sa rentr\u00e9e politique \u00e0 la permanence nationale de la\u00a0G\u00e9n\u00e9ration pour la [&hellip;]<\/p>\n","protected":false},"author":2,"featured_media":6345,"comment_status":"closed","ping_status":"closed","sticky":false,"template":"","format":"standard","meta":{"_jetpack_memberships_contains_paid_content":false,"footnotes":"","jetpack_publicize_message":"","jetpack_publicize_feature_enabled":true,"jetpack_social_post_already_shared":true,"jetpack_social_options":{"image_generator_settings":{"template":"highway","default_image_id":0,"font":"","enabled":false},"version":2}},"categories":[24,27],"tags":[1361,1320],"class_list":{"0":"post-6340","1":"post","2":"type-post","3":"status-publish","4":"format-standard","5":"has-post-thumbnail","7":"category-news","8":"category-politique","9":"tag-campagne-presidentielle","10":"tag-gmd"},"jetpack_publicize_connections":[],"jetpack_featured_media_url":"https:\/\/ledenonciateur224.com\/wp-content\/uploads\/2025\/12\/img-20251206-wa0157.jpg","jetpack_sharing_enabled":true,"_links":{"self":[{"href":"https:\/\/ledenonciateur224.com\/index.php\/wp-json\/wp\/v2\/posts\/6340","targetHints":{"allow":["GET"]}}],"collection":[{"href":"https:\/\/ledenonciateur224.com\/index.php\/wp-json\/wp\/v2\/posts"}],"about":[{"href":"https:\/\/ledenonciateur224.com\/index.php\/wp-json\/wp\/v2\/types\/post"}],"author":[{"embeddable":true,"href":"https:\/\/ledenonciateur224.com\/index.php\/wp-json\/wp\/v2\/users\/2"}],"replies":[{"embeddable":true,"href":"https:\/\/ledenonciateur224.com\/index.php\/wp-json\/wp\/v2\/comments?post=6340"}],"version-history":[{"count":2,"href":"https:\/\/ledenonciateur224.com\/index.php\/wp-json\/wp\/v2\/posts\/6340\/revisions"}],"predecessor-version":[{"id":6348,"href":"https:\/\/ledenonciateur224.com\/index.php\/wp-json\/wp\/v2\/posts\/6340\/revisions\/6348"}],"wp:featuredmedia":[{"embeddable":true,"href":"https:\/\/ledenonciateur224.com\/index.php\/wp-json\/wp\/v2\/media\/6345"}],"wp:attachment":[{"href":"https:\/\/ledenonciateur224.com\/index.php\/wp-json\/wp\/v2\/media?parent=6340"}],"wp:term":[{"taxonomy":"category","embeddable":true,"href":"https:\/\/ledenonciateur224.com\/index.php\/wp-json\/wp\/v2\/categories?post=6340"},{"taxonomy":"post_tag","embeddable":true,"href":"https:\/\/ledenonciateur224.com\/index.php\/wp-json\/wp\/v2\/tags?post=6340"}],"curies":[{"name":"wp","href":"https:\/\/api.w.org\/{rel}","templated":true}]}}