{"id":6353,"date":"2025-12-07T17:40:25","date_gmt":"2025-12-07T17:40:25","guid":{"rendered":"https:\/\/ledenonciateur224.com\/?p=6353"},"modified":"2025-12-07T18:19:57","modified_gmt":"2025-12-07T18:19:57","slug":"le-bate-foulah-honore-son-doyen-une-intronisation-historique-sous-le-signe-de-lunite-et-des-valeurs-ancestrales","status":"publish","type":"post","link":"https:\/\/ledenonciateur224.com\/index.php\/le-bate-foulah-honore-son-doyen-une-intronisation-historique-sous-le-signe-de-lunite-et-des-valeurs-ancestrales\/","title":{"rendered":"Le Bat\u00e9 Foulah honore son doyen : une intronisation historique sous le signe de l\u2019unit\u00e9 et des valeurs ancestrales"},"content":{"rendered":"<p>Les fils et filles de la communaut\u00e9 Bat\u00e9 Foulah ont proc\u00e9d\u00e9, ce dimanche 7 d\u00e9cembre, \u00e0 l\u2019intronisation du doyen de leur communaut\u00e9, 7e Doyen Kerfala Sidib\u00e9. La c\u00e9r\u00e9monie, empreinte de solennit\u00e9 et de chaleur, s\u2019est tenue \u00e0 Sanoyah dans la commune du m\u00eame nom, en pr\u00e9sence du Missi Tigui, <strong>Djiba Diakit\u00e9<\/strong>, ministre directeur de cabinet de la Pr\u00e9sidence de la R\u00e9publique, ainsi que de la\u00a0<strong>ministre de l\u2019Industrie, Dr Diaka Sidib\u00e9<\/strong>, elle-m\u00eame digne fille du Bat\u00e9 Foulah.<\/p>\n<p><img loading=\"lazy\" decoding=\"async\" class=\"alignnone size-full wp-image-6355\" src=\"https:\/\/ledenonciateur224.com\/wp-content\/uploads\/2025\/12\/img-20251207-wa0137.jpg\" alt=\"\" width=\"1020\" height=\"574\" srcset=\"https:\/\/ledenonciateur224.com\/wp-content\/uploads\/2025\/12\/img-20251207-wa0137.jpg 1020w, https:\/\/ledenonciateur224.com\/wp-content\/uploads\/2025\/12\/img-20251207-wa0137-300x169.jpg 300w, https:\/\/ledenonciateur224.com\/wp-content\/uploads\/2025\/12\/img-20251207-wa0137-768x432.jpg 768w, https:\/\/ledenonciateur224.com\/wp-content\/uploads\/2025\/12\/img-20251207-wa0137-150x84.jpg 150w, https:\/\/ledenonciateur224.com\/wp-content\/uploads\/2025\/12\/img-20251207-wa0137-696x392.jpg 696w, https:\/\/ledenonciateur224.com\/wp-content\/uploads\/2025\/12\/img-20251207-wa0137-746x420.jpg 746w\" sizes=\"auto, (max-width: 1020px) 100vw, 1020px\" \/><\/p>\n<p>Dans un discours marqu\u00e9 par la reconnaissance, la fiert\u00e9 et une profonde \u00e9motion, la ministre de l\u2019Industrie, prenant la parole au nom du ministre directeur de cabinet, a rappel\u00e9 toute la port\u00e9e traditionnelle et symbolique de cette intronisation.<\/p>\n<p>Elle souligne :<br \/>\n<em>\u00ab C\u2019est avec une grande \u00e9motion et un profond respect que je prends la parole au nom du ministre Djiba Diakit\u00e9 \u00e0 l&rsquo;occasion de cet \u00e9v\u00e9nement historique et symbolique : l\u2019intronisation du doyen de la communaut\u00e9 du Bat\u00e9 Foulah. Cette c\u00e9r\u00e9monie rev\u00eat une dimension particuli\u00e8re, car elle marque la continuit\u00e9 d\u2019une tradition ancestrale, h\u00e9riti\u00e8re d\u2019un patrimoine riche transmis de g\u00e9n\u00e9ration en g\u00e9n\u00e9ration. \u00bb<\/em><\/p>\n<p><img loading=\"lazy\" decoding=\"async\" class=\"alignnone size-full wp-image-6356\" src=\"https:\/\/ledenonciateur224.com\/wp-content\/uploads\/2025\/12\/img-20251207-wa0135.jpg\" alt=\"\" width=\"1020\" height=\"574\" srcset=\"https:\/\/ledenonciateur224.com\/wp-content\/uploads\/2025\/12\/img-20251207-wa0135.jpg 1020w, https:\/\/ledenonciateur224.com\/wp-content\/uploads\/2025\/12\/img-20251207-wa0135-300x169.jpg 300w, https:\/\/ledenonciateur224.com\/wp-content\/uploads\/2025\/12\/img-20251207-wa0135-768x432.jpg 768w, https:\/\/ledenonciateur224.com\/wp-content\/uploads\/2025\/12\/img-20251207-wa0135-150x84.jpg 150w, https:\/\/ledenonciateur224.com\/wp-content\/uploads\/2025\/12\/img-20251207-wa0135-696x392.jpg 696w, https:\/\/ledenonciateur224.com\/wp-content\/uploads\/2025\/12\/img-20251207-wa0135-746x420.jpg 746w\" sizes=\"auto, (max-width: 1020px) 100vw, 1020px\" \/><\/p>\n<p>La ministre a insist\u00e9 sur la valeur collective de la sagesse dans les traditions du Bat\u00e9 Foulah, rappelant qu\u2019elle demeure un socle d\u2019harmonie, de justice et de coh\u00e9sion sociale. En honorant leur nouveau doyen, la communaut\u00e9 reconna\u00eet en lui un guide, un gardien des valeurs, un rep\u00e8re moral et un symbole d\u2019unit\u00e9.<\/p>\n<p>Elle poursuit :<br \/>\n<em>\u00ab Son exp\u00e9rience, son int\u00e9grit\u00e9 et son engagement envers le bien-\u00eatre de notre communaut\u00e9 sont les fondations sur lesquelles nous pla\u00e7ons notre confiance. \u00bb<\/em><\/p>\n<p>Face aux d\u00e9fis du monde moderne \u2014 sociaux, \u00e9conomiques, environnementaux et culturels \u2014 la ministre a appel\u00e9 les communaut\u00e9s \u00e0 demeurer unies et solidaires. Elle a mis en avant la n\u00e9cessit\u00e9 d\u2019un\u00a0<strong>leadership moral<\/strong>, capable d\u2019\u00e9coute et de rassemblement, citant le pr\u00e9sident Mamadi Doumbouya comme un mod\u00e8le de b\u00e2tisseur et de protecteur.<\/p>\n<p><img loading=\"lazy\" decoding=\"async\" class=\"alignnone size-full wp-image-6357\" src=\"https:\/\/ledenonciateur224.com\/wp-content\/uploads\/2025\/12\/img-20251207-wa0141.jpg\" alt=\"\" width=\"1020\" height=\"574\" srcset=\"https:\/\/ledenonciateur224.com\/wp-content\/uploads\/2025\/12\/img-20251207-wa0141.jpg 1020w, https:\/\/ledenonciateur224.com\/wp-content\/uploads\/2025\/12\/img-20251207-wa0141-300x169.jpg 300w, https:\/\/ledenonciateur224.com\/wp-content\/uploads\/2025\/12\/img-20251207-wa0141-768x432.jpg 768w, https:\/\/ledenonciateur224.com\/wp-content\/uploads\/2025\/12\/img-20251207-wa0141-150x84.jpg 150w, https:\/\/ledenonciateur224.com\/wp-content\/uploads\/2025\/12\/img-20251207-wa0141-696x392.jpg 696w, https:\/\/ledenonciateur224.com\/wp-content\/uploads\/2025\/12\/img-20251207-wa0141-746x420.jpg 746w\" sizes=\"auto, (max-width: 1020px) 100vw, 1020px\" \/> <img loading=\"lazy\" decoding=\"async\" class=\"alignnone size-full wp-image-6358\" src=\"https:\/\/ledenonciateur224.com\/wp-content\/uploads\/2025\/12\/20251207-143206-scaled.jpg\" alt=\"\" width=\"2560\" height=\"1152\" srcset=\"https:\/\/ledenonciateur224.com\/wp-content\/uploads\/2025\/12\/20251207-143206-scaled.jpg 2560w, https:\/\/ledenonciateur224.com\/wp-content\/uploads\/2025\/12\/20251207-143206-300x135.jpg 300w, https:\/\/ledenonciateur224.com\/wp-content\/uploads\/2025\/12\/20251207-143206-1024x461.jpg 1024w, https:\/\/ledenonciateur224.com\/wp-content\/uploads\/2025\/12\/20251207-143206-768x346.jpg 768w, https:\/\/ledenonciateur224.com\/wp-content\/uploads\/2025\/12\/20251207-143206-1536x691.jpg 1536w, https:\/\/ledenonciateur224.com\/wp-content\/uploads\/2025\/12\/20251207-143206-2048x922.jpg 2048w, https:\/\/ledenonciateur224.com\/wp-content\/uploads\/2025\/12\/20251207-143206-150x68.jpg 150w, https:\/\/ledenonciateur224.com\/wp-content\/uploads\/2025\/12\/20251207-143206-696x313.jpg 696w, https:\/\/ledenonciateur224.com\/wp-content\/uploads\/2025\/12\/20251207-143206-1068x481.jpg 1068w, https:\/\/ledenonciateur224.com\/wp-content\/uploads\/2025\/12\/20251207-143206-1920x864.jpg 1920w, https:\/\/ledenonciateur224.com\/wp-content\/uploads\/2025\/12\/20251207-143206-933x420.jpg 933w\" sizes=\"auto, (max-width: 2560px) 100vw, 2560px\" \/><\/p>\n<p>Elle a ensuite formul\u00e9 des pri\u00e8res pour le doyen intronis\u00e9 :<br \/>\n<em>\u00ab Nous demandons au Tout-Puissant de b\u00e9nir notre doyen, de renforcer sa sant\u00e9, sa sagesse et sa long\u00e9vit\u00e9. Qu\u2019il reste un pilier de paix, de fraternit\u00e9 et de d\u00e9veloppement pour tout le Bat\u00e9 Foulah. \u00bb<\/em><\/p>\n<p><img loading=\"lazy\" decoding=\"async\" class=\"alignnone size-full wp-image-6363\" src=\"https:\/\/ledenonciateur224.com\/wp-content\/uploads\/2025\/12\/fb-img-1765131554168.jpg\" alt=\"\" width=\"1152\" height=\"2048\" srcset=\"https:\/\/ledenonciateur224.com\/wp-content\/uploads\/2025\/12\/fb-img-1765131554168.jpg 1152w, https:\/\/ledenonciateur224.com\/wp-content\/uploads\/2025\/12\/fb-img-1765131554168-169x300.jpg 169w, https:\/\/ledenonciateur224.com\/wp-content\/uploads\/2025\/12\/fb-img-1765131554168-576x1024.jpg 576w, https:\/\/ledenonciateur224.com\/wp-content\/uploads\/2025\/12\/fb-img-1765131554168-768x1365.jpg 768w, https:\/\/ledenonciateur224.com\/wp-content\/uploads\/2025\/12\/fb-img-1765131554168-864x1536.jpg 864w, https:\/\/ledenonciateur224.com\/wp-content\/uploads\/2025\/12\/fb-img-1765131554168-150x267.jpg 150w, https:\/\/ledenonciateur224.com\/wp-content\/uploads\/2025\/12\/fb-img-1765131554168-300x533.jpg 300w, https:\/\/ledenonciateur224.com\/wp-content\/uploads\/2025\/12\/fb-img-1765131554168-696x1237.jpg 696w, https:\/\/ledenonciateur224.com\/wp-content\/uploads\/2025\/12\/fb-img-1765131554168-1068x1899.jpg 1068w, https:\/\/ledenonciateur224.com\/wp-content\/uploads\/2025\/12\/fb-img-1765131554168-236x420.jpg 236w\" sizes=\"auto, (max-width: 1152px) 100vw, 1152px\" \/><\/p>\n<p>Dans un appel vibrant, la ministre a invit\u00e9 tous les fils et filles du Bat\u00e9 Foulah, o\u00f9 qu\u2019ils se trouvent, \u00e0 soutenir ce symbole vivant de leur h\u00e9ritage, rappelant que le respect des anciens demeure une valeur fondamentale garantissant l\u2019avenir des g\u00e9n\u00e9rations futures.<\/p>\n<p>Elle a conclu en remerciant les nombreuses d\u00e9l\u00e9gations pr\u00e9sentes, au nom du Missi Tigui Djiba Diakit\u00e9, saluant un moment de communion, de m\u00e9moire et de fid\u00e9lit\u00e9 aux anc\u00eatres et fondateurs ayant pr\u00e9serv\u00e9 l\u2019identit\u00e9 culturelle du Bat\u00e9 Foulah.<\/p>\n<p><img loading=\"lazy\" decoding=\"async\" class=\"alignnone size-full wp-image-6359\" src=\"https:\/\/ledenonciateur224.com\/wp-content\/uploads\/2025\/12\/img-20251207-wa0134.jpg\" alt=\"\" width=\"1020\" height=\"574\" srcset=\"https:\/\/ledenonciateur224.com\/wp-content\/uploads\/2025\/12\/img-20251207-wa0134.jpg 1020w, https:\/\/ledenonciateur224.com\/wp-content\/uploads\/2025\/12\/img-20251207-wa0134-300x169.jpg 300w, https:\/\/ledenonciateur224.com\/wp-content\/uploads\/2025\/12\/img-20251207-wa0134-768x432.jpg 768w, https:\/\/ledenonciateur224.com\/wp-content\/uploads\/2025\/12\/img-20251207-wa0134-150x84.jpg 150w, https:\/\/ledenonciateur224.com\/wp-content\/uploads\/2025\/12\/img-20251207-wa0134-696x392.jpg 696w, https:\/\/ledenonciateur224.com\/wp-content\/uploads\/2025\/12\/img-20251207-wa0134-746x420.jpg 746w\" sizes=\"auto, (max-width: 1020px) 100vw, 1020px\" \/> <img loading=\"lazy\" decoding=\"async\" class=\"alignnone size-full wp-image-6360\" src=\"https:\/\/ledenonciateur224.com\/wp-content\/uploads\/2025\/12\/20251207-135827-scaled.jpg\" alt=\"\" width=\"2560\" height=\"1152\" srcset=\"https:\/\/ledenonciateur224.com\/wp-content\/uploads\/2025\/12\/20251207-135827-scaled.jpg 2560w, https:\/\/ledenonciateur224.com\/wp-content\/uploads\/2025\/12\/20251207-135827-300x135.jpg 300w, https:\/\/ledenonciateur224.com\/wp-content\/uploads\/2025\/12\/20251207-135827-1024x461.jpg 1024w, https:\/\/ledenonciateur224.com\/wp-content\/uploads\/2025\/12\/20251207-135827-768x346.jpg 768w, https:\/\/ledenonciateur224.com\/wp-content\/uploads\/2025\/12\/20251207-135827-1536x691.jpg 1536w, https:\/\/ledenonciateur224.com\/wp-content\/uploads\/2025\/12\/20251207-135827-2048x922.jpg 2048w, https:\/\/ledenonciateur224.com\/wp-content\/uploads\/2025\/12\/20251207-135827-150x68.jpg 150w, https:\/\/ledenonciateur224.com\/wp-content\/uploads\/2025\/12\/20251207-135827-696x313.jpg 696w, https:\/\/ledenonciateur224.com\/wp-content\/uploads\/2025\/12\/20251207-135827-1068x481.jpg 1068w, https:\/\/ledenonciateur224.com\/wp-content\/uploads\/2025\/12\/20251207-135827-1920x864.jpg 1920w, https:\/\/ledenonciateur224.com\/wp-content\/uploads\/2025\/12\/20251207-135827-933x420.jpg 933w\" sizes=\"auto, (max-width: 2560px) 100vw, 2560px\" \/><\/p>\n<p><em>\u00ab Que cette journ\u00e9e soit un signe d\u2019esp\u00e9rance, de renouveau et d\u2019engagement collectif pour tout le Bat\u00e9 Foulah. Que notre doyen soit le trait d\u2019union entre le pass\u00e9, le pr\u00e9sent et le futur, fid\u00e8le \u00e0 la vision de notre pr\u00e9sident : s\u2019inspirer du pass\u00e9 pour b\u00e2tir ensemble l\u2019avenir. \u00bb<\/em><\/p>\n<p>&nbsp;<\/p>\n<p><em>Aboubacar Moussa Camara<\/em><\/p>\n<p><em>\u00a0611 70 39 84\u00a0<\/em><\/p>\n","protected":false},"excerpt":{"rendered":"<p>Les fils et filles de la communaut\u00e9 Bat\u00e9 Foulah ont proc\u00e9d\u00e9, ce dimanche 7 d\u00e9cembre, \u00e0 l\u2019intronisation du doyen de leur communaut\u00e9, 7e Doyen Kerfala Sidib\u00e9. La c\u00e9r\u00e9monie, empreinte de solennit\u00e9 et de chaleur, s\u2019est tenue \u00e0 Sanoyah dans la commune du m\u00eame nom, en pr\u00e9sence du Missi Tigui, Djiba Diakit\u00e9, ministre directeur de cabinet [&hellip;]<\/p>\n","protected":false},"author":2,"featured_media":6354,"comment_status":"closed","ping_status":"closed","sticky":false,"template":"","format":"standard","meta":{"_jetpack_memberships_contains_paid_content":false,"footnotes":"","jetpack_publicize_message":"","jetpack_publicize_feature_enabled":true,"jetpack_social_post_already_shared":true,"jetpack_social_options":{"image_generator_settings":{"template":"highway","default_image_id":0,"font":"","enabled":false},"version":2}},"categories":[28,24],"tags":[1369,491,1370,35],"class_list":{"0":"post-6353","1":"post","2":"type-post","3":"status-publish","4":"format-standard","5":"has-post-thumbnail","7":"category-culture","8":"category-news","9":"tag-bate-foula","10":"tag-communaute","11":"tag-intronisation","12":"tag-guinee"},"jetpack_publicize_connections":[],"jetpack_featured_media_url":"https:\/\/ledenonciateur224.com\/wp-content\/uploads\/2025\/12\/img-20251207-wa0133.jpg","jetpack_sharing_enabled":true,"_links":{"self":[{"href":"https:\/\/ledenonciateur224.com\/index.php\/wp-json\/wp\/v2\/posts\/6353","targetHints":{"allow":["GET"]}}],"collection":[{"href":"https:\/\/ledenonciateur224.com\/index.php\/wp-json\/wp\/v2\/posts"}],"about":[{"href":"https:\/\/ledenonciateur224.com\/index.php\/wp-json\/wp\/v2\/types\/post"}],"author":[{"embeddable":true,"href":"https:\/\/ledenonciateur224.com\/index.php\/wp-json\/wp\/v2\/users\/2"}],"replies":[{"embeddable":true,"href":"https:\/\/ledenonciateur224.com\/index.php\/wp-json\/wp\/v2\/comments?post=6353"}],"version-history":[{"count":2,"href":"https:\/\/ledenonciateur224.com\/index.php\/wp-json\/wp\/v2\/posts\/6353\/revisions"}],"predecessor-version":[{"id":6364,"href":"https:\/\/ledenonciateur224.com\/index.php\/wp-json\/wp\/v2\/posts\/6353\/revisions\/6364"}],"wp:featuredmedia":[{"embeddable":true,"href":"https:\/\/ledenonciateur224.com\/index.php\/wp-json\/wp\/v2\/media\/6354"}],"wp:attachment":[{"href":"https:\/\/ledenonciateur224.com\/index.php\/wp-json\/wp\/v2\/media?parent=6353"}],"wp:term":[{"taxonomy":"category","embeddable":true,"href":"https:\/\/ledenonciateur224.com\/index.php\/wp-json\/wp\/v2\/categories?post=6353"},{"taxonomy":"post_tag","embeddable":true,"href":"https:\/\/ledenonciateur224.com\/index.php\/wp-json\/wp\/v2\/tags?post=6353"}],"curies":[{"name":"wp","href":"https:\/\/api.w.org\/{rel}","templated":true}]}}