{"id":6367,"date":"2025-12-09T07:47:37","date_gmt":"2025-12-09T07:47:37","guid":{"rendered":"https:\/\/ledenonciateur224.com\/?p=6367"},"modified":"2025-12-09T07:47:37","modified_gmt":"2025-12-09T07:47:37","slug":"kaloum-lancement-officiel-de-la-cite-des-fonctionnaires-et-du-triangle-de-lavage-un-tournant-majeur-pour-lurbanisation-de-conakry","status":"publish","type":"post","link":"https:\/\/ledenonciateur224.com\/index.php\/kaloum-lancement-officiel-de-la-cite-des-fonctionnaires-et-du-triangle-de-lavage-un-tournant-majeur-pour-lurbanisation-de-conakry\/","title":{"rendered":"Kaloum : lancement officiel de la Cit\u00e9 des Fonctionnaires et du Triangle de Lavage, un tournant majeur pour l\u2019urbanisation de Conakry"},"content":{"rendered":"<p><span style=\"color: #111111;font-family: Roboto, sans-serif;font-size: 27px\">Le minist\u00e8re de l\u2019Urbanisme, de l\u2019Habitat et de l\u2019Am\u00e9nagement du Territoire, \u00e0 travers l\u2019Agence Nationale de R\u00e9novation Urbaine (ANRU), a proc\u00e9d\u00e9 ce lundi au lancement des travaux de construction de la <\/span><strong style=\"color: #111111;font-family: Roboto, sans-serif;font-size: 27px\">Cit\u00e9 des Fonctionnaires<\/strong><span style=\"color: #111111;font-family: Roboto, sans-serif;font-size: 27px\"> et du <\/span><strong style=\"color: #111111;font-family: Roboto, sans-serif;font-size: 27px\">Triangle de Lavage<\/strong><span style=\"color: #111111;font-family: Roboto, sans-serif;font-size: 27px\"> dans le quartier <\/span><strong style=\"color: #111111;font-family: Roboto, sans-serif;font-size: 27px\">Coronthie<\/strong><span style=\"color: #111111;font-family: Roboto, sans-serif;font-size: 27px\">, au c\u0153ur de la commune de Kaloum.<\/span><\/p>\n<h2>Cette initiative, soutenue par le Chef de l\u2019\u00c9tat, s\u2019inscrit dans une vision ambitieuse : <strong>moderniser la capitale<\/strong>, am\u00e9liorer les conditions de vie des fonctionnaires et transformer durablement les anciens espaces urbains d\u00e9grad\u00e9s.<\/h2>\n<h3><strong>Un projet d\u2019envergure pour une ville nouvelle<\/strong><\/h3>\n<p>D\u2019une superficie totale de <strong>6 599,80 m\u00b2<\/strong>, la future Cit\u00e9 des fonctionnaires sera r\u00e9alis\u00e9e par la <strong>Soci\u00e9t\u00e9 Guin\u00e9enne de Construction et de Fourniture (SGCF)<\/strong>, sur la base des \u00e9tudes du bureau ARCHI AOD CONSTRUCTION.<br \/>\nElle comprendra :<\/p>\n<ul>\n<li><strong>390 appartements<\/strong>, dont 324 de type F3 et 66 de type F4<\/li>\n<li><strong>3 blocs (A, B et C)<\/strong> regroupant 7 b\u00e2timents<\/li>\n<li><strong>4 312,64 m\u00b2<\/strong> d\u00e9di\u00e9s aux commerces<\/li>\n<li><strong>5 332,59 m\u00b2<\/strong> de bureaux<\/li>\n<li><strong>4 743,90 m\u00b2<\/strong> de parking<\/li>\n<li>Une surface b\u00e2tie totale de <strong>88 127,17 m\u00b2<\/strong><\/li>\n<\/ul>\n<h4><strong>D\u00e9tails par bloc<\/strong><\/h4>\n<ul>\n<li><strong>Bloc A (2 b\u00e2timents)<\/strong> : 16 749,58 m\u00b2, 96 appartements F3, 959,12 m\u00b2 de commerces<\/li>\n<li><strong>Bloc B (2 b\u00e2timents)<\/strong> : 43 036,68 m\u00b2, 132 appartements F3, 66 F4, 2 319,44 m\u00b2 de commerces<\/li>\n<li><strong>Bloc C (3 b\u00e2timents)<\/strong> : 28 340,91 m\u00b2, 96 appartements F3, 5 332,59 m\u00b2 de bureaux, 1 034,08 m\u00b2 de commerces<\/li>\n<\/ul>\n<h3><strong>Un lancement sous forte pr\u00e9sence gouvernementale<\/strong><\/h3>\n<p>La c\u00e9r\u00e9monie de pose de la premi\u00e8re pierre a \u00e9t\u00e9 pr\u00e9sid\u00e9e par le <strong>Premier ministre Amadou Oury Bah<\/strong>, entour\u00e9 de membres du gouvernement, de la Gouverneure de Conakry et de nombreux habitants de Kaloum.<br \/>\nTous ont salu\u00e9 l&rsquo;\u00e9mergence de nouvelles infrastructures sur les ruines de l\u2019ancien d\u00e9p\u00f4t de carburant, ravag\u00e9 par un incendie il y a deux ans.<\/p>\n<h3><strong>Modernisation, densification et nouvelle vision urbaine<\/strong><\/h3>\n<p>Dans son discours, <strong>Mme Fatoumata Camara<\/strong>, Directrice g\u00e9n\u00e9rale de l\u2019ANRU, a rappel\u00e9 la mission fondamentale de son agence :<\/p>\n<p><em>\u00ab R\u00e9sorber l\u2019habitat pr\u00e9caire, reconstruire nos anciennes cit\u00e9s, r\u00e9g\u00e9n\u00e9rer nos quartiers et faire \u00e9merger une nouvelle vision de nos villes. \u00bb<\/em><\/p>\n<p>Elle a soulign\u00e9 que le projet de Coronthie marque une rupture avec les cit\u00e9s vieillissantes, citant l\u2019exemple de l\u2019ancienne cit\u00e9 police de Sanfil.<br \/>\nSelon elle, ce nouveau mod\u00e8le reposera sur :<\/p>\n<ul>\n<li>la <strong>densification urbaine<\/strong>,<\/li>\n<li>la <strong>cr\u00e9ation d\u2019espaces modernes<\/strong>,<\/li>\n<li>la <strong>cohabitation logement\u2013bureaux\u2013commerces\u2013services<\/strong>,<\/li>\n<li>et la construction, sur le Triangle de Lavage, d\u2019un <strong>H\u00f4tel de Police moderne accompagn\u00e9 d\u2019un immeuble R+11<\/strong>.<\/li>\n<\/ul>\n<h3><strong>Le bail-partage : un m\u00e9canisme novateur pour s\u00e9curiser les populations<\/strong><\/h3>\n<p>Mme Camara a longuement insist\u00e9 sur le <strong>bail-partage<\/strong>, un dispositif qui associe propri\u00e9taires fonciers, promoteurs et \u00c9tat, permettant aux r\u00e9sidents de devenir co-producteurs du projet et de s\u00e9curiser leur patrimoine.<br \/>\nElle a annonc\u00e9 l\u2019ouverture prochaine d\u2019un <strong>dialogue participatif<\/strong> avec les populations de Kaloum et de Conakry.<\/p>\n<h3><strong>Un projet align\u00e9 avec les 45 recommandations nationales<\/strong><\/h3>\n<p><img loading=\"lazy\" decoding=\"async\" class=\"alignnone size-full wp-image-6369\" src=\"https:\/\/ledenonciateur224.com\/wp-content\/uploads\/2025\/12\/fb-img-1765266312968.jpg\" alt=\"\" width=\"1280\" height=\"961\" srcset=\"https:\/\/ledenonciateur224.com\/wp-content\/uploads\/2025\/12\/fb-img-1765266312968.jpg 1280w, https:\/\/ledenonciateur224.com\/wp-content\/uploads\/2025\/12\/fb-img-1765266312968-300x225.jpg 300w, https:\/\/ledenonciateur224.com\/wp-content\/uploads\/2025\/12\/fb-img-1765266312968-1024x769.jpg 1024w, https:\/\/ledenonciateur224.com\/wp-content\/uploads\/2025\/12\/fb-img-1765266312968-768x577.jpg 768w, https:\/\/ledenonciateur224.com\/wp-content\/uploads\/2025\/12\/fb-img-1765266312968-150x113.jpg 150w, https:\/\/ledenonciateur224.com\/wp-content\/uploads\/2025\/12\/fb-img-1765266312968-696x523.jpg 696w, https:\/\/ledenonciateur224.com\/wp-content\/uploads\/2025\/12\/fb-img-1765266312968-1068x802.jpg 1068w, https:\/\/ledenonciateur224.com\/wp-content\/uploads\/2025\/12\/fb-img-1765266312968-559x420.jpg 559w, https:\/\/ledenonciateur224.com\/wp-content\/uploads\/2025\/12\/fb-img-1765266312968-80x60.jpg 80w, https:\/\/ledenonciateur224.com\/wp-content\/uploads\/2025\/12\/fb-img-1765266312968-265x198.jpg 265w\" sizes=\"auto, (max-width: 1280px) 100vw, 1280px\" \/><\/p>\n<p>Le ministre <strong>Mory Cond\u00e9<\/strong> a rappel\u00e9 que cette initiative r\u00e9pond aux <strong>45 recommandations<\/strong> issues des journ\u00e9es de concertation initi\u00e9es par le pr\u00e9sident <strong>Mamadi Doumbouya<\/strong>, notamment l\u2019am\u00e9lioration des conditions de vie des fonctionnaires et des forces de d\u00e9fense et de s\u00e9curit\u00e9.<\/p>\n<p>Il a cit\u00e9 les lancements d\u00e9j\u00e0 r\u00e9alis\u00e9s dans plusieurs villes (N\u2019Z\u00e9r\u00e9kor\u00e9, Gu\u00e9ck\u00e9dou, Faranah, Kankan) et annonc\u00e9 de prochaines poses de premi\u00e8re pierre \u00e0 Lab\u00e9, Bok\u00e9, Kindia, Coyah et For\u00e9cariah.<\/p>\n<h3><strong>Vers une Conakry \u00ab m\u00e9connaissable \u00bb d\u2019ici 16 \u00e0 18 mois<\/strong><\/h3>\n<p>Dans son adresse, le Premier ministre a salu\u00e9 la r\u00e9silience des victimes du drame du d\u00e9p\u00f4t de carburant, qui ont exprim\u00e9 leur reconnaissance envers l\u2019\u00c9tat.<br \/>\nIl a r\u00e9affirm\u00e9 sa vision :<\/p>\n<p><em>\u00ab Une Conakry totalement moderne d\u2019ici 16 \u00e0 18 mois. \u00bb<\/em><\/p>\n<p>Il a \u00e9galement rassur\u00e9 les habitants de Kaloum sur le m\u00e9canisme du bail-partage, d\u00e9clarant :<\/p>\n<p><em>\u00ab Vous \u00eates assis sur de l\u2019or\u2026 Vous prot\u00e9gez votre patrimoine et celui de vos h\u00e9ritiers. \u00bb<\/em><\/p>\n<p>Il a conclu en rappelant que <strong>le logement est un droit constitutionnel<\/strong>, exhortant les acteurs \u00e0 travailler avec rigueur.<\/p>\n<h3><strong>Une dynamique nationale en marche<\/strong><\/h3>\n<p>Ce lancement marque l\u2019ouverture d\u2019un nouveau chapitre de d\u00e9veloppement urbain, qui se poursuivra avec la construction imminente de la <strong>grande cit\u00e9 administrative de Coronthie<\/strong>, financ\u00e9e notamment gr\u00e2ce \u00e0 une facilit\u00e9 du FMI.<\/p>\n<p>AMC<\/p>\n","protected":false},"excerpt":{"rendered":"<p>Le minist\u00e8re de l\u2019Urbanisme, de l\u2019Habitat et de l\u2019Am\u00e9nagement du Territoire, \u00e0 travers l\u2019Agence Nationale de R\u00e9novation Urbaine (ANRU), a proc\u00e9d\u00e9 ce lundi au lancement des travaux de construction de la Cit\u00e9 des Fonctionnaires et du Triangle de Lavage dans le quartier Coronthie, au c\u0153ur de la commune de Kaloum. Cette initiative, soutenue par le [&hellip;]<\/p>\n","protected":false},"author":2,"featured_media":6368,"comment_status":"closed","ping_status":"closed","sticky":false,"template":"","format":"standard","meta":{"_jetpack_memberships_contains_paid_content":false,"footnotes":"","jetpack_publicize_message":"","jetpack_publicize_feature_enabled":true,"jetpack_social_post_already_shared":true,"jetpack_social_options":{"image_generator_settings":{"template":"highway","default_image_id":0,"font":"","enabled":false},"version":2}},"categories":[30,24],"tags":[1371],"class_list":{"0":"post-6367","1":"post","2":"type-post","3":"status-publish","4":"format-standard","5":"has-post-thumbnail","7":"category-faits-divers","8":"category-news","9":"tag-urbanisme"},"jetpack_publicize_connections":[],"jetpack_featured_media_url":"https:\/\/ledenonciateur224.com\/wp-content\/uploads\/2025\/12\/fb-img-1765266328862.jpg","jetpack_sharing_enabled":true,"_links":{"self":[{"href":"https:\/\/ledenonciateur224.com\/index.php\/wp-json\/wp\/v2\/posts\/6367","targetHints":{"allow":["GET"]}}],"collection":[{"href":"https:\/\/ledenonciateur224.com\/index.php\/wp-json\/wp\/v2\/posts"}],"about":[{"href":"https:\/\/ledenonciateur224.com\/index.php\/wp-json\/wp\/v2\/types\/post"}],"author":[{"embeddable":true,"href":"https:\/\/ledenonciateur224.com\/index.php\/wp-json\/wp\/v2\/users\/2"}],"replies":[{"embeddable":true,"href":"https:\/\/ledenonciateur224.com\/index.php\/wp-json\/wp\/v2\/comments?post=6367"}],"version-history":[{"count":1,"href":"https:\/\/ledenonciateur224.com\/index.php\/wp-json\/wp\/v2\/posts\/6367\/revisions"}],"predecessor-version":[{"id":6370,"href":"https:\/\/ledenonciateur224.com\/index.php\/wp-json\/wp\/v2\/posts\/6367\/revisions\/6370"}],"wp:featuredmedia":[{"embeddable":true,"href":"https:\/\/ledenonciateur224.com\/index.php\/wp-json\/wp\/v2\/media\/6368"}],"wp:attachment":[{"href":"https:\/\/ledenonciateur224.com\/index.php\/wp-json\/wp\/v2\/media?parent=6367"}],"wp:term":[{"taxonomy":"category","embeddable":true,"href":"https:\/\/ledenonciateur224.com\/index.php\/wp-json\/wp\/v2\/categories?post=6367"},{"taxonomy":"post_tag","embeddable":true,"href":"https:\/\/ledenonciateur224.com\/index.php\/wp-json\/wp\/v2\/tags?post=6367"}],"curies":[{"name":"wp","href":"https:\/\/api.w.org\/{rel}","templated":true}]}}