{"id":6371,"date":"2025-12-09T08:19:06","date_gmt":"2025-12-09T08:19:06","guid":{"rendered":"https:\/\/ledenonciateur224.com\/?p=6371"},"modified":"2025-12-09T08:19:06","modified_gmt":"2025-12-09T08:19:06","slug":"vague-de-violences-dans-les-ecoles-le-mepu-a-tire-la-sonnette-dalarme","status":"publish","type":"post","link":"https:\/\/ledenonciateur224.com\/index.php\/vague-de-violences-dans-les-ecoles-le-mepu-a-tire-la-sonnette-dalarme\/","title":{"rendered":"Vague de violences dans les \u00e9coles : le MEPU-A tire la sonnette d\u2019alarme"},"content":{"rendered":"<p><span style=\"color: #111111;font-family: Roboto, sans-serif;font-size: 27px\">Le Minist\u00e8re de l\u2019Enseignement Pr\u00e9-Universitaire et de l\u2019Alphab\u00e9tisation (MEPU-A) a exprim\u00e9 ce lundi 8 d\u00e9cembre 2025 sa <\/span><strong style=\"color: #111111;font-family: Roboto, sans-serif;font-size: 27px\">vive pr\u00e9occupation<\/strong><span style=\"color: #111111;font-family: Roboto, sans-serif;font-size: 27px\"> apr\u00e8s une s\u00e9rie d\u2019incidents violents survenus dans plusieurs \u00e9tablissements scolaires du pays.<\/span><\/p>\n<h2>Selon un communiqu\u00e9 officiel, des <strong>groupes d\u2019individus non identifi\u00e9s<\/strong> ont pris pour cible des \u00e9coles, lan\u00e7ant des pierres sur les toitures des b\u00e2timents, cr\u00e9ant un climat de panique parmi les \u00e9l\u00e8ves et perturbant gravement le d\u00e9roulement des cours.<\/h2>\n<h3><strong>Des bless\u00e9s et une communaut\u00e9 \u00e9ducative sous le choc<\/strong><\/h3>\n<p>Ces actes, qualifi\u00e9s de \u00ab profond\u00e9ment regrettables \u00bb, ont fait <strong>plusieurs dizaines de bless\u00e9s<\/strong>, provoquant une \u00e9motion palpable et un sentiment d\u2019inqui\u00e9tude dans les familles et au sein du personnel \u00e9ducatif.<br \/>\nLe minist\u00e8re d\u00e9nonce \u00ab <strong>avec fermet\u00e9<\/strong> \u00bb ces comportements jug\u00e9s dangereux et irresponsables, qu\u2019il estime destin\u00e9s \u00e0 <strong>troubler la qui\u00e9tude<\/strong> et \u00e0 compromettre le bon fonctionnement des activit\u00e9s p\u00e9dagogiques.<\/p>\n<h3><strong>Des poursuites annonc\u00e9es contre les auteurs<\/strong><\/h3>\n<p>Le MEPU-A rappelle que ces actes de violence, quel qu\u2019en soit le mobile, exposent leurs auteurs \u00e0 des <strong>sanctions civiles et p\u00e9nales<\/strong>.<br \/>\nLe Minist\u00e8re insiste :<\/p>\n<ul>\n<li>La violence ne constitue <strong>en aucun cas<\/strong> un moyen d\u2019expression l\u00e9gitime dans le milieu scolaire.<\/li>\n<li>Le dialogue, le civisme et le respect doivent rester les <strong>fondements<\/strong> de toute communaut\u00e9 \u00e9ducative.<\/li>\n<\/ul>\n<h3><strong>Un appel \u00e0 la vigilance collective<\/strong><\/h3>\n<p>R\u00e9affirmant son engagement pour la <strong>protection des \u00e9l\u00e8ves<\/strong>, le MEPU-A assure qu&rsquo;il soutiendra toutes les initiatives visant \u00e0 maintenir un climat apais\u00e9 et propice \u00e0 l\u2019apprentissage.<br \/>\nIl appelle l\u2019ensemble des acteurs \u2014 parents, \u00e9ducateurs, autorit\u00e9s locales, organisations partenaires \u2014 \u00e0 <strong>redoubler de vigilance<\/strong> afin de garantir la s\u00e9curit\u00e9 des enfants et la stabilit\u00e9 du syst\u00e8me \u00e9ducatif, d\u00e9j\u00e0 \u00e9prouv\u00e9 par de multiples d\u00e9fis.<\/p>\n<p>&nbsp;<\/p>\n<h1>Ledenonciateur224.com<\/h1>\n","protected":false},"excerpt":{"rendered":"<p>Le Minist\u00e8re de l\u2019Enseignement Pr\u00e9-Universitaire et de l\u2019Alphab\u00e9tisation (MEPU-A) a exprim\u00e9 ce lundi 8 d\u00e9cembre 2025 sa vive pr\u00e9occupation apr\u00e8s une s\u00e9rie d\u2019incidents violents survenus dans plusieurs \u00e9tablissements scolaires du pays. Selon un communiqu\u00e9 officiel, des groupes d\u2019individus non identifi\u00e9s ont pris pour cible des \u00e9coles, lan\u00e7ant des pierres sur les toitures des b\u00e2timents, cr\u00e9ant [&hellip;]<\/p>\n","protected":false},"author":2,"featured_media":6372,"comment_status":"closed","ping_status":"closed","sticky":false,"template":"","format":"standard","meta":{"_jetpack_memberships_contains_paid_content":false,"footnotes":"","jetpack_publicize_message":"","jetpack_publicize_feature_enabled":true,"jetpack_social_post_already_shared":true,"jetpack_social_options":{"image_generator_settings":{"template":"highway","default_image_id":0,"font":"","enabled":false},"version":2}},"categories":[30,24],"tags":[1203,814],"class_list":{"0":"post-6371","1":"post","2":"type-post","3":"status-publish","4":"format-standard","5":"has-post-thumbnail","7":"category-faits-divers","8":"category-news","9":"tag-enseignement","10":"tag-greve-en-guinee"},"jetpack_publicize_connections":[],"jetpack_featured_media_url":"https:\/\/ledenonciateur224.com\/wp-content\/uploads\/2025\/12\/jean-paul-cedy-mepu-a.jpg","jetpack_sharing_enabled":true,"_links":{"self":[{"href":"https:\/\/ledenonciateur224.com\/index.php\/wp-json\/wp\/v2\/posts\/6371","targetHints":{"allow":["GET"]}}],"collection":[{"href":"https:\/\/ledenonciateur224.com\/index.php\/wp-json\/wp\/v2\/posts"}],"about":[{"href":"https:\/\/ledenonciateur224.com\/index.php\/wp-json\/wp\/v2\/types\/post"}],"author":[{"embeddable":true,"href":"https:\/\/ledenonciateur224.com\/index.php\/wp-json\/wp\/v2\/users\/2"}],"replies":[{"embeddable":true,"href":"https:\/\/ledenonciateur224.com\/index.php\/wp-json\/wp\/v2\/comments?post=6371"}],"version-history":[{"count":1,"href":"https:\/\/ledenonciateur224.com\/index.php\/wp-json\/wp\/v2\/posts\/6371\/revisions"}],"predecessor-version":[{"id":6373,"href":"https:\/\/ledenonciateur224.com\/index.php\/wp-json\/wp\/v2\/posts\/6371\/revisions\/6373"}],"wp:featuredmedia":[{"embeddable":true,"href":"https:\/\/ledenonciateur224.com\/index.php\/wp-json\/wp\/v2\/media\/6372"}],"wp:attachment":[{"href":"https:\/\/ledenonciateur224.com\/index.php\/wp-json\/wp\/v2\/media?parent=6371"}],"wp:term":[{"taxonomy":"category","embeddable":true,"href":"https:\/\/ledenonciateur224.com\/index.php\/wp-json\/wp\/v2\/categories?post=6371"},{"taxonomy":"post_tag","embeddable":true,"href":"https:\/\/ledenonciateur224.com\/index.php\/wp-json\/wp\/v2\/tags?post=6371"}],"curies":[{"name":"wp","href":"https:\/\/api.w.org\/{rel}","templated":true}]}}