{"id":6384,"date":"2025-12-09T17:55:34","date_gmt":"2025-12-09T17:55:34","guid":{"rendered":"https:\/\/ledenonciateur224.com\/?p=6384"},"modified":"2025-12-09T17:55:34","modified_gmt":"2025-12-09T17:55:34","slug":"greve-et-violences-une-eleve-decede-sous-la-panique-a-conakry","status":"publish","type":"post","link":"https:\/\/ledenonciateur224.com\/index.php\/greve-et-violences-une-eleve-decede-sous-la-panique-a-conakry\/","title":{"rendered":"Gr\u00e8ve et violences : une \u00e9l\u00e8ve d\u00e9c\u00e8de sous la panique \u00e0 Conakry"},"content":{"rendered":"<p><span style=\"color: #111111;font-family: Roboto, sans-serif;font-size: 27px\">La tension qui accompagne le mot d\u2019ordre de gr\u00e8ve lanc\u00e9 par une frange des centrales syndicales de l\u2019\u00e9ducation a vir\u00e9 au drame ce mardi matin. Des sc\u00e8nes de violences, d\u00e9j\u00e0 \u00e0 l\u2019origine de bless\u00e9s et de d\u00e9g\u00e2ts mat\u00e9riels dans plusieurs \u00e9tablissements, ont co\u00fbt\u00e9 la vie \u00e0 <\/span><strong style=\"color: #111111;font-family: Roboto, sans-serif;font-size: 27px\">Kadiatou Soumah<\/strong><span style=\"color: #111111;font-family: Roboto, sans-serif;font-size: 27px\">, \u00e9l\u00e8ve de 10\u1d49 ann\u00e9e au groupe scolaire <\/span><em style=\"color: #111111;font-family: Roboto, sans-serif;font-size: 27px\">La Haute Mar\u00e9e 2<\/em><span style=\"color: #111111;font-family: Roboto, sans-serif;font-size: 27px\">, en haute banlieue de Conakry.<\/span><\/p>\n<h3><strong>Un mouvement de foule qui tourne au chaos<\/strong><\/h3>\n<p>Selon le directeur des \u00e9tudes de l\u2019\u00e9tablissement, l\u2019incident s\u2019est produit alors que les \u00e9l\u00e8ves \u00e9taient en plein cours. Des individus arm\u00e9s de pierres auraient vis\u00e9 l\u2019\u00e9cole, d\u00e9clenchant un vent de panique dans les salles de classe.<\/p>\n<p>Encore sous le choc, le directeur des \u00e9tudes du coll\u00e8ge C\u00e9c\u00e9 Loua d\u00e9crit difficilement la sc\u00e8ne :<\/p>\n<p><em>\u00ab Ce matin tout allait bien. Je suis m\u00eame all\u00e9 dans leur classe, je me suis amus\u00e9 avec elle. Je l\u2019ai taquin\u00e9e : \u201cKadidja, toi tu manges trop.\u201d On a rigol\u00e9. Puis je suis descendu au bureau\u2026 \u00bb<\/em><\/p>\n<p>Peu apr\u00e8s 9h, des informations lui parviennent : des jeunes manifestants saccagent des \u00e9coles \u00e0 Taouyah, dans la commune de Ratoma. Par pr\u00e9caution, il demande l\u2019\u00e9vacuation des enfants du primaire avant d\u2019aller v\u00e9rifier la situation au coll\u00e8ge.<\/p>\n<h3><strong>La panique s\u2019empare des \u00e9l\u00e8ves<\/strong><\/h3>\n<p>Alors que les coll\u00e9giens commencent \u00e0 quitter les classes, un groupe d\u2019\u00e9l\u00e8ves aper\u00e7oit, depuis une fen\u00eatre, des jeunes descendre vers l\u2019\u00e9cole en jetant des pierres.<br \/>\nC\u2019est \u00e0 ce moment que Kadiatou, prise de frayeur, pousse un cri :<\/p>\n<p><em>\u00ab Eh, c\u2019est la mort ! \u00bb<\/em><\/p>\n<p>Dans la bousculade qui suit, elle s\u2019effondre entre les bancs.<\/p>\n<p><em>\u00ab On m\u2019a dit : \u201cKadidja est tomb\u00e9e.\u201d J\u2019ai cru \u00e0 une crise. J\u2019ai demand\u00e9 si elle en faisait habituellement, mais non\u2026 L\u2019autre fille qui \u00e9tait avec elle, Mariame, s\u2019est remise apr\u00e8s quelques massages, mais Kadidja, malgr\u00e9 tous nos efforts, ne revenait pas \u00bb,<\/em> raconte le directeur, la voix nou\u00e9e.<\/p>\n<p>Les enseignants tentent aussit\u00f4t des massages cardiaques, sans succ\u00e8s. Transport\u00e9e d\u2019urgence \u00e0 l\u2019h\u00f4pital, la jeune fille est d\u00e9clar\u00e9e morte par les m\u00e9decins.<\/p>\n<p><em>\u00ab Le docteur m\u2019a appel\u00e9 : \u201cMonsieur, vous avez perdu votre \u00e9l\u00e8ve.\u201d Je n\u2019ai pas cru\u2026 Je ne crois toujours pas \u00bb,<\/em> confie-t-il en larmes.<\/p>\n<h3><strong>Une famille et une communaut\u00e9 plong\u00e9es dans le deuil<\/strong><\/h3>\n<p>\u00c0 la maison mortuaire, c\u2019est la consternation. Les proches de la victime, inconsolables, peinent \u00e0 accepter la brutalit\u00e9 de cette disparition survenue dans un contexte de peur et de violences qui n\u2019avaient, jusque-l\u00e0, fait que des bless\u00e9s.<\/p>\n<p>Kadiatou Soumah \u00e9tait une \u00e9l\u00e8ve assidue, connue pour sa douceur et son s\u00e9rieux. Sa mort relance la question de la s\u00e9curit\u00e9 dans les \u00e9tablissements scolaires et de la protection des \u00e9l\u00e8ves en p\u00e9riode de tension sociale.<\/p>\n<p>&nbsp;<\/p>\n<p>Amine AC<\/p>\n","protected":false},"excerpt":{"rendered":"<p>La tension qui accompagne le mot d\u2019ordre de gr\u00e8ve lanc\u00e9 par une frange des centrales syndicales de l\u2019\u00e9ducation a vir\u00e9 au drame ce mardi matin. Des sc\u00e8nes de violences, d\u00e9j\u00e0 \u00e0 l\u2019origine de bless\u00e9s et de d\u00e9g\u00e2ts mat\u00e9riels dans plusieurs \u00e9tablissements, ont co\u00fbt\u00e9 la vie \u00e0 Kadiatou Soumah, \u00e9l\u00e8ve de 10\u1d49 ann\u00e9e au groupe scolaire [&hellip;]<\/p>\n","protected":false},"author":2,"featured_media":6385,"comment_status":"closed","ping_status":"closed","sticky":false,"template":"","format":"standard","meta":{"_jetpack_memberships_contains_paid_content":false,"footnotes":"","jetpack_publicize_message":"","jetpack_publicize_feature_enabled":true,"jetpack_social_post_already_shared":true,"jetpack_social_options":{"image_generator_settings":{"template":"highway","default_image_id":0,"font":"","enabled":false},"version":2}},"categories":[30,31,24],"tags":[1373,1372],"class_list":{"0":"post-6384","1":"post","2":"type-post","3":"status-publish","4":"format-standard","5":"has-post-thumbnail","7":"category-faits-divers","8":"category-interview","9":"category-news","10":"tag-drame-ecoles","11":"tag-greve-generale"},"jetpack_publicize_connections":[],"jetpack_featured_media_url":"https:\/\/ledenonciateur224.com\/wp-content\/uploads\/2025\/12\/img-20251209-wa0174.jpg","jetpack_sharing_enabled":true,"_links":{"self":[{"href":"https:\/\/ledenonciateur224.com\/index.php\/wp-json\/wp\/v2\/posts\/6384","targetHints":{"allow":["GET"]}}],"collection":[{"href":"https:\/\/ledenonciateur224.com\/index.php\/wp-json\/wp\/v2\/posts"}],"about":[{"href":"https:\/\/ledenonciateur224.com\/index.php\/wp-json\/wp\/v2\/types\/post"}],"author":[{"embeddable":true,"href":"https:\/\/ledenonciateur224.com\/index.php\/wp-json\/wp\/v2\/users\/2"}],"replies":[{"embeddable":true,"href":"https:\/\/ledenonciateur224.com\/index.php\/wp-json\/wp\/v2\/comments?post=6384"}],"version-history":[{"count":1,"href":"https:\/\/ledenonciateur224.com\/index.php\/wp-json\/wp\/v2\/posts\/6384\/revisions"}],"predecessor-version":[{"id":6386,"href":"https:\/\/ledenonciateur224.com\/index.php\/wp-json\/wp\/v2\/posts\/6384\/revisions\/6386"}],"wp:featuredmedia":[{"embeddable":true,"href":"https:\/\/ledenonciateur224.com\/index.php\/wp-json\/wp\/v2\/media\/6385"}],"wp:attachment":[{"href":"https:\/\/ledenonciateur224.com\/index.php\/wp-json\/wp\/v2\/media?parent=6384"}],"wp:term":[{"taxonomy":"category","embeddable":true,"href":"https:\/\/ledenonciateur224.com\/index.php\/wp-json\/wp\/v2\/categories?post=6384"},{"taxonomy":"post_tag","embeddable":true,"href":"https:\/\/ledenonciateur224.com\/index.php\/wp-json\/wp\/v2\/tags?post=6384"}],"curies":[{"name":"wp","href":"https:\/\/api.w.org\/{rel}","templated":true}]}}