{"id":6388,"date":"2025-12-09T21:18:14","date_gmt":"2025-12-09T21:18:14","guid":{"rendered":"https:\/\/ledenonciateur224.com\/?p=6388"},"modified":"2025-12-09T21:20:20","modified_gmt":"2025-12-09T21:20:20","slug":"conakry-interdiction-formelle-dacces-des-mineurs-aux-lieux-de-loisirs-communique-officiel","status":"publish","type":"post","link":"https:\/\/ledenonciateur224.com\/index.php\/conakry-interdiction-formelle-dacces-des-mineurs-aux-lieux-de-loisirs-communique-officiel\/","title":{"rendered":"Conakry : interdiction formelle d\u2019acc\u00e8s des mineurs aux lieux de loisirs (Communiqu\u00e9 officiel)"},"content":{"rendered":"<p>Le Parquet sp\u00e9cial du Tribunal pour Enfants de Conakry a publi\u00e9 ce mardi un communiqu\u00e9 rappelant, avec force et solennit\u00e9, l\u2019interdiction absolue faite aux mineurs de moins de 18 ans d\u2019acc\u00e9der \u00e0 certains lieux de loisirs dans la capitale.<br \/>\nCette mesure concerne sp\u00e9cifiquement les\u00a0<strong>bars, bo\u00eetes de nuit, h\u00f4tels, maisons closes, plages, salles de spectacles<\/strong>, ainsi que tout autre espace assimil\u00e9.<\/p>\n<h3><strong>Une interdiction fond\u00e9e sur le Code de l\u2019Enfant<\/strong><\/h3>\n<p>Le Parquet pr\u00e9cise que cette d\u00e9cision s\u2019appuie strictement sur les articles\u00a0<strong>790, 791, 792, 793 et 794 du Code de l\u2019Enfant<\/strong>, qui prot\u00e8gent les mineurs contre les environnements susceptibles de porter atteinte \u00e0 leur s\u00e9curit\u00e9, leur moralit\u00e9 ou leur d\u00e9veloppement.<\/p>\n<h3><strong>Les parents et tuteurs rappel\u00e9s \u00e0 leurs responsabilit\u00e9s<\/strong><\/h3>\n<p>Le communiqu\u00e9 insiste \u00e9galement sur les obligations l\u00e9gales des parents, tuteurs et d\u00e9tenteurs de l\u2019autorit\u00e9 parentale.<br \/>\nIl leur est rappel\u00e9 qu\u2019ils doivent veiller \u00e0 ce que les mineurs\u00a0<strong>ne circulent pas seuls la nuit<\/strong>, et qu\u2019ils sont tenus d&rsquo;assurer leur\u00a0<strong>surveillance, protection et s\u00e9curit\u00e9<\/strong>\u00a0en toutes circonstances.<\/p>\n<h3><strong>Avertissement aux g\u00e9rants des \u00e9tablissements de loisirs<\/strong><\/h3>\n<p>Les propri\u00e9taires et exploitants des lieux concern\u00e9s sont exhort\u00e9s \u00e0 faire respecter,\u00a0<strong>sans aucune exception<\/strong>, les prescriptions du Code de l\u2019Enfant.<br \/>\nLe Parquet pr\u00e9vient qu\u2019il engagera\u00a0<strong>imm\u00e9diatement des poursuites judiciaires<\/strong>\u00a0contre tout contrevenant \u2014 qu\u2019il s\u2019agisse d\u2019une personne physique ou morale.<\/p>\n<h3><strong>Renforcement des contr\u00f4les<\/strong><\/h3>\n<p>Les officiers de police judiciaire et toutes les unit\u00e9s comp\u00e9tentes sont instruits de proc\u00e9der \u00e0 des\u00a0<strong>contr\u00f4les rigoureux<\/strong>\u00a0pour garantir l\u2019application stricte de cette interdiction, dans l\u2019int\u00e9r\u00eat sup\u00e9rieur des enfants et au nom de la pr\u00e9servation de l\u2019ordre public et de la moralit\u00e9.<\/p>\n<p>&nbsp;<\/p>\n<p>Aboubacar Moussa Camara<\/p>\n","protected":false},"excerpt":{"rendered":"<p>Le Parquet sp\u00e9cial du Tribunal pour Enfants de Conakry a publi\u00e9 ce mardi un communiqu\u00e9 rappelant, avec force et solennit\u00e9, l\u2019interdiction absolue faite aux mineurs de moins de 18 ans d\u2019acc\u00e9der \u00e0 certains lieux de loisirs dans la capitale. Cette mesure concerne sp\u00e9cifiquement les\u00a0bars, bo\u00eetes de nuit, h\u00f4tels, maisons closes, plages, salles de spectacles, ainsi [&hellip;]<\/p>\n","protected":false},"author":2,"featured_media":6389,"comment_status":"closed","ping_status":"closed","sticky":false,"template":"","format":"standard","meta":{"_jetpack_memberships_contains_paid_content":false,"footnotes":"","jetpack_publicize_message":"","jetpack_publicize_feature_enabled":true,"jetpack_social_post_already_shared":true,"jetpack_social_options":{"image_generator_settings":{"template":"highway","default_image_id":0,"font":"","enabled":false},"version":2}},"categories":[30,24],"tags":[1374],"class_list":{"0":"post-6388","1":"post","2":"type-post","3":"status-publish","4":"format-standard","5":"has-post-thumbnail","7":"category-faits-divers","8":"category-news","9":"tag-enfants-mineurs"},"jetpack_publicize_connections":[],"jetpack_featured_media_url":"https:\/\/ledenonciateur224.com\/wp-content\/uploads\/2025\/12\/fb-img-1765314738463.jpg","jetpack_sharing_enabled":true,"_links":{"self":[{"href":"https:\/\/ledenonciateur224.com\/index.php\/wp-json\/wp\/v2\/posts\/6388","targetHints":{"allow":["GET"]}}],"collection":[{"href":"https:\/\/ledenonciateur224.com\/index.php\/wp-json\/wp\/v2\/posts"}],"about":[{"href":"https:\/\/ledenonciateur224.com\/index.php\/wp-json\/wp\/v2\/types\/post"}],"author":[{"embeddable":true,"href":"https:\/\/ledenonciateur224.com\/index.php\/wp-json\/wp\/v2\/users\/2"}],"replies":[{"embeddable":true,"href":"https:\/\/ledenonciateur224.com\/index.php\/wp-json\/wp\/v2\/comments?post=6388"}],"version-history":[{"count":1,"href":"https:\/\/ledenonciateur224.com\/index.php\/wp-json\/wp\/v2\/posts\/6388\/revisions"}],"predecessor-version":[{"id":6391,"href":"https:\/\/ledenonciateur224.com\/index.php\/wp-json\/wp\/v2\/posts\/6388\/revisions\/6391"}],"wp:featuredmedia":[{"embeddable":true,"href":"https:\/\/ledenonciateur224.com\/index.php\/wp-json\/wp\/v2\/media\/6389"}],"wp:attachment":[{"href":"https:\/\/ledenonciateur224.com\/index.php\/wp-json\/wp\/v2\/media?parent=6388"}],"wp:term":[{"taxonomy":"category","embeddable":true,"href":"https:\/\/ledenonciateur224.com\/index.php\/wp-json\/wp\/v2\/categories?post=6388"},{"taxonomy":"post_tag","embeddable":true,"href":"https:\/\/ledenonciateur224.com\/index.php\/wp-json\/wp\/v2\/tags?post=6388"}],"curies":[{"name":"wp","href":"https:\/\/api.w.org\/{rel}","templated":true}]}}