{"id":639,"date":"2024-12-26T10:50:20","date_gmt":"2024-12-26T10:50:20","guid":{"rendered":"https:\/\/ledenonciateur224.com\/?p=639"},"modified":"2024-12-26T10:50:20","modified_gmt":"2024-12-26T10:50:20","slug":"can-2025-mauvaise-nouvelle-pour-la-guinee","status":"publish","type":"post","link":"https:\/\/ledenonciateur224.com\/index.php\/can-2025-mauvaise-nouvelle-pour-la-guinee\/","title":{"rendered":"CAN 2025 : mauvaise nouvelle pour la Guin\u00e9e\u00a0"},"content":{"rendered":"<p>&nbsp;<\/p>\n<p>La Commission disciplinaire de la Conf\u00e9d\u00e9ration Africaine de Football (CAF) a jug\u00e9 infond\u00e9e la plainte d\u00e9pos\u00e9e, mettant fin \u00e0 l\u2019affaire li\u00e9e \u00e0 la CAN 2025.<\/p>\n<p>Dans une d\u00e9cision importante, le Jury disciplinaire de la CAF a rejet\u00e9 la plainte d\u00e9pos\u00e9e concernant la CAN 2025, la jugeant mal fond\u00e9e. Cette d\u00e9cision, annonc\u00e9e officiellement par la CAF, met un terme aux sp\u00e9culations et aux d\u00e9bats autour de ce dossier.<\/p>\n<p>\u00ab\u00a0La F\u00e9d\u00e9ration Guin\u00e9enne de Football informe le public et les supporters du Syli National que le Jury Disciplinaire de la CAF lui a notifi\u00e9 le dispositif de la d\u00e9cision DC23192, relative \u00e0 sa r\u00e9clamation lors du match 143 Tanzanie-Guin\u00e9e, jou\u00e9 le 19 novembre 2024 \u00e0 Dar-es-Salam, dans le cadre de la sixi\u00e8me journ\u00e9e des \u00e9liminatoires de la CAN TotalEnergies Maroc 2025.<\/p>\n<p>Dans ledit dispositif, le Jury Disciplinaire indique avoir statu\u00e9 le 19 d\u00e9cembre 2024 dans la composition suivante :<\/p>\n<ul>\n<li>Ousmane Kane (S\u00e9n\u00e9gal) Pr\u00e9sident<\/li>\n<li>Felix Golbassia Felix (Tchad) Membre<\/li>\n<li>Issaka Douma (Niger) Membre<\/li>\n<\/ul>\n<p><strong>D\u00c9CISION<\/strong><\/p>\n<p>Le Jury Disciplinaire de la CAF :<\/p>\n<p><strong>1.<\/strong>Dit que la r\u00e9serve d\u00e9pos\u00e9e par la F\u00e9d\u00e9ration Guin\u00e9enne de Football lors du\u00a0match No.143 Tanzanie vs. Guin\u00e9e est recevable en la forme.<\/p>\n<p><strong>2.<\/strong>Au fond, la rejette comme mal fond\u00e9e.<\/p>\n<p>Conform\u00e9ment aux dispositions des articles 54, 55, 56, 57 et 58 du Code Disciplinaire de la CAF, la F\u00e9d\u00e9ration Guin\u00e9enne de Football a saisi le Jury Disciplinaire pour obtenir les motivations d\u00e9taill\u00e9es de la d\u00e9cision comme indiqu\u00e9 dans la note relative au dispositif et d\u00e9cide d\u2019interjeter appel dans les formes et proc\u00e9dures prescrites par le Code.\u00a0\u00bb<\/p>\n<p>&nbsp;<\/p>\n<p>&nbsp;<\/p>\n<p><strong>La F\u00e9d\u00e9ration Guin\u00e9enne de Football<\/strong><\/p>\n<div dir=\"auto\">\n<div><i><\/i><\/div>\n<\/div>\n","protected":false},"excerpt":{"rendered":"<p>&nbsp; La Commission disciplinaire de la Conf\u00e9d\u00e9ration Africaine de Football (CAF) a jug\u00e9 infond\u00e9e la plainte d\u00e9pos\u00e9e, mettant fin \u00e0 l\u2019affaire li\u00e9e \u00e0 la CAN 2025. Dans une d\u00e9cision importante, le Jury disciplinaire de la CAF a rejet\u00e9 la plainte d\u00e9pos\u00e9e concernant la CAN 2025, la jugeant mal fond\u00e9e. Cette d\u00e9cision, annonc\u00e9e officiellement par la [&hellip;]<\/p>\n","protected":false},"author":2,"featured_media":640,"comment_status":"open","ping_status":"open","sticky":false,"template":"","format":"standard","meta":{"_jetpack_memberships_contains_paid_content":false,"footnotes":"","jetpack_publicize_message":"","jetpack_publicize_feature_enabled":true,"jetpack_social_post_already_shared":false,"jetpack_social_options":{"image_generator_settings":{"template":"highway","default_image_id":0,"font":"","enabled":false},"version":2}},"categories":[24,34],"tags":[116,36,35,137],"class_list":{"0":"post-639","1":"post","2":"type-post","3":"status-publish","4":"format-standard","5":"has-post-thumbnail","7":"category-news","8":"category-sport","9":"tag-caf","10":"tag-conakry","11":"tag-guinee","12":"tag-sily-national"},"jetpack_publicize_connections":[],"jetpack_featured_media_url":"https:\/\/ledenonciateur224.com\/wp-content\/uploads\/2024\/12\/serhou-guirassy.jpg","jetpack_sharing_enabled":true,"_links":{"self":[{"href":"https:\/\/ledenonciateur224.com\/index.php\/wp-json\/wp\/v2\/posts\/639","targetHints":{"allow":["GET"]}}],"collection":[{"href":"https:\/\/ledenonciateur224.com\/index.php\/wp-json\/wp\/v2\/posts"}],"about":[{"href":"https:\/\/ledenonciateur224.com\/index.php\/wp-json\/wp\/v2\/types\/post"}],"author":[{"embeddable":true,"href":"https:\/\/ledenonciateur224.com\/index.php\/wp-json\/wp\/v2\/users\/2"}],"replies":[{"embeddable":true,"href":"https:\/\/ledenonciateur224.com\/index.php\/wp-json\/wp\/v2\/comments?post=639"}],"version-history":[{"count":0,"href":"https:\/\/ledenonciateur224.com\/index.php\/wp-json\/wp\/v2\/posts\/639\/revisions"}],"wp:featuredmedia":[{"embeddable":true,"href":"https:\/\/ledenonciateur224.com\/index.php\/wp-json\/wp\/v2\/media\/640"}],"wp:attachment":[{"href":"https:\/\/ledenonciateur224.com\/index.php\/wp-json\/wp\/v2\/media?parent=639"}],"wp:term":[{"taxonomy":"category","embeddable":true,"href":"https:\/\/ledenonciateur224.com\/index.php\/wp-json\/wp\/v2\/categories?post=639"},{"taxonomy":"post_tag","embeddable":true,"href":"https:\/\/ledenonciateur224.com\/index.php\/wp-json\/wp\/v2\/tags?post=639"}],"curies":[{"name":"wp","href":"https:\/\/api.w.org\/{rel}","templated":true}]}}