{"id":6403,"date":"2025-12-10T08:36:23","date_gmt":"2025-12-10T08:36:23","guid":{"rendered":"https:\/\/ledenonciateur224.com\/?p=6403"},"modified":"2025-12-10T08:36:23","modified_gmt":"2025-12-10T08:36:23","slug":"crise-dans-leducation-le-gouvernement-tente-une-mediation-decisive-pour-eviter-limpasse","status":"publish","type":"post","link":"https:\/\/ledenonciateur224.com\/index.php\/crise-dans-leducation-le-gouvernement-tente-une-mediation-decisive-pour-eviter-limpasse\/","title":{"rendered":"Crise dans l\u2019\u00c9ducation : Le gouvernement tente une m\u00e9diation d\u00e9cisive pour \u00e9viter l\u2019impasse"},"content":{"rendered":"<p>Le gouvernement semble enfin prendre la pleine mesure des cons\u00e9quences lourdes et pr\u00e9occupantes de la crise qui secoue actuellement le secteur de l\u2019\u00e9ducation, marqu\u00e9e ces derniers jours par des sc\u00e8nes de violences inqui\u00e9tantes. Face \u00e0 l\u2019escalade, une d\u00e9marche de m\u00e9diation a \u00e9t\u00e9 engag\u00e9e ce matin sous la conduite du ministre de la Fonction publique, Faya Fran\u00e7ois Bourouno, accompagn\u00e9 des deux secr\u00e9taires g\u00e9n\u00e9raux de la CNTG et de l\u2019USTG.<\/p>\n<p>Autour de la table :<\/p>\n<ul>\n<li><strong>Le SLECG<\/strong>, repr\u00e9sent\u00e9 par Aboubacar Soumah et Kadiatou Bah ;<\/li>\n<li><strong>Le tandem FSPE\u2013SNE<\/strong>, conduit par Abdoul Gassim Barry, Michel P\u00e9p\u00e9 Balamou, Hadja Saran Fofana et Aboubacar Djesto Camara.<\/li>\n<\/ul>\n<p>L\u2019objectif premier du ministre Bourouno \u00e9tait clair :\u00a0<strong>r\u00e9concilier les factions rivales de l\u2019intersyndicale de l\u2019\u00e9ducation<\/strong>\u00a0et aplanir les divergences profondes qui paralysent le secteur. Selon nos informations, les protagonistes auraient accept\u00e9 de repartir sur de nouvelles bases.<\/p>\n<p>\u00c0 la suite des \u00e9changes, le ministre a demand\u00e9 \u00e0 la FSPE et au SNE de\u00a0<strong>suspendre leur mot d\u2019ordre de gr\u00e8ve<\/strong>, invitant les parties \u00e0 privil\u00e9gier le cadre du dialogue. Mais les repr\u00e9sentants syndicaux n\u2019ont pas manqu\u00e9 de rappeler plusieurs griefs.<\/p>\n<p>Ils ont d\u2019abord d\u00e9nonc\u00e9\u00a0<strong>le protocole d\u2019accord sign\u00e9 par le gouvernement avec une seule composante de l\u2019intersyndicale<\/strong>, jug\u00e9 comme un acte de m\u00e9pris envers les autres organisations. Ils ont ensuite exprim\u00e9 leur profond regret face au\u00a0<strong>manque de proactivit\u00e9 du minist\u00e8re de l\u2019Enseignement pr\u00e9-universitaire<\/strong>, accus\u00e9 de n\u2019avoir pas anticip\u00e9 la mont\u00e9e de la crise.<br \/>\nLes syndicalistes ont \u00e9galement fustig\u00e9\u00a0<strong>les intimidations ciblant les enseignants gr\u00e9vistes<\/strong>\u00a0et condamn\u00e9\u00a0<strong>l\u2019arrestation de certains \u00e9l\u00e8ves<\/strong>, qu\u2019ils estiment contraire \u00e0 tout esprit d\u2019apaisement.<\/p>\n<p>Concernant une possible suspension de la gr\u00e8ve, les repr\u00e9sentants du FSPE\u2013SNE ont \u00e9t\u00e9 fermes :\u00a0<strong>il ne leur appartient pas de d\u00e9cider seuls<\/strong>. Toute d\u00e9cision devra \u00eatre soumise \u00e0 leur base, r\u00e9unie en assembl\u00e9e g\u00e9n\u00e9rale, seule habilit\u00e9e \u00e0 trancher sur la poursuite ou l\u2019arr\u00eat du mouvement.<\/p>\n<p>Notre source souligne toutefois\u00a0<strong>la volont\u00e9 affich\u00e9e du gouvernement<\/strong>\u00a0de renouer le dialogue pour sortir de l\u2019impasse et restaurer la s\u00e9r\u00e9nit\u00e9 dans les \u00e9coles.<\/p>\n<p>En cons\u00e9quence, le FSPE\u2013SNE a convoqu\u00e9\u00a0<strong>une assembl\u00e9e g\u00e9n\u00e9rale extraordinaire ce mercredi<\/strong>, \u00e0 partir de 13 heures GMT, \u00e0 la Bourse du Travail, o\u00f9 les enseignants d\u00e9cideront de la suite \u00e0 donner \u00e0 cette crise majeure.<\/p>\n<p>&nbsp;<\/p>\n<p>Aboubacar Moussa Camara<\/p>\n","protected":false},"excerpt":{"rendered":"<p>Le gouvernement semble enfin prendre la pleine mesure des cons\u00e9quences lourdes et pr\u00e9occupantes de la crise qui secoue actuellement le secteur de l\u2019\u00e9ducation, marqu\u00e9e ces derniers jours par des sc\u00e8nes de violences inqui\u00e9tantes. Face \u00e0 l\u2019escalade, une d\u00e9marche de m\u00e9diation a \u00e9t\u00e9 engag\u00e9e ce matin sous la conduite du ministre de la Fonction publique, Faya [&hellip;]<\/p>\n","protected":false},"author":2,"featured_media":6404,"comment_status":"closed","ping_status":"closed","sticky":false,"template":"","format":"standard","meta":{"_jetpack_memberships_contains_paid_content":false,"footnotes":"","jetpack_publicize_message":"","jetpack_publicize_feature_enabled":true,"jetpack_social_post_already_shared":true,"jetpack_social_options":{"image_generator_settings":{"template":"highway","default_image_id":0,"font":"","enabled":false},"version":2}},"categories":[30,24],"tags":[814,1375],"class_list":{"0":"post-6403","1":"post","2":"type-post","3":"status-publish","4":"format-standard","5":"has-post-thumbnail","7":"category-faits-divers","8":"category-news","9":"tag-greve-en-guinee","10":"tag-leducation"},"jetpack_publicize_connections":[],"jetpack_featured_media_url":"https:\/\/ledenonciateur224.com\/wp-content\/uploads\/2025\/12\/bt-grveab.jpeg","jetpack_sharing_enabled":true,"_links":{"self":[{"href":"https:\/\/ledenonciateur224.com\/index.php\/wp-json\/wp\/v2\/posts\/6403","targetHints":{"allow":["GET"]}}],"collection":[{"href":"https:\/\/ledenonciateur224.com\/index.php\/wp-json\/wp\/v2\/posts"}],"about":[{"href":"https:\/\/ledenonciateur224.com\/index.php\/wp-json\/wp\/v2\/types\/post"}],"author":[{"embeddable":true,"href":"https:\/\/ledenonciateur224.com\/index.php\/wp-json\/wp\/v2\/users\/2"}],"replies":[{"embeddable":true,"href":"https:\/\/ledenonciateur224.com\/index.php\/wp-json\/wp\/v2\/comments?post=6403"}],"version-history":[{"count":1,"href":"https:\/\/ledenonciateur224.com\/index.php\/wp-json\/wp\/v2\/posts\/6403\/revisions"}],"predecessor-version":[{"id":6405,"href":"https:\/\/ledenonciateur224.com\/index.php\/wp-json\/wp\/v2\/posts\/6403\/revisions\/6405"}],"wp:featuredmedia":[{"embeddable":true,"href":"https:\/\/ledenonciateur224.com\/index.php\/wp-json\/wp\/v2\/media\/6404"}],"wp:attachment":[{"href":"https:\/\/ledenonciateur224.com\/index.php\/wp-json\/wp\/v2\/media?parent=6403"}],"wp:term":[{"taxonomy":"category","embeddable":true,"href":"https:\/\/ledenonciateur224.com\/index.php\/wp-json\/wp\/v2\/categories?post=6403"},{"taxonomy":"post_tag","embeddable":true,"href":"https:\/\/ledenonciateur224.com\/index.php\/wp-json\/wp\/v2\/tags?post=6403"}],"curies":[{"name":"wp","href":"https:\/\/api.w.org\/{rel}","templated":true}]}}