{"id":6415,"date":"2025-12-10T20:56:19","date_gmt":"2025-12-10T20:56:19","guid":{"rendered":"https:\/\/ledenonciateur224.com\/?p=6415"},"modified":"2025-12-10T20:56:19","modified_gmt":"2025-12-10T20:56:19","slug":"presidentielle-2025-lalliance-doumbouya-president-lance-sa-campagne-et-mise-sur-le-bilan-du-cnrd","status":"publish","type":"post","link":"https:\/\/ledenonciateur224.com\/index.php\/presidentielle-2025-lalliance-doumbouya-president-lance-sa-campagne-et-mise-sur-le-bilan-du-cnrd\/","title":{"rendered":"Pr\u00e9sidentielle 2025 : L\u2019Alliance Doumbouya Pr\u00e9sident lance sa campagne et mise sur le \u201cbilan\u201d du CNRD"},"content":{"rendered":"<p><span style=\"color: #111111;font-family: Roboto, sans-serif;font-size: 27px\">L\u2019Alliance Doumbouya Pr\u00e9sident (ADP) a proc\u00e9d\u00e9, ce mercredi 10 d\u00e9cembre 2025 \u00e0 Conakry, au lancement officiel de sa campagne en faveur de <\/span><strong style=\"color: #111111;font-family: Roboto, sans-serif;font-size: 27px\">Mamadi Doumbouya<\/strong><span style=\"color: #111111;font-family: Roboto, sans-serif;font-size: 27px\">, candidat \u00e0 l\u2019\u00e9lection pr\u00e9sidentielle du <\/span><strong style=\"color: #111111;font-family: Roboto, sans-serif;font-size: 27px\">28 d\u00e9cembre prochain<\/strong><span style=\"color: #111111;font-family: Roboto, sans-serif;font-size: 27px\">. L\u2019\u00e9v\u00e9nement a rassembl\u00e9 un large public compos\u00e9 de militants et sympathisants de la GMD, mais aussi de plusieurs leaders politiques et figures de mouvements citoyens soutenant la candidature du pr\u00e9sident de la transition.<\/span><\/p>\n<p><img loading=\"lazy\" decoding=\"async\" class=\"alignnone size-full wp-image-6418\" src=\"https:\/\/ledenonciateur224.com\/wp-content\/uploads\/2025\/12\/img-20251210-wa0034.jpg\" alt=\"\" width=\"1080\" height=\"499\" srcset=\"https:\/\/ledenonciateur224.com\/wp-content\/uploads\/2025\/12\/img-20251210-wa0034.jpg 1080w, https:\/\/ledenonciateur224.com\/wp-content\/uploads\/2025\/12\/img-20251210-wa0034-300x139.jpg 300w, https:\/\/ledenonciateur224.com\/wp-content\/uploads\/2025\/12\/img-20251210-wa0034-1024x473.jpg 1024w, https:\/\/ledenonciateur224.com\/wp-content\/uploads\/2025\/12\/img-20251210-wa0034-768x355.jpg 768w, https:\/\/ledenonciateur224.com\/wp-content\/uploads\/2025\/12\/img-20251210-wa0034-150x69.jpg 150w, https:\/\/ledenonciateur224.com\/wp-content\/uploads\/2025\/12\/img-20251210-wa0034-696x322.jpg 696w, https:\/\/ledenonciateur224.com\/wp-content\/uploads\/2025\/12\/img-20251210-wa0034-1068x493.jpg 1068w, https:\/\/ledenonciateur224.com\/wp-content\/uploads\/2025\/12\/img-20251210-wa0034-909x420.jpg 909w\" sizes=\"auto, (max-width: 1080px) 100vw, 1080px\" \/><\/p>\n<p>&nbsp;<\/p>\n<p>Dans une atmosph\u00e8re marqu\u00e9e par l\u2019enthousiasme des partisans, <strong>Aboubacar Sylla<\/strong>, ancien ministre des Transports et ancien porte-parole du gouvernement sous le r\u00e9gime pr\u00e9c\u00e9dent, aujourd\u2019hui pr\u00e9sident de l\u2019ADP, a expliqu\u00e9 les motivations de son ralliement. Revenant sur les quatre ann\u00e9es de transition entam\u00e9es apr\u00e8s le 5 septembre 2021, il a dress\u00e9 un tableau globalement positif de la gestion du CNRD :<\/p>\n<p><em>\u00ab Quatre ann\u00e9es se sont \u00e9coul\u00e9es depuis que, le 5 septembre 2021, l\u2019arm\u00e9e a d\u00e9cid\u00e9 de prendre ses responsabilit\u00e9s et de proc\u00e9der \u00e0 la mise en \u0153uvre d\u2019un nouveau programme de d\u00e9veloppement pour notre pays, la Guin\u00e9e. Il se trouve que, durant ces quatre ann\u00e9es, beaucoup de choses ont chang\u00e9 dans ce pays, beaucoup de choses ont \u00e9volu\u00e9, beaucoup de progr\u00e8s ont \u00e9t\u00e9 enregistr\u00e9s. Il y a eu \u00e9norm\u00e9ment d\u2019investissements qui ont chang\u00e9 la qualit\u00e9 de vie des Guin\u00e9ens aujourd\u2019hui. Si cette \u00e9lection s\u2019\u00e9tait tenue il y a un ou deux ans, peut-\u00eatre que beaucoup parmi vous, y compris moi-m\u00eame, ne seraient pas pr\u00e9sents \u00e0 cette campagne \u00e9lectorale. Mais les quatre ann\u00e9es nous ont permis de jauger le bilan du CNRD (\u2026) et nous avons fait le constat que notre pays \u00e9volue. Et de belles perspectives s\u2019ouvrent \u00e0 lui pour les prochaines ann\u00e9es \u00bb<\/em>, a-t-il d\u00e9clar\u00e9.<\/p>\n<p>Pour sa part, <strong>\u00c9tienne Soropogui<\/strong>, intervenant au nom du directoire de campagne de la GMD, a salu\u00e9 l\u2019engagement de l\u2019alliance et soulign\u00e9 sa conviction quant au leadership du candidat Mamadi Doumbouya :<\/p>\n<p><img loading=\"lazy\" decoding=\"async\" class=\"alignnone size-full wp-image-6419\" src=\"https:\/\/ledenonciateur224.com\/wp-content\/uploads\/2025\/12\/img-20251210-wa0036.jpg\" alt=\"\" width=\"1020\" height=\"471\" srcset=\"https:\/\/ledenonciateur224.com\/wp-content\/uploads\/2025\/12\/img-20251210-wa0036.jpg 1020w, https:\/\/ledenonciateur224.com\/wp-content\/uploads\/2025\/12\/img-20251210-wa0036-300x139.jpg 300w, https:\/\/ledenonciateur224.com\/wp-content\/uploads\/2025\/12\/img-20251210-wa0036-768x355.jpg 768w, https:\/\/ledenonciateur224.com\/wp-content\/uploads\/2025\/12\/img-20251210-wa0036-150x69.jpg 150w, https:\/\/ledenonciateur224.com\/wp-content\/uploads\/2025\/12\/img-20251210-wa0036-696x321.jpg 696w, https:\/\/ledenonciateur224.com\/wp-content\/uploads\/2025\/12\/img-20251210-wa0036-910x420.jpg 910w\" sizes=\"auto, (max-width: 1020px) 100vw, 1020px\" \/><\/p>\n<p><em>\u00ab Nous avons fait le choix d\u2019accompagner le Pr\u00e9sident Mamadi Doumbouya, parce que c\u2019est un leadership visionnaire. On a comme le pressentiment qu\u2019avec le Pr\u00e9sident Mamadi Doumbouya, la Guin\u00e9e rentre d\u00e9finitivement dans une nouvelle \u00e8re, une \u00e8re de transformation, une \u00e8re de d\u00e9veloppement. La Guin\u00e9e d\u2019ici dix ans ne sera plus le m\u00eame pays, la Guin\u00e9e va se transformer, la Guin\u00e9e va se d\u00e9velopper \u00bb<\/em>, a-t-il assur\u00e9.<\/p>\n<p>Ce lancement marque l\u2019entr\u00e9e officielle de l\u2019ADP dans la bataille \u00e9lectorale, dans un contexte o\u00f9 les alliances politiques se multiplient \u00e0 l\u2019approche d\u2019un scrutin d\u00e9terminant pour l\u2019avenir institutionnel et d\u00e9mocratique du pays.<\/p>\n<p>&nbsp;<\/p>\n<p>Moussa Gomba<\/p>\n","protected":false},"excerpt":{"rendered":"<p>L\u2019Alliance Doumbouya Pr\u00e9sident (ADP) a proc\u00e9d\u00e9, ce mercredi 10 d\u00e9cembre 2025 \u00e0 Conakry, au lancement officiel de sa campagne en faveur de Mamadi Doumbouya, candidat \u00e0 l\u2019\u00e9lection pr\u00e9sidentielle du 28 d\u00e9cembre prochain. L\u2019\u00e9v\u00e9nement a rassembl\u00e9 un large public compos\u00e9 de militants et sympathisants de la GMD, mais aussi de plusieurs leaders politiques et figures de [&hellip;]<\/p>\n","protected":false},"author":2,"featured_media":6416,"comment_status":"closed","ping_status":"closed","sticky":false,"template":"","format":"standard","meta":{"_jetpack_memberships_contains_paid_content":false,"footnotes":"","jetpack_publicize_message":"","jetpack_publicize_feature_enabled":true,"jetpack_social_post_already_shared":true,"jetpack_social_options":{"image_generator_settings":{"template":"highway","default_image_id":0,"font":"","enabled":false},"version":2}},"categories":[24,27],"tags":[1377,1320,522],"class_list":{"0":"post-6415","1":"post","2":"type-post","3":"status-publish","4":"format-standard","5":"has-post-thumbnail","7":"category-news","8":"category-politique","9":"tag-candidat","10":"tag-gmd","11":"tag-mamadi-doumbouya"},"jetpack_publicize_connections":[],"jetpack_featured_media_url":"https:\/\/ledenonciateur224.com\/wp-content\/uploads\/2025\/12\/img-20251210-wa0035.jpg","jetpack_sharing_enabled":true,"_links":{"self":[{"href":"https:\/\/ledenonciateur224.com\/index.php\/wp-json\/wp\/v2\/posts\/6415","targetHints":{"allow":["GET"]}}],"collection":[{"href":"https:\/\/ledenonciateur224.com\/index.php\/wp-json\/wp\/v2\/posts"}],"about":[{"href":"https:\/\/ledenonciateur224.com\/index.php\/wp-json\/wp\/v2\/types\/post"}],"author":[{"embeddable":true,"href":"https:\/\/ledenonciateur224.com\/index.php\/wp-json\/wp\/v2\/users\/2"}],"replies":[{"embeddable":true,"href":"https:\/\/ledenonciateur224.com\/index.php\/wp-json\/wp\/v2\/comments?post=6415"}],"version-history":[{"count":1,"href":"https:\/\/ledenonciateur224.com\/index.php\/wp-json\/wp\/v2\/posts\/6415\/revisions"}],"predecessor-version":[{"id":6420,"href":"https:\/\/ledenonciateur224.com\/index.php\/wp-json\/wp\/v2\/posts\/6415\/revisions\/6420"}],"wp:featuredmedia":[{"embeddable":true,"href":"https:\/\/ledenonciateur224.com\/index.php\/wp-json\/wp\/v2\/media\/6416"}],"wp:attachment":[{"href":"https:\/\/ledenonciateur224.com\/index.php\/wp-json\/wp\/v2\/media?parent=6415"}],"wp:term":[{"taxonomy":"category","embeddable":true,"href":"https:\/\/ledenonciateur224.com\/index.php\/wp-json\/wp\/v2\/categories?post=6415"},{"taxonomy":"post_tag","embeddable":true,"href":"https:\/\/ledenonciateur224.com\/index.php\/wp-json\/wp\/v2\/tags?post=6415"}],"curies":[{"name":"wp","href":"https:\/\/api.w.org\/{rel}","templated":true}]}}