{"id":6421,"date":"2025-12-11T08:17:02","date_gmt":"2025-12-11T08:17:02","guid":{"rendered":"https:\/\/ledenonciateur224.com\/?p=6421"},"modified":"2025-12-11T08:17:02","modified_gmt":"2025-12-11T08:17:02","slug":"cedeao-vers-des-billets-davion-moins-chers-des-2026-une-revolution-du-ciel-ouest-africain","status":"publish","type":"post","link":"https:\/\/ledenonciateur224.com\/index.php\/cedeao-vers-des-billets-davion-moins-chers-des-2026-une-revolution-du-ciel-ouest-africain\/","title":{"rendered":"CEDEAO : Vers des billets d\u2019avion moins chers d\u00e8s 2026, une r\u00e9volution du ciel ouest africain"},"content":{"rendered":"<p><span style=\"color: #111111;font-family: Roboto, sans-serif;font-size: 27px\">Dans une d\u00e9cision qualifi\u00e9e d\u2019historique, la Communaut\u00e9 \u00e9conomique des \u00c9tats de l\u2019Afrique de l\u2019Ouest (CEDEAO) a annonc\u00e9 une r\u00e9forme majeure destin\u00e9e \u00e0 transformer la mobilit\u00e9 r\u00e9gionale et \u00e0 acc\u00e9l\u00e9rer l\u2019int\u00e9gration \u00e9conomique. \u00c0 compter du <\/span><strong style=\"color: #111111;font-family: Roboto, sans-serif;font-size: 27px\">1\u1d49\u02b3 janvier 2026<\/strong><span style=\"color: #111111;font-family: Roboto, sans-serif;font-size: 27px\">, le co\u00fbt du transport a\u00e9rien conna\u00eetra une <\/span><strong style=\"color: #111111;font-family: Roboto, sans-serif;font-size: 27px\">baisse significative<\/strong><span style=\"color: #111111;font-family: Roboto, sans-serif;font-size: 27px\">, marquant un tournant pour les voyageurs, les compagnies a\u00e9riennes et le commerce intra-r\u00e9gional.<\/span><\/p>\n<p>Selon la nouvelle r\u00e9glementation adopt\u00e9e par les \u00c9tats membres, un ensemble de <strong>tarifs et redevances appliqu\u00e9s au transport a\u00e9rien sera purement et simplement supprim\u00e9<\/strong>. Parall\u00e8lement, les <strong>tarifs passagers et les redevances de s\u00e9curit\u00e9 seront r\u00e9duits de 25 %<\/strong>, conform\u00e9ment \u00e0 la loi compl\u00e9mentaire sur les taxes et redevances dans l\u2019aviation civile.<\/p>\n<p>\u00ab \u00c0 partir du 1er janvier 2026, tous les \u00c9tats membres de la CEDEAO supprimeront les tarifs du transport a\u00e9rien et r\u00e9duiront de 25 % les tarifs passagers et de s\u00e9curit\u00e9 \u00bb, indique l\u2019organisation sur ses canaux digitaux. Une annonce qui confirme la volont\u00e9 de la CEDEAO d\u2019harmoniser les co\u00fbts et d\u2019all\u00e9ger des charges longtemps critiqu\u00e9es pour leur impact sur le prix des billets.<\/p>\n<p>Longtemps per\u00e7u comme l\u2019un des plus on\u00e9reux au monde, le transport a\u00e9rien en Afrique de l\u2019Ouest souffre de <strong>taxes \u00e9lev\u00e9es<\/strong>, d\u2019une <strong>multiplication des redevances<\/strong> et d\u2019une <strong>faible concurrence entre compagnies<\/strong>. Ces facteurs ont frein\u00e9 la mobilit\u00e9 et p\u00e9nalis\u00e9 le d\u00e9veloppement commercial et touristique de la r\u00e9gion.<\/p>\n<p>Avec cette r\u00e9forme ambitieuse, la CEDEAO esp\u00e8re <strong>stimuler le trafic r\u00e9gional<\/strong>, encourager le <strong>tourisme intra-africain<\/strong>, faciliter les <strong>d\u00e9placements professionnels<\/strong> et dynamiser le <strong>commerce inter-\u00c9tats<\/strong>. Les voyageurs devraient b\u00e9n\u00e9ficier de <strong>billets plus accessibles<\/strong>, tandis que les compagnies a\u00e9riennes pourraient profiter d\u2019une <strong>hausse de la demande<\/strong> et d\u2019un <strong>meilleur taux de remplissage<\/strong>.<\/p>\n<p>Cette mesure marque ainsi un pas d\u00e9cisif vers un ciel ouest-africain plus comp\u00e9titif, plus int\u00e9gr\u00e9 et plus ouvert. Une transformation qui pourrait constituer un v\u00e9ritable levier de croissance pour toute la r\u00e9gion.<\/p>\n<p>&nbsp;<\/p>\n<p>Ledenonciateur224.com<\/p>\n","protected":false},"excerpt":{"rendered":"<p>Dans une d\u00e9cision qualifi\u00e9e d\u2019historique, la Communaut\u00e9 \u00e9conomique des \u00c9tats de l\u2019Afrique de l\u2019Ouest (CEDEAO) a annonc\u00e9 une r\u00e9forme majeure destin\u00e9e \u00e0 transformer la mobilit\u00e9 r\u00e9gionale et \u00e0 acc\u00e9l\u00e9rer l\u2019int\u00e9gration \u00e9conomique. \u00c0 compter du 1\u1d49\u02b3 janvier 2026, le co\u00fbt du transport a\u00e9rien conna\u00eetra une baisse significative, marquant un tournant pour les voyageurs, les compagnies a\u00e9riennes [&hellip;]<\/p>\n","protected":false},"author":2,"featured_media":6422,"comment_status":"closed","ping_status":"closed","sticky":false,"template":"","format":"standard","meta":{"_jetpack_memberships_contains_paid_content":false,"footnotes":"","jetpack_publicize_message":"","jetpack_publicize_feature_enabled":true,"jetpack_social_post_already_shared":true,"jetpack_social_options":{"image_generator_settings":{"template":"highway","default_image_id":0,"font":"","enabled":false},"version":2}},"categories":[29,38],"tags":[1378,1379,953,52],"class_list":{"0":"post-6421","1":"post","2":"type-post","3":"status-publish","4":"format-standard","5":"has-post-thumbnail","7":"category-economie","8":"category-international","9":"tag-aerien","10":"tag-frais","11":"tag-transport","12":"tag-cedeao"},"jetpack_publicize_connections":[],"jetpack_featured_media_url":"https:\/\/ledenonciateur224.com\/wp-content\/uploads\/2025\/12\/images-11.jpeg","jetpack_sharing_enabled":true,"_links":{"self":[{"href":"https:\/\/ledenonciateur224.com\/index.php\/wp-json\/wp\/v2\/posts\/6421","targetHints":{"allow":["GET"]}}],"collection":[{"href":"https:\/\/ledenonciateur224.com\/index.php\/wp-json\/wp\/v2\/posts"}],"about":[{"href":"https:\/\/ledenonciateur224.com\/index.php\/wp-json\/wp\/v2\/types\/post"}],"author":[{"embeddable":true,"href":"https:\/\/ledenonciateur224.com\/index.php\/wp-json\/wp\/v2\/users\/2"}],"replies":[{"embeddable":true,"href":"https:\/\/ledenonciateur224.com\/index.php\/wp-json\/wp\/v2\/comments?post=6421"}],"version-history":[{"count":1,"href":"https:\/\/ledenonciateur224.com\/index.php\/wp-json\/wp\/v2\/posts\/6421\/revisions"}],"predecessor-version":[{"id":6423,"href":"https:\/\/ledenonciateur224.com\/index.php\/wp-json\/wp\/v2\/posts\/6421\/revisions\/6423"}],"wp:featuredmedia":[{"embeddable":true,"href":"https:\/\/ledenonciateur224.com\/index.php\/wp-json\/wp\/v2\/media\/6422"}],"wp:attachment":[{"href":"https:\/\/ledenonciateur224.com\/index.php\/wp-json\/wp\/v2\/media?parent=6421"}],"wp:term":[{"taxonomy":"category","embeddable":true,"href":"https:\/\/ledenonciateur224.com\/index.php\/wp-json\/wp\/v2\/categories?post=6421"},{"taxonomy":"post_tag","embeddable":true,"href":"https:\/\/ledenonciateur224.com\/index.php\/wp-json\/wp\/v2\/tags?post=6421"}],"curies":[{"name":"wp","href":"https:\/\/api.w.org\/{rel}","templated":true}]}}