{"id":6424,"date":"2025-12-11T10:05:30","date_gmt":"2025-12-11T10:05:30","guid":{"rendered":"https:\/\/ledenonciateur224.com\/?p=6424"},"modified":"2025-12-11T10:05:30","modified_gmt":"2025-12-11T10:05:30","slug":"lufdg-relance-la-machine-la-suspension-levee-cap-sur-le-congres-de-janvier","status":"publish","type":"post","link":"https:\/\/ledenonciateur224.com\/index.php\/lufdg-relance-la-machine-la-suspension-levee-cap-sur-le-congres-de-janvier\/","title":{"rendered":"L\u2019UFDG relance la machine : la suspension lev\u00e9e, cap sur le congr\u00e8s de janvier !"},"content":{"rendered":"<p>Voici une version enrichie avec un ton plus dynamique, ainsi que plusieurs propositions de L\u2019UFDG annonce que la suspension de 90 jours impos\u00e9e par le minist\u00e8re de l\u2019Administration du Territoire et de la D\u00e9centralisation (MATD) a officiellement pris fin le 22 novembre 2025. Le parti invite ainsi l\u2019ensemble de ses militants et structures \u00e0 reprendre pleinement leurs activit\u00e9s.<\/p>\n<h3>Cette reprise marque aussi le lancement des pr\u00e9paratifs du congr\u00e8s, pr\u00e9vu courant janvier 2026. La date exacte sera communiqu\u00e9e d\u00e8s la finalisation des discussions actuellement men\u00e9es avec le MATD, afin de garantir une organisation consensuelle et conforme aux exigences administratives.<\/h3>\n<p><img loading=\"lazy\" decoding=\"async\" class=\"alignnone size-full wp-image-6425\" src=\"https:\/\/ledenonciateur224.com\/wp-content\/uploads\/2025\/12\/img-20251211-wa0050.jpg\" alt=\"\" width=\"1002\" height=\"1280\" srcset=\"https:\/\/ledenonciateur224.com\/wp-content\/uploads\/2025\/12\/img-20251211-wa0050.jpg 1002w, https:\/\/ledenonciateur224.com\/wp-content\/uploads\/2025\/12\/img-20251211-wa0050-235x300.jpg 235w, https:\/\/ledenonciateur224.com\/wp-content\/uploads\/2025\/12\/img-20251211-wa0050-802x1024.jpg 802w, https:\/\/ledenonciateur224.com\/wp-content\/uploads\/2025\/12\/img-20251211-wa0050-768x981.jpg 768w, https:\/\/ledenonciateur224.com\/wp-content\/uploads\/2025\/12\/img-20251211-wa0050-150x192.jpg 150w, https:\/\/ledenonciateur224.com\/wp-content\/uploads\/2025\/12\/img-20251211-wa0050-300x383.jpg 300w, https:\/\/ledenonciateur224.com\/wp-content\/uploads\/2025\/12\/img-20251211-wa0050-696x889.jpg 696w, https:\/\/ledenonciateur224.com\/wp-content\/uploads\/2025\/12\/img-20251211-wa0050-329x420.jpg 329w\" sizes=\"auto, (max-width: 1002px) 100vw, 1002px\" \/><\/p>\n","protected":false},"excerpt":{"rendered":"<p>Voici une version enrichie avec un ton plus dynamique, ainsi que plusieurs propositions de L\u2019UFDG annonce que la suspension de 90 jours impos\u00e9e par le minist\u00e8re de l\u2019Administration du Territoire et de la D\u00e9centralisation (MATD) a officiellement pris fin le 22 novembre 2025. Le parti invite ainsi l\u2019ensemble de ses militants et structures \u00e0 reprendre [&hellip;]<\/p>\n","protected":false},"author":2,"featured_media":4361,"comment_status":"closed","ping_status":"closed","sticky":false,"template":"","format":"standard","meta":{"_jetpack_memberships_contains_paid_content":false,"footnotes":"","jetpack_publicize_message":"","jetpack_publicize_feature_enabled":true,"jetpack_social_post_already_shared":true,"jetpack_social_options":{"image_generator_settings":{"template":"highway","default_image_id":0,"font":"","enabled":false},"version":2}},"categories":[24,27],"tags":[589,65],"class_list":{"0":"post-6424","1":"post","2":"type-post","3":"status-publish","4":"format-standard","5":"has-post-thumbnail","7":"category-news","8":"category-politique","9":"tag-cellou-dalein","10":"tag-ufdg"},"jetpack_publicize_connections":[],"jetpack_featured_media_url":"https:\/\/ledenonciateur224.com\/wp-content\/uploads\/2025\/08\/cellou-dalein-diallo-africaguineecom-1.jpeg","jetpack_sharing_enabled":true,"_links":{"self":[{"href":"https:\/\/ledenonciateur224.com\/index.php\/wp-json\/wp\/v2\/posts\/6424","targetHints":{"allow":["GET"]}}],"collection":[{"href":"https:\/\/ledenonciateur224.com\/index.php\/wp-json\/wp\/v2\/posts"}],"about":[{"href":"https:\/\/ledenonciateur224.com\/index.php\/wp-json\/wp\/v2\/types\/post"}],"author":[{"embeddable":true,"href":"https:\/\/ledenonciateur224.com\/index.php\/wp-json\/wp\/v2\/users\/2"}],"replies":[{"embeddable":true,"href":"https:\/\/ledenonciateur224.com\/index.php\/wp-json\/wp\/v2\/comments?post=6424"}],"version-history":[{"count":1,"href":"https:\/\/ledenonciateur224.com\/index.php\/wp-json\/wp\/v2\/posts\/6424\/revisions"}],"predecessor-version":[{"id":6426,"href":"https:\/\/ledenonciateur224.com\/index.php\/wp-json\/wp\/v2\/posts\/6424\/revisions\/6426"}],"wp:featuredmedia":[{"embeddable":true,"href":"https:\/\/ledenonciateur224.com\/index.php\/wp-json\/wp\/v2\/media\/4361"}],"wp:attachment":[{"href":"https:\/\/ledenonciateur224.com\/index.php\/wp-json\/wp\/v2\/media?parent=6424"}],"wp:term":[{"taxonomy":"category","embeddable":true,"href":"https:\/\/ledenonciateur224.com\/index.php\/wp-json\/wp\/v2\/categories?post=6424"},{"taxonomy":"post_tag","embeddable":true,"href":"https:\/\/ledenonciateur224.com\/index.php\/wp-json\/wp\/v2\/tags?post=6424"}],"curies":[{"name":"wp","href":"https:\/\/api.w.org\/{rel}","templated":true}]}}