{"id":6427,"date":"2025-12-11T14:02:53","date_gmt":"2025-12-11T14:02:53","guid":{"rendered":"https:\/\/ledenonciateur224.com\/?p=6427"},"modified":"2025-12-11T14:02:53","modified_gmt":"2025-12-11T14:02:53","slug":"presidentielle-2025-le-mprc-de-la-diaspora-americaine-affiche-un-soutien-ferme-a-mamadi-doumbouya","status":"publish","type":"post","link":"https:\/\/ledenonciateur224.com\/index.php\/presidentielle-2025-le-mprc-de-la-diaspora-americaine-affiche-un-soutien-ferme-a-mamadi-doumbouya\/","title":{"rendered":"Pr\u00e9sidentielle 2025 : le MPRC de la diaspora am\u00e9ricaine affiche un soutien ferme \u00e0 Mamadi Doumbouya\u00a0"},"content":{"rendered":"<p>Le Mouvement Patriotique pour la Refondation et la Continuit\u00e9 (MPRC) a tenu, ce jeudi 11 d\u00e9cembre 2025, une conf\u00e9rence de presse \u00e0 Conakry afin d\u2019exprimer publiquement son soutien total \u00e0 la candidature de Mamadi Doumbouya pour l\u2019\u00e9lection pr\u00e9sidentielle. Le mouvement, compos\u00e9 de membres de la diaspora guin\u00e9enne install\u00e9s aux \u00c9tats-Unis, affirme vouloir jouer un r\u00f4le actif dans la campagne du candidat de la GMD.<\/p>\n<p>Prenant la parole, Fernand Charles Loua, pr\u00e9sident du MPRC, a livr\u00e9 une d\u00e9claration d\u00e9taill\u00e9e dans laquelle il a expliqu\u00e9 les raisons profondes de l\u2019engagement de son organisation. Selon lui, depuis le 5 septembre 2021, la Guin\u00e9e s\u2019est engag\u00e9e dans \u00ab un processus de refondation profonde \u00bb marqu\u00e9 par la restauration de l\u2019autorit\u00e9 de l\u2019\u00c9tat, l\u2019assainissement des finances publiques, la lutte contre l\u2019injustice et la corruption, ainsi que la construction de nouvelles bases pour un d\u00e9veloppement durable.<\/p>\n<p><img loading=\"lazy\" decoding=\"async\" class=\"alignnone size-full wp-image-6429\" src=\"https:\/\/ledenonciateur224.com\/wp-content\/uploads\/2025\/12\/20251211-131931-scaled.jpg\" alt=\"\" width=\"2560\" height=\"1152\" srcset=\"https:\/\/ledenonciateur224.com\/wp-content\/uploads\/2025\/12\/20251211-131931-scaled.jpg 2560w, https:\/\/ledenonciateur224.com\/wp-content\/uploads\/2025\/12\/20251211-131931-300x135.jpg 300w, https:\/\/ledenonciateur224.com\/wp-content\/uploads\/2025\/12\/20251211-131931-1024x461.jpg 1024w, https:\/\/ledenonciateur224.com\/wp-content\/uploads\/2025\/12\/20251211-131931-768x346.jpg 768w, https:\/\/ledenonciateur224.com\/wp-content\/uploads\/2025\/12\/20251211-131931-1536x691.jpg 1536w, https:\/\/ledenonciateur224.com\/wp-content\/uploads\/2025\/12\/20251211-131931-2048x922.jpg 2048w, https:\/\/ledenonciateur224.com\/wp-content\/uploads\/2025\/12\/20251211-131931-150x68.jpg 150w, https:\/\/ledenonciateur224.com\/wp-content\/uploads\/2025\/12\/20251211-131931-696x313.jpg 696w, https:\/\/ledenonciateur224.com\/wp-content\/uploads\/2025\/12\/20251211-131931-1068x481.jpg 1068w, https:\/\/ledenonciateur224.com\/wp-content\/uploads\/2025\/12\/20251211-131931-1920x864.jpg 1920w, https:\/\/ledenonciateur224.com\/wp-content\/uploads\/2025\/12\/20251211-131931-933x420.jpg 933w\" sizes=\"auto, (max-width: 2560px) 100vw, 2560px\" \/><\/p>\n<p>Pour Fernand Charles Loua, ces actions traduisent une volont\u00e9 claire de transformation institutionnelle et morale. Il estime que ce travail m\u00e9rite d\u2019\u00eatre reconnu, soutenu et port\u00e9 avec conviction devant le peuple guin\u00e9en, notamment par la diaspora, qu\u2019il qualifie de \u00ab patriote, consciente et engag\u00e9e \u00bb.<\/p>\n<h3><strong>La diaspora, actrice et non spectatrice<\/strong><\/h3>\n<p>Le pr\u00e9sident du MPRC a rejet\u00e9 les perceptions n\u00e9gatives que certains diffusent au sujet de la diaspora guin\u00e9enne. Il souligne au contraire son r\u00f4le essentiel dans des domaines tels que l\u2019\u00e9ducation, la sant\u00e9, les investissements locaux, la coh\u00e9sion familiale et sociale.<\/p>\n<p>\u00ab La diaspora n\u2019est pas d\u00e9connect\u00e9e des r\u00e9alit\u00e9s nationales ; elle est inform\u00e9e, motiv\u00e9e et d\u00e9termin\u00e9e \u00e0 accompagner un projet politique cr\u00e9dible et tourn\u00e9 vers l\u2019avenir \u00bb, insiste-t-il.<\/p>\n<p>Fernand Charles Loua a expliqu\u00e9 que le mouvement a d\u00e9cid\u00e9 de revenir en Guin\u00e9e pour participer directement \u00e0 la campagne. Trois raisons principales ont motiv\u00e9 ce choix :<\/p>\n<ol>\n<li><strong>Corriger les perceptions biais\u00e9es<\/strong>\u00a0et r\u00e9affirmer que la diaspora consciente soutient la stabilit\u00e9, la refondation engag\u00e9e depuis 2021 et la candidature de Mamadi Doumbouya.<\/li>\n<li><strong>Renforcer le lien diaspora\u2013nation<\/strong>, afin de montrer que la diaspora n\u2019est pas un simple observateur, mais un acteur impliqu\u00e9 et force de proposition.<\/li>\n<li><strong>Participer activement \u00e0 la campagne pr\u00e9sidentielle<\/strong>, en allant sur le terrain, dans les quartiers, communes et villages, pour \u00e9couter, sensibiliser et mobiliser les populations.<\/li>\n<\/ol>\n<p>Dans son discours, le MPRC rappelle son attachement \u00e0 une Guin\u00e9e apais\u00e9e et rassembl\u00e9e. Il lance un appel aux jeunes, aux leaders d\u2019opinion et \u00e0 l\u2019ensemble des citoyens pour s\u2019unir autour de l\u2019essentiel : la paix, la stabilit\u00e9 et un leadership capable de transformer les aspirations en actions concr\u00e8tes.<\/p>\n<p>En conclusion, le MPRC r\u00e9affirme son soutien \u00ab ferme \u00bb \u00e0 la candidature de Mamadi Doumbouya, ainsi que son engagement total dans la campagne. Le mouvement assure qu\u2019il est pr\u00e9sent en Guin\u00e9e par devoir, par conviction et par amour pour la patrie, d\u00e9termin\u00e9 \u00e0 porter la voix d\u2019une diaspora qu\u2019il veut \u00ab patriotique, constructive et mobilis\u00e9e \u00bb.<\/p>\n<p>&nbsp;<\/p>\n<p>Aboubacar Moussa Camara<\/p>\n<p>622 42 41 87<\/p>\n","protected":false},"excerpt":{"rendered":"<p>Le Mouvement Patriotique pour la Refondation et la Continuit\u00e9 (MPRC) a tenu, ce jeudi 11 d\u00e9cembre 2025, une conf\u00e9rence de presse \u00e0 Conakry afin d\u2019exprimer publiquement son soutien total \u00e0 la candidature de Mamadi Doumbouya pour l\u2019\u00e9lection pr\u00e9sidentielle. Le mouvement, compos\u00e9 de membres de la diaspora guin\u00e9enne install\u00e9s aux \u00c9tats-Unis, affirme vouloir jouer un r\u00f4le [&hellip;]<\/p>\n","protected":false},"author":2,"featured_media":6428,"comment_status":"closed","ping_status":"closed","sticky":false,"template":"","format":"standard","meta":{"_jetpack_memberships_contains_paid_content":false,"footnotes":"","jetpack_publicize_message":"","jetpack_publicize_feature_enabled":true,"jetpack_social_post_already_shared":true,"jetpack_social_options":{"image_generator_settings":{"template":"highway","default_image_id":0,"font":"","enabled":false},"version":2}},"categories":[24,27],"tags":[522,521],"class_list":{"0":"post-6427","1":"post","2":"type-post","3":"status-publish","4":"format-standard","5":"has-post-thumbnail","7":"category-news","8":"category-politique","9":"tag-mamadi-doumbouya","10":"tag-soutien"},"jetpack_publicize_connections":[],"jetpack_featured_media_url":"https:\/\/ledenonciateur224.com\/wp-content\/uploads\/2025\/12\/20251211-131937-scaled.jpg","jetpack_sharing_enabled":true,"_links":{"self":[{"href":"https:\/\/ledenonciateur224.com\/index.php\/wp-json\/wp\/v2\/posts\/6427","targetHints":{"allow":["GET"]}}],"collection":[{"href":"https:\/\/ledenonciateur224.com\/index.php\/wp-json\/wp\/v2\/posts"}],"about":[{"href":"https:\/\/ledenonciateur224.com\/index.php\/wp-json\/wp\/v2\/types\/post"}],"author":[{"embeddable":true,"href":"https:\/\/ledenonciateur224.com\/index.php\/wp-json\/wp\/v2\/users\/2"}],"replies":[{"embeddable":true,"href":"https:\/\/ledenonciateur224.com\/index.php\/wp-json\/wp\/v2\/comments?post=6427"}],"version-history":[{"count":1,"href":"https:\/\/ledenonciateur224.com\/index.php\/wp-json\/wp\/v2\/posts\/6427\/revisions"}],"predecessor-version":[{"id":6430,"href":"https:\/\/ledenonciateur224.com\/index.php\/wp-json\/wp\/v2\/posts\/6427\/revisions\/6430"}],"wp:featuredmedia":[{"embeddable":true,"href":"https:\/\/ledenonciateur224.com\/index.php\/wp-json\/wp\/v2\/media\/6428"}],"wp:attachment":[{"href":"https:\/\/ledenonciateur224.com\/index.php\/wp-json\/wp\/v2\/media?parent=6427"}],"wp:term":[{"taxonomy":"category","embeddable":true,"href":"https:\/\/ledenonciateur224.com\/index.php\/wp-json\/wp\/v2\/categories?post=6427"},{"taxonomy":"post_tag","embeddable":true,"href":"https:\/\/ledenonciateur224.com\/index.php\/wp-json\/wp\/v2\/tags?post=6427"}],"curies":[{"name":"wp","href":"https:\/\/api.w.org\/{rel}","templated":true}]}}