{"id":6431,"date":"2025-12-11T16:01:42","date_gmt":"2025-12-11T16:01:42","guid":{"rendered":"https:\/\/ledenonciateur224.com\/?p=6431"},"modified":"2025-12-11T16:01:42","modified_gmt":"2025-12-11T16:01:42","slug":"crise-scolaire-gouvernement-et-intersyndicale-relancent-les-negociations-apres-deux-semaines-de-tension","status":"publish","type":"post","link":"https:\/\/ledenonciateur224.com\/index.php\/crise-scolaire-gouvernement-et-intersyndicale-relancent-les-negociations-apres-deux-semaines-de-tension\/","title":{"rendered":"Crise scolaire : Gouvernement et Intersyndicale relancent les n\u00e9gociations apr\u00e8s deux semaines de tension\u00a0"},"content":{"rendered":"<p>Le Gouvernement et l\u2019Intersyndicale de l\u2019\u00e9ducation se retrouvent \u00e0 nouveau autour de la table des n\u00e9gociations, moins de 24 heures apr\u00e8s la suspension de la gr\u00e8ve qui a paralys\u00e9 les \u00e9coles du pays pendant pr\u00e8s de deux semaines. Ce mouvement de d\u00e9brayage, marqu\u00e9 par une forte mobilisation, a malheureusement \u00e9t\u00e9 endeuill\u00e9 par un incident tragique ayant co\u00fbt\u00e9 la vie \u00e0 une jeune coll\u00e9gienne, ravivant l\u2019urgence de solutions durables.<\/p>\n<p>Les pourparlers sont organis\u00e9s au minist\u00e8re du Travail et de la Fonction publique, en pr\u00e9sence de quatre membres du Gouvernement :<\/p>\n<ul>\n<li><strong>Alpha Bacar Barry<\/strong>\u00a0(Enseignement sup\u00e9rieur),<\/li>\n<li><strong>Jean Paul C\u00e9dy<\/strong>\u00a0(Enseignement pr\u00e9-universitaire),<\/li>\n<li><strong>Aminata Kaba<\/strong>\u00a0(Enseignement technique),<\/li>\n<li><strong>Fran\u00e7ois Bourouno<\/strong>\u00a0(Fonction publique).<\/li>\n<\/ul>\n<p>Face \u00e0 eux, l\u2019Intersyndicale de l\u2019\u00e9ducation \u2014 regroupant le SLECG, le SNE et la FSPE \u2014 est repr\u00e9sent\u00e9e par ses principaux leaders :<br \/>\n<strong>Aboubacar Soumah, Michel P\u00e9p\u00e9 Balamou, Kadiatou Bah et Ghassimou Barry.<\/strong><\/p>\n<p>Au c\u0153ur des discussions, plusieurs points cruciaux : la\u00a0<strong>r\u00e9vision du statut particulier de l\u2019\u00c9ducation<\/strong>, le\u00a0<strong>d\u00e9blocage des salaires<\/strong>, ainsi que l\u2019<strong>int\u00e9gration de certains enseignants \u00e0 la Fonction publique<\/strong>.<br \/>\nAutant de revendications qui, selon les syndicats, constituent des pr\u00e9alables indispensables \u00e0 la stabilit\u00e9 du syst\u00e8me \u00e9ducatif.<\/p>\n<p>Ces nouvelles n\u00e9gociations sont per\u00e7ues comme une \u00e9tape d\u00e9cisive pour \u00e9viter une reprise du conflit social et garantir un retour serein dans les salles de classe.<\/p>\n<p>&nbsp;<\/p>\n<p>Ledenonciateur224.com<\/p>\n","protected":false},"excerpt":{"rendered":"<p>Le Gouvernement et l\u2019Intersyndicale de l\u2019\u00e9ducation se retrouvent \u00e0 nouveau autour de la table des n\u00e9gociations, moins de 24 heures apr\u00e8s la suspension de la gr\u00e8ve qui a paralys\u00e9 les \u00e9coles du pays pendant pr\u00e8s de deux semaines. Ce mouvement de d\u00e9brayage, marqu\u00e9 par une forte mobilisation, a malheureusement \u00e9t\u00e9 endeuill\u00e9 par un incident tragique [&hellip;]<\/p>\n","protected":false},"author":2,"featured_media":6432,"comment_status":"closed","ping_status":"closed","sticky":false,"template":"","format":"standard","meta":{"_jetpack_memberships_contains_paid_content":false,"footnotes":"","jetpack_publicize_message":"","jetpack_publicize_feature_enabled":true,"jetpack_social_post_already_shared":true,"jetpack_social_options":{"image_generator_settings":{"template":"highway","default_image_id":0,"font":"","enabled":false},"version":2}},"categories":[30,24],"tags":[1380,1381],"class_list":{"0":"post-6431","1":"post","2":"type-post","3":"status-publish","4":"format-standard","5":"has-post-thumbnail","7":"category-faits-divers","8":"category-news","9":"tag-intersyndical","10":"tag-negociations"},"jetpack_publicize_connections":[],"jetpack_featured_media_url":"https:\/\/ledenonciateur224.com\/wp-content\/uploads\/2025\/12\/20251211-160010-scaled.jpg","jetpack_sharing_enabled":true,"_links":{"self":[{"href":"https:\/\/ledenonciateur224.com\/index.php\/wp-json\/wp\/v2\/posts\/6431","targetHints":{"allow":["GET"]}}],"collection":[{"href":"https:\/\/ledenonciateur224.com\/index.php\/wp-json\/wp\/v2\/posts"}],"about":[{"href":"https:\/\/ledenonciateur224.com\/index.php\/wp-json\/wp\/v2\/types\/post"}],"author":[{"embeddable":true,"href":"https:\/\/ledenonciateur224.com\/index.php\/wp-json\/wp\/v2\/users\/2"}],"replies":[{"embeddable":true,"href":"https:\/\/ledenonciateur224.com\/index.php\/wp-json\/wp\/v2\/comments?post=6431"}],"version-history":[{"count":1,"href":"https:\/\/ledenonciateur224.com\/index.php\/wp-json\/wp\/v2\/posts\/6431\/revisions"}],"predecessor-version":[{"id":6433,"href":"https:\/\/ledenonciateur224.com\/index.php\/wp-json\/wp\/v2\/posts\/6431\/revisions\/6433"}],"wp:featuredmedia":[{"embeddable":true,"href":"https:\/\/ledenonciateur224.com\/index.php\/wp-json\/wp\/v2\/media\/6432"}],"wp:attachment":[{"href":"https:\/\/ledenonciateur224.com\/index.php\/wp-json\/wp\/v2\/media?parent=6431"}],"wp:term":[{"taxonomy":"category","embeddable":true,"href":"https:\/\/ledenonciateur224.com\/index.php\/wp-json\/wp\/v2\/categories?post=6431"},{"taxonomy":"post_tag","embeddable":true,"href":"https:\/\/ledenonciateur224.com\/index.php\/wp-json\/wp\/v2\/tags?post=6431"}],"curies":[{"name":"wp","href":"https:\/\/api.w.org\/{rel}","templated":true}]}}