{"id":6445,"date":"2025-12-11T21:20:39","date_gmt":"2025-12-11T21:20:39","guid":{"rendered":"https:\/\/ledenonciateur224.com\/?p=6445"},"modified":"2025-12-11T21:20:39","modified_gmt":"2025-12-11T21:20:39","slug":"presidentielle-2025-les-eleves-sont-places-en-conge-du-15-decembre-2025-au-4-janvier-2026","status":"publish","type":"post","link":"https:\/\/ledenonciateur224.com\/index.php\/presidentielle-2025-les-eleves-sont-places-en-conge-du-15-decembre-2025-au-4-janvier-2026\/","title":{"rendered":"Pr\u00e9sidentielle 2025: Les \u00e9l\u00e8ves sont plac\u00e9s en cong\u00e9 du 15 d\u00e9cembre 2025 au 4 Janvier 2026"},"content":{"rendered":"<p>Le Minist\u00e8re de l\u2019Enseignement Pr\u00e9-Universitaire et de l\u2019Alphab\u00e9tisation informe que, dans le cadre de l\u2019\u00e9lection pr\u00e9sidentielle du 28 d\u00e9cembre 2025, tous les \u00e9tablissements scolaires publics et priv\u00e9s seront ferm\u00e9s.<\/p>\n<p>Les \u00e9l\u00e8ves sont plac\u00e9s en cong\u00e9 du 15 d\u00e9cembre 2025 au 4 janvier 2026.<br \/>\nLa reprise des cours est pr\u00e9vue le 5 janvier 2026.<\/p>\n<p>Cette mesure vise \u00e0 faciliter le bon d\u00e9roulement du scrutin et \u00e0 garantir la s\u00e9curit\u00e9 de tous.<\/p>\n<p>&nbsp;<\/p>\n","protected":false},"excerpt":{"rendered":"<p>Le Minist\u00e8re de l\u2019Enseignement Pr\u00e9-Universitaire et de l\u2019Alphab\u00e9tisation informe que, dans le cadre de l\u2019\u00e9lection pr\u00e9sidentielle du 28 d\u00e9cembre 2025, tous les \u00e9tablissements scolaires publics et priv\u00e9s seront ferm\u00e9s. Les \u00e9l\u00e8ves sont plac\u00e9s en cong\u00e9 du 15 d\u00e9cembre 2025 au 4 janvier 2026. La reprise des cours est pr\u00e9vue le 5 janvier 2026. Cette mesure [&hellip;]<\/p>\n","protected":false},"author":2,"featured_media":6446,"comment_status":"closed","ping_status":"closed","sticky":false,"template":"","format":"standard","meta":{"_jetpack_memberships_contains_paid_content":false,"footnotes":"","jetpack_publicize_message":"","jetpack_publicize_feature_enabled":true,"jetpack_social_post_already_shared":true,"jetpack_social_options":{"image_generator_settings":{"template":"highway","default_image_id":0,"font":"","enabled":false},"version":2}},"categories":[30,24],"tags":[1383,1382,1103],"class_list":{"0":"post-6445","1":"post","2":"type-post","3":"status-publish","4":"format-standard","5":"has-post-thumbnail","7":"category-faits-divers","8":"category-news","9":"tag-conge","10":"tag-etablissement","11":"tag-scolaire"},"jetpack_publicize_connections":[],"jetpack_featured_media_url":"https:\/\/ledenonciateur224.com\/wp-content\/uploads\/2025\/12\/fb-img-1765487849743.jpg","jetpack_sharing_enabled":true,"_links":{"self":[{"href":"https:\/\/ledenonciateur224.com\/index.php\/wp-json\/wp\/v2\/posts\/6445","targetHints":{"allow":["GET"]}}],"collection":[{"href":"https:\/\/ledenonciateur224.com\/index.php\/wp-json\/wp\/v2\/posts"}],"about":[{"href":"https:\/\/ledenonciateur224.com\/index.php\/wp-json\/wp\/v2\/types\/post"}],"author":[{"embeddable":true,"href":"https:\/\/ledenonciateur224.com\/index.php\/wp-json\/wp\/v2\/users\/2"}],"replies":[{"embeddable":true,"href":"https:\/\/ledenonciateur224.com\/index.php\/wp-json\/wp\/v2\/comments?post=6445"}],"version-history":[{"count":1,"href":"https:\/\/ledenonciateur224.com\/index.php\/wp-json\/wp\/v2\/posts\/6445\/revisions"}],"predecessor-version":[{"id":6447,"href":"https:\/\/ledenonciateur224.com\/index.php\/wp-json\/wp\/v2\/posts\/6445\/revisions\/6447"}],"wp:featuredmedia":[{"embeddable":true,"href":"https:\/\/ledenonciateur224.com\/index.php\/wp-json\/wp\/v2\/media\/6446"}],"wp:attachment":[{"href":"https:\/\/ledenonciateur224.com\/index.php\/wp-json\/wp\/v2\/media?parent=6445"}],"wp:term":[{"taxonomy":"category","embeddable":true,"href":"https:\/\/ledenonciateur224.com\/index.php\/wp-json\/wp\/v2\/categories?post=6445"},{"taxonomy":"post_tag","embeddable":true,"href":"https:\/\/ledenonciateur224.com\/index.php\/wp-json\/wp\/v2\/tags?post=6445"}],"curies":[{"name":"wp","href":"https:\/\/api.w.org\/{rel}","templated":true}]}}