{"id":6448,"date":"2025-12-11T21:32:43","date_gmt":"2025-12-11T21:32:43","guid":{"rendered":"https:\/\/ledenonciateur224.com\/?p=6448"},"modified":"2025-12-11T21:32:43","modified_gmt":"2025-12-11T21:32:43","slug":"port-de-conakry-mamadi-doumbouya-suspend-les-penalites-pour-desengorger-la-plateforme-portuaire","status":"publish","type":"post","link":"https:\/\/ledenonciateur224.com\/index.php\/port-de-conakry-mamadi-doumbouya-suspend-les-penalites-pour-desengorger-la-plateforme-portuaire\/","title":{"rendered":"Port de Conakry : Mamadi Doumbouya suspend les p\u00e9nalit\u00e9s pour d\u00e9sengorger la plateforme portuaire"},"content":{"rendered":"<h2>Face \u00e0 la congestion persistante qui paralyse depuis plusieurs semaines les activit\u00e9s du Port Autonome de Conakry (PAC), le Pr\u00e9sident Mamadi Doumbouya a pris une d\u00e9cision majeure ce jeudi 11 d\u00e9cembre 2025. Il a instruit les ministres du Budget et des Transports de <strong>suspendre l\u2019application de toutes les surestaries et autres p\u00e9nalit\u00e9s<\/strong> au PAC.<br \/>\nCette mesure exceptionnelle sera en vigueur <strong>du 15 d\u00e9cembre 2025 au 31 janvier 2026<\/strong>.<\/h2>\n<p>Selon le porte-parole du Gouvernement, cette d\u00e9cision intervient en r\u00e9ponse aux <strong>difficult\u00e9s d&rsquo;engorgement<\/strong> ayant fortement ralenti la plateforme portuaire ces derniers temps. Le Chef de l\u2019\u00c9tat a en outre demand\u00e9 aux ministres concern\u00e9s d\u2019assurer un <strong>suivi rigoureux<\/strong> pour garantir l\u2019application effective de la mesure.<\/p>\n<p>Le Gouvernement explique cette initiative par trois objectifs strat\u00e9giques :<\/p>\n<ul>\n<li><strong>Soulager les importateurs<\/strong>, durement impact\u00e9s par les retards d\u2019enl\u00e8vement ;<\/li>\n<li><strong>Acc\u00e9l\u00e9rer les actions visant \u00e0 fluidifier les op\u00e9rations portuaires<\/strong>, notamment gr\u00e2ce au d\u00e9ploiement d\u2019un service fonctionnant <strong>24h\/24<\/strong> dans l\u2019ensemble des entit\u00e9s du port ;<\/li>\n<li><strong>Contribuer \u00e0 l\u2019all\u00e8gement du panier de la m\u00e9nag\u00e8re<\/strong>, en r\u00e9duisant les co\u00fbts logistiques susceptibles d\u2019\u00eatre r\u00e9percut\u00e9s sur les prix des produits.<\/li>\n<\/ul>\n<p>\u00ab <em>Cette d\u00e9cision vise \u00e0 soutenir les importateurs, acc\u00e9l\u00e9rer la mise en \u0153uvre des actions destin\u00e9es \u00e0 fluidifier les op\u00e9rations portuaires (\u2026) et contribuer \u00e0 l\u2019all\u00e8gement du panier de la m\u00e9nag\u00e8re<\/em> \u00bb, a pr\u00e9cis\u00e9 le porte-parole Ousmane Gaoual Diallo.<\/p>\n<p>En gelant temporairement les p\u00e9nalit\u00e9s li\u00e9es aux retards d\u2019enl\u00e8vement des marchandises, le Gouvernement esp\u00e8re <strong>d\u00e9sengorger rapidement le port<\/strong>, r\u00e9duire les charges des op\u00e9rateurs \u00e9conomiques et, in fine, limiter l\u2019impact sur les consommateurs.<\/p>\n<p>&nbsp;<\/p>\n<p>Ledenonciateur224.com<\/p>\n","protected":false},"excerpt":{"rendered":"<p>Face \u00e0 la congestion persistante qui paralyse depuis plusieurs semaines les activit\u00e9s du Port Autonome de Conakry (PAC), le Pr\u00e9sident Mamadi Doumbouya a pris une d\u00e9cision majeure ce jeudi 11 d\u00e9cembre 2025. Il a instruit les ministres du Budget et des Transports de suspendre l\u2019application de toutes les surestaries et autres p\u00e9nalit\u00e9s au PAC. Cette [&hellip;]<\/p>\n","protected":false},"author":2,"featured_media":6449,"comment_status":"closed","ping_status":"closed","sticky":false,"template":"","format":"standard","meta":{"_jetpack_memberships_contains_paid_content":false,"footnotes":"","jetpack_publicize_message":"","jetpack_publicize_feature_enabled":true,"jetpack_social_post_already_shared":true,"jetpack_social_options":{"image_generator_settings":{"template":"highway","default_image_id":0,"font":"","enabled":false},"version":2}},"categories":[29,24],"tags":[1250,36],"class_list":{"0":"post-6448","1":"post","2":"type-post","3":"status-publish","4":"format-standard","5":"has-post-thumbnail","7":"category-economie","8":"category-news","9":"tag-port-autonome","10":"tag-conakry"},"jetpack_publicize_connections":[],"jetpack_featured_media_url":"https:\/\/ledenonciateur224.com\/wp-content\/uploads\/2025\/12\/mamadi-doumbouya-tenue-traditionnel.jpg","jetpack_sharing_enabled":true,"_links":{"self":[{"href":"https:\/\/ledenonciateur224.com\/index.php\/wp-json\/wp\/v2\/posts\/6448","targetHints":{"allow":["GET"]}}],"collection":[{"href":"https:\/\/ledenonciateur224.com\/index.php\/wp-json\/wp\/v2\/posts"}],"about":[{"href":"https:\/\/ledenonciateur224.com\/index.php\/wp-json\/wp\/v2\/types\/post"}],"author":[{"embeddable":true,"href":"https:\/\/ledenonciateur224.com\/index.php\/wp-json\/wp\/v2\/users\/2"}],"replies":[{"embeddable":true,"href":"https:\/\/ledenonciateur224.com\/index.php\/wp-json\/wp\/v2\/comments?post=6448"}],"version-history":[{"count":1,"href":"https:\/\/ledenonciateur224.com\/index.php\/wp-json\/wp\/v2\/posts\/6448\/revisions"}],"predecessor-version":[{"id":6450,"href":"https:\/\/ledenonciateur224.com\/index.php\/wp-json\/wp\/v2\/posts\/6448\/revisions\/6450"}],"wp:featuredmedia":[{"embeddable":true,"href":"https:\/\/ledenonciateur224.com\/index.php\/wp-json\/wp\/v2\/media\/6449"}],"wp:attachment":[{"href":"https:\/\/ledenonciateur224.com\/index.php\/wp-json\/wp\/v2\/media?parent=6448"}],"wp:term":[{"taxonomy":"category","embeddable":true,"href":"https:\/\/ledenonciateur224.com\/index.php\/wp-json\/wp\/v2\/categories?post=6448"},{"taxonomy":"post_tag","embeddable":true,"href":"https:\/\/ledenonciateur224.com\/index.php\/wp-json\/wp\/v2\/tags?post=6448"}],"curies":[{"name":"wp","href":"https:\/\/api.w.org\/{rel}","templated":true}]}}