{"id":648,"date":"2024-12-26T23:14:53","date_gmt":"2024-12-26T23:14:53","guid":{"rendered":"https:\/\/ledenonciateur224.com\/?p=648"},"modified":"2024-12-26T23:14:53","modified_gmt":"2024-12-26T23:14:53","slug":"cellou-dalein-diallo-condamne-larrestation-daliou-bah-a-la-frontiere-guinee-sierra-leone","status":"publish","type":"post","link":"https:\/\/ledenonciateur224.com\/index.php\/cellou-dalein-diallo-condamne-larrestation-daliou-bah-a-la-frontiere-guinee-sierra-leone\/","title":{"rendered":"Cellou Dalein Diallo condamne l\u2019arrestation d\u2019Aliou Bah \u00e0 la fronti\u00e8re Guin\u00e9e-Sierra Leone"},"content":{"rendered":"<p>&nbsp;<\/p>\n<p><span style=\"color: #212529;font-family: georgia, lucida grande, lucida sans unicode, arial, verdana, sans-serif\">L\u2019ancien Premier ministre exige la lib\u00e9ration imm\u00e9diate du pr\u00e9sident du MoDeL, qualifiant son arrestation d\u2019ill\u00e9gale.<\/span><\/p>\n<p><span style=\"color: #212529;font-family: georgia, lucida grande, lucida sans unicode, arial, verdana, sans-serif\">Dans la soir\u00e9e du jeudi 26 d\u00e9cembre 2024, Cellou Dalein Diallo, leader de l\u2019Union des Forces D\u00e9mocratiques de Guin\u00e9e (UFDG), a r\u00e9agi fermement \u00e0 l\u2019arrestation d\u2019Aliou Bah, pr\u00e9sident du MoDeL, \u00e0 la fronti\u00e8re de Pam\u00e9lap, entre la Guin\u00e9e et la Sierra Leone. L\u2019ancien Premier ministre a condamn\u00e9 cette interpellation, qu\u2019il consid\u00e8re comme \u00e9tant \u00ab en dehors de toute base l\u00e9gale \u00bb, et a exig\u00e9 la lib\u00e9ration imm\u00e9diate du leader politique. Cette arrestation suscite des interrogations sur ses motivations et les conditions de son d\u00e9roulement.<\/span><\/p>\n<p>\u00ab\u00a0<em>Je condamne fermement cette privation de libert\u00e9 en dehors de toute base l\u00e9gale inflig\u00e9e par la junte au Pr\u00e9sident du Model et exige sa lib\u00e9ration imm\u00e9diate et sans conditions<\/em>\u00a0\u00bb, a r\u00e9agi Cellou Dalein Diallo.<\/p>\n<p>L\u2019homme politique en exil ajoute que \u00ab\u00a0<em>la folie liberticide de la junte qui r\u00e8gne \u00e0 Conakry est loin d\u2019\u00eatre sous contr\u00f4le. Au contraire, elle persiste et s\u2019aggrave tous les jours<\/em>\u00a0\u00bb.<\/p>\n<p>&nbsp;<\/p>\n<p>&nbsp;<\/p>\n<p>Ledenonciateur224.com<\/p>\n","protected":false},"excerpt":{"rendered":"<p>&nbsp; L\u2019ancien Premier ministre exige la lib\u00e9ration imm\u00e9diate du pr\u00e9sident du MoDeL, qualifiant son arrestation d\u2019ill\u00e9gale. Dans la soir\u00e9e du jeudi 26 d\u00e9cembre 2024, Cellou Dalein Diallo, leader de l\u2019Union des Forces D\u00e9mocratiques de Guin\u00e9e (UFDG), a r\u00e9agi fermement \u00e0 l\u2019arrestation d\u2019Aliou Bah, pr\u00e9sident du MoDeL, \u00e0 la fronti\u00e8re de Pam\u00e9lap, entre la Guin\u00e9e et [&hellip;]<\/p>\n","protected":false},"author":2,"featured_media":649,"comment_status":"open","ping_status":"open","sticky":false,"template":"","format":"standard","meta":{"_jetpack_memberships_contains_paid_content":false,"footnotes":"","jetpack_publicize_message":"","jetpack_publicize_feature_enabled":true,"jetpack_social_post_already_shared":false,"jetpack_social_options":{"image_generator_settings":{"template":"highway","default_image_id":0,"font":"","enabled":false},"version":2}},"categories":[24,27],"tags":[140,64,36,35],"class_list":{"0":"post-648","1":"post","2":"type-post","3":"status-publish","4":"format-standard","5":"has-post-thumbnail","7":"category-news","8":"category-politique","9":"tag-aliou-bah","10":"tag-cellou-dalein-diallo","11":"tag-conakry","12":"tag-guinee"},"jetpack_publicize_connections":[],"jetpack_featured_media_url":"https:\/\/ledenonciateur224.com\/wp-content\/uploads\/2024\/12\/cellou-dalein-diallo-africaguineecom-0.jpeg","jetpack_sharing_enabled":true,"_links":{"self":[{"href":"https:\/\/ledenonciateur224.com\/index.php\/wp-json\/wp\/v2\/posts\/648","targetHints":{"allow":["GET"]}}],"collection":[{"href":"https:\/\/ledenonciateur224.com\/index.php\/wp-json\/wp\/v2\/posts"}],"about":[{"href":"https:\/\/ledenonciateur224.com\/index.php\/wp-json\/wp\/v2\/types\/post"}],"author":[{"embeddable":true,"href":"https:\/\/ledenonciateur224.com\/index.php\/wp-json\/wp\/v2\/users\/2"}],"replies":[{"embeddable":true,"href":"https:\/\/ledenonciateur224.com\/index.php\/wp-json\/wp\/v2\/comments?post=648"}],"version-history":[{"count":0,"href":"https:\/\/ledenonciateur224.com\/index.php\/wp-json\/wp\/v2\/posts\/648\/revisions"}],"wp:featuredmedia":[{"embeddable":true,"href":"https:\/\/ledenonciateur224.com\/index.php\/wp-json\/wp\/v2\/media\/649"}],"wp:attachment":[{"href":"https:\/\/ledenonciateur224.com\/index.php\/wp-json\/wp\/v2\/media?parent=648"}],"wp:term":[{"taxonomy":"category","embeddable":true,"href":"https:\/\/ledenonciateur224.com\/index.php\/wp-json\/wp\/v2\/categories?post=648"},{"taxonomy":"post_tag","embeddable":true,"href":"https:\/\/ledenonciateur224.com\/index.php\/wp-json\/wp\/v2\/tags?post=648"}],"curies":[{"name":"wp","href":"https:\/\/api.w.org\/{rel}","templated":true}]}}