{"id":6535,"date":"2025-12-15T22:25:29","date_gmt":"2025-12-15T22:25:29","guid":{"rendered":"https:\/\/ledenonciateur224.com\/?p=6535"},"modified":"2025-12-15T22:25:29","modified_gmt":"2025-12-15T22:25:29","slug":"armee-guineenne-plusieurs-officiers-superieurs-promus-et-nommes-a-des-postes-strategiques","status":"publish","type":"post","link":"https:\/\/ledenonciateur224.com\/index.php\/armee-guineenne-plusieurs-officiers-superieurs-promus-et-nommes-a-des-postes-strategiques\/","title":{"rendered":"Arm\u00e9e guin\u00e9enne : plusieurs officiers sup\u00e9rieurs promus et nomm\u00e9s \u00e0 des postes strat\u00e9giques"},"content":{"rendered":"<p>Plusieurs officiers sup\u00e9rieurs des Forces arm\u00e9es guin\u00e9ennes ont \u00e9t\u00e9 promus et nomm\u00e9s \u00e0 des postes de commandement dans les principales r\u00e9gions militaires du pays. Ces d\u00e9cisions ont \u00e9t\u00e9 prises par le G\u00e9n\u00e9ral Mamadi Doumbouya, chef de l\u2019\u00c9tat et commandant en chef des arm\u00e9es, \u00e0 l\u2019issue d\u2019une s\u00e9rie de d\u00e9crets rendus publics ce <strong>lundi 15 d\u00e9cembre 2025<\/strong>.<\/p>\n<p>Cette vaste r\u00e9organisation concerne aussi bien les r\u00e9gions militaires que les structures centrales de l\u2019arm\u00e9e, la gendarmerie nationale et les services de sant\u00e9 des arm\u00e9es. Elle s\u2019inscrit dans la dynamique de renforcement de la cha\u00eene de commandement et de modernisation des forces de d\u00e9fense et de s\u00e9curit\u00e9.<\/p>\n<h3><strong>Nominations dans les r\u00e9gions militaires<\/strong><\/h3>\n<p><strong>1\u00e8re R\u00e9gion militaire \u2013 Kindia<\/strong><\/p>\n<ul>\n<li>Commandant du bataillon autonome de Bok\u00e9 : <strong>Colonel Lancin\u00e9 Keita<\/strong>, matricule 175-72-G.<\/li>\n<\/ul>\n<p><strong>2\u00e8me R\u00e9gion militaire \u2013 Lab\u00e9<\/strong><\/p>\n<ul>\n<li>Commandant du bataillon de la portion centrale de Lab\u00e9 : <strong>Colonel Billy Nankouma Keita<\/strong>, matricule 265-49-G.<\/li>\n<li>Commandant du bataillon d\u2019infanterie de Koundara : <strong>Colonel Boubacar Barry<\/strong>, matricule 267-08-G.<\/li>\n<\/ul>\n<p><strong>3\u00e8me R\u00e9gion militaire \u2013 Kankan<\/strong><\/p>\n<ul>\n<li>Commandant du bataillon de la portion centrale de Kankan : <strong>Colonel Aboubacar 4 Camara<\/strong>, matricule 209-24-G.<\/li>\n<li>Commandant du bataillon autonome de Faranah : <strong>Colonel Alseny Tour\u00e9<\/strong>, matricule 1018-60-G.<\/li>\n<li>Commandant du bataillon d\u2019infanterie de Madiana : <strong>Colonel Mamadou Aliou Bah<\/strong>, matricule 273-50-G.<\/li>\n<li>Commandant du bataillon d\u2019infanterie de Siguiri : <strong>Colonel Hamidou Soumah<\/strong>, matricule 272-99-G.<\/li>\n<\/ul>\n<p><strong>4\u00e8me R\u00e9gion militaire \u2013 N\u2019Z\u00e9r\u00e9kor\u00e9<\/strong><\/p>\n<ul>\n<li>Commandant du bataillon de la portion centrale de N\u2019Z\u00e9r\u00e9kor\u00e9 : <strong>Colonel Mamadou Yacine Bald\u00e9<\/strong>, matricule 212-77-G.<\/li>\n<li>Commandant du bataillon autonome de Gu\u00e9ck\u00e9dou : <strong>Colonel Sand\u00e9 Tour\u00e9<\/strong>, matricule 189-27-G.<\/li>\n<li>Commandant du bataillon d\u2019infanterie de Macenta : <strong>Colonel Moussa Soumah<\/strong>, matricule 248-14-G.<\/li>\n<li>Commandant du bataillon d\u2019infanterie de Beyla : <strong>Colonel Bakary Samoura<\/strong>, matricule 191-50-G.<\/li>\n<\/ul>\n<h3><strong>Commandants adjoints de r\u00e9gions militaires<\/strong><\/h3>\n<ul>\n<li>1\u00e8re R\u00e9gion militaire de Kindia : <strong>Colonel Ousmane Timbo Barry<\/strong>, matricule 213-29-G.<\/li>\n<li>3\u00e8me R\u00e9gion militaire de Kankan : <strong>Colonel Kemo Victor Camara<\/strong>, matricule 179-04-G.<\/li>\n<li>4\u00e8me R\u00e9gion militaire de N\u2019Z\u00e9r\u00e9kor\u00e9 : <strong>Colonel Alpha Oumar Barry<\/strong>, matricule 214-16-G.<\/li>\n<\/ul>\n<h3><strong>Nominations \u00e0 des postes de responsabilit\u00e9<\/strong><\/h3>\n<ul>\n<li>Directeur g\u00e9n\u00e9ral adjoint de l\u2019intendance militaire : <strong>Colonel Fod\u00e9 Lamine Yansan\u00e9<\/strong>, matricule 215-52-G.<\/li>\n<li>Directeur g\u00e9n\u00e9ral du service de sant\u00e9 des arm\u00e9es : <strong>M\u00e9decin-colonel Abdel Kemoko Diallo<\/strong>, matricule 190-21-G.<\/li>\n<li>Directeur g\u00e9n\u00e9ral adjoint du service de sant\u00e9 des arm\u00e9es : <strong>M\u00e9decin-colonel Sayon Kourouma<\/strong>, matricule 265-45-G.<\/li>\n<li>Commandant du bataillon du quartier g\u00e9n\u00e9ral : <strong>Colonel Mamadou Kaly Sall<\/strong>, matricule 257-27-G.<\/li>\n<li>Directeur de l\u2019\u00c9cole militaire interarm\u00e9es : <strong>Commandant Ibrahima Sory Camara<\/strong>, matricule 397-21-G.<\/li>\n<\/ul>\n<h3><strong>Promotions en grade (effectives \u00e0 partir du 1er janvier 2026)<\/strong><\/h3>\n<p><strong>Au grade de lieutenant-colonel (arm\u00e9e de terre)<\/strong><\/p>\n<ul>\n<li>Commandant Moussa 1 Tour\u00e9, BQG.<\/li>\n<li>Commandant <strong>Ali Camara<\/strong>, EMAT, ancien chef des op\u00e9rations du Groupement des forces sp\u00e9ciales.<\/li>\n<\/ul>\n<p><strong>Au grade de commandant (arm\u00e9e de terre et gendarmerie)<\/strong><\/p>\n<ul>\n<li>Capitaine Fada Kourouma<\/li>\n<li>Capitaine Amara Sylla<\/li>\n<li>Capitaine Ibrahima Soury 4 Camara<\/li>\n<li>Capitaine Mohamed Saliou Ciss\u00e9<\/li>\n<li>Capitaine Souleymane Bangoura<\/li>\n<li>Capitaine Elhaj Boubacar Diallo (Gendarmerie nationale)<\/li>\n<\/ul>\n<p><strong>Au grade de capitaine<\/strong><\/p>\n<ul>\n<li>Lieutenant Safrin Camara<\/li>\n<li>Lieutenant Amadou Traor\u00e9<\/li>\n<li>Lieutenant Mohamed Magassouba<\/li>\n<li>Lieutenant Bienvenu Cyril Th\u00e9a<\/li>\n<li>Lieutenant Oumar 1 Keita<\/li>\n<li>Lieutenant Djen\u00e8 Kaba (Arm\u00e9e de l\u2019air)<\/li>\n<li>Lieutenant Joseph Keninka Milimono (Gendarmerie nationale)<\/li>\n<\/ul>\n<p><strong>Au grade de lieutenant<\/strong><\/p>\n<ul>\n<li>Sous-lieutenant C\u00e9c\u00e9 Mathieu Koli\u00e9<\/li>\n<li>Sous-lieutenant Sidiki Cond\u00e9<\/li>\n<li>Sous-lieutenant Amadou Diallo<\/li>\n<li>Sous-lieutenant Als\u00e9ny Camara<\/li>\n<li>Sous-lieutenant Laye Sory Kourouma<\/li>\n<li>Sous-lieutenant Ibrahima Koly Kourouma (Gendarmerie nationale)<\/li>\n<\/ul>\n<p><strong>Au grade de sous-lieutenant<\/strong><\/p>\n<ul>\n<li>Adjudant Mamoudou Ke\u00efta<\/li>\n<li>Adjudant-chef Mory Hawa Kamara<\/li>\n<\/ul>\n<p>Ces nominations et promotions traduisent la volont\u00e9 des autorit\u00e9s de renforcer l\u2019efficacit\u00e9 op\u00e9rationnelle des forces arm\u00e9es guin\u00e9ennes, tout en valorisant l\u2019exp\u00e9rience et le m\u00e9rite au sein de la hi\u00e9rarchie militaire.<\/p>\n<p>&nbsp;<\/p>\n<p>Ledenonciateur224.com<\/p>\n","protected":false},"excerpt":{"rendered":"<p>Plusieurs officiers sup\u00e9rieurs des Forces arm\u00e9es guin\u00e9ennes ont \u00e9t\u00e9 promus et nomm\u00e9s \u00e0 des postes de commandement dans les principales r\u00e9gions militaires du pays. Ces d\u00e9cisions ont \u00e9t\u00e9 prises par le G\u00e9n\u00e9ral Mamadi Doumbouya, chef de l\u2019\u00c9tat et commandant en chef des arm\u00e9es, \u00e0 l\u2019issue d\u2019une s\u00e9rie de d\u00e9crets rendus publics ce lundi 15 d\u00e9cembre [&hellip;]<\/p>\n","protected":false},"author":2,"featured_media":6536,"comment_status":"closed","ping_status":"closed","sticky":false,"template":"","format":"standard","meta":{"_jetpack_memberships_contains_paid_content":false,"footnotes":"","jetpack_publicize_message":"","jetpack_publicize_feature_enabled":true,"jetpack_social_post_already_shared":true,"jetpack_social_options":{"image_generator_settings":{"template":"highway","default_image_id":0,"font":"","enabled":false},"version":2}},"categories":[30,24],"tags":[455],"class_list":{"0":"post-6535","1":"post","2":"type-post","3":"status-publish","4":"format-standard","5":"has-post-thumbnail","7":"category-faits-divers","8":"category-news","9":"tag-armees-guineennes"},"jetpack_publicize_connections":[],"jetpack_featured_media_url":"https:\/\/ledenonciateur224.com\/wp-content\/uploads\/2025\/12\/fb-img-1762891733959.jpg","jetpack_sharing_enabled":true,"_links":{"self":[{"href":"https:\/\/ledenonciateur224.com\/index.php\/wp-json\/wp\/v2\/posts\/6535","targetHints":{"allow":["GET"]}}],"collection":[{"href":"https:\/\/ledenonciateur224.com\/index.php\/wp-json\/wp\/v2\/posts"}],"about":[{"href":"https:\/\/ledenonciateur224.com\/index.php\/wp-json\/wp\/v2\/types\/post"}],"author":[{"embeddable":true,"href":"https:\/\/ledenonciateur224.com\/index.php\/wp-json\/wp\/v2\/users\/2"}],"replies":[{"embeddable":true,"href":"https:\/\/ledenonciateur224.com\/index.php\/wp-json\/wp\/v2\/comments?post=6535"}],"version-history":[{"count":1,"href":"https:\/\/ledenonciateur224.com\/index.php\/wp-json\/wp\/v2\/posts\/6535\/revisions"}],"predecessor-version":[{"id":6537,"href":"https:\/\/ledenonciateur224.com\/index.php\/wp-json\/wp\/v2\/posts\/6535\/revisions\/6537"}],"wp:featuredmedia":[{"embeddable":true,"href":"https:\/\/ledenonciateur224.com\/index.php\/wp-json\/wp\/v2\/media\/6536"}],"wp:attachment":[{"href":"https:\/\/ledenonciateur224.com\/index.php\/wp-json\/wp\/v2\/media?parent=6535"}],"wp:term":[{"taxonomy":"category","embeddable":true,"href":"https:\/\/ledenonciateur224.com\/index.php\/wp-json\/wp\/v2\/categories?post=6535"},{"taxonomy":"post_tag","embeddable":true,"href":"https:\/\/ledenonciateur224.com\/index.php\/wp-json\/wp\/v2\/tags?post=6535"}],"curies":[{"name":"wp","href":"https:\/\/api.w.org\/{rel}","templated":true}]}}