{"id":6538,"date":"2025-12-15T22:32:42","date_gmt":"2025-12-15T22:32:42","guid":{"rendered":"https:\/\/ledenonciateur224.com\/?p=6538"},"modified":"2025-12-15T22:32:42","modified_gmt":"2025-12-15T22:32:42","slug":"carnaval-geant-a-conakry-la-jeunesse-de-la-basse-guinee-affiche-son-soutien-a-mamadi-doumbouya","status":"publish","type":"post","link":"https:\/\/ledenonciateur224.com\/index.php\/carnaval-geant-a-conakry-la-jeunesse-de-la-basse-guinee-affiche-son-soutien-a-mamadi-doumbouya\/","title":{"rendered":"Carnaval g\u00e9ant \u00e0 Conakry : la jeunesse de la Basse-Guin\u00e9e affiche son soutien \u00e0 Mamadi Doumbouya"},"content":{"rendered":"<p>La jeunesse de la Basse-Guin\u00e9e a massivement investi les art\u00e8res de Conakry ce lundi 15 d\u00e9cembre \u00e0 travers un carnaval populaire reliant le pont du 8-Novembre au boulevard Telly Diallo. Dans une ambiance festive m\u00ealant chants, danses et slogans, les participants ont exprim\u00e9 leur soutien sans \u00e9quivoque au chef de l\u2019\u00c9tat, le G\u00e9n\u00e9ral Mamadi Doumbouya.<\/p>\n<p>Cette mobilisation, fortement remarqu\u00e9e, s\u2019inscrivait dans le cadre de la campagne de soutien \u00e0 la candidature du pr\u00e9sident \u00e0 l\u2019\u00e9lection pr\u00e9sidentielle pr\u00e9vue le 28 d\u00e9cembre prochain. Tout au long du parcours, un message clair et unanime a \u00e9t\u00e9 port\u00e9 par les manifestants :\u00a0<strong>voter pour la GMD<\/strong>\u00a0lors du scrutin \u00e0 venir.<\/p>\n<p>Au-del\u00e0 de l\u2019aspect politique, cette marche citoyenne a \u00e9galement mis en lumi\u00e8re la forte coh\u00e9sion sociale en Basse-Guin\u00e9e, avec la participation remarquable des fils et filles issus des diff\u00e9rentes communaut\u00e9s vivant dans la r\u00e9gion. \u00c0 travers cette d\u00e9monstration de force et d\u2019unit\u00e9, la jeunesse de la Basse-Guin\u00e9e entend r\u00e9affirmer son engagement politique et son adh\u00e9sion \u00e0 la vision et aux actions du pr\u00e9sident Mamadi Doumbouya, dans un contexte \u00e9lectoral marqu\u00e9 par une forte mobilisation citoyenne.<\/p>\n<p>&nbsp;<\/p>\n<p>Ledenonciateur224.com<\/p>\n","protected":false},"excerpt":{"rendered":"<p>La jeunesse de la Basse-Guin\u00e9e a massivement investi les art\u00e8res de Conakry ce lundi 15 d\u00e9cembre \u00e0 travers un carnaval populaire reliant le pont du 8-Novembre au boulevard Telly Diallo. Dans une ambiance festive m\u00ealant chants, danses et slogans, les participants ont exprim\u00e9 leur soutien sans \u00e9quivoque au chef de l\u2019\u00c9tat, le G\u00e9n\u00e9ral Mamadi Doumbouya. [&hellip;]<\/p>\n","protected":false},"author":2,"featured_media":6539,"comment_status":"closed","ping_status":"closed","sticky":false,"template":"","format":"standard","meta":{"_jetpack_memberships_contains_paid_content":false,"footnotes":"","jetpack_publicize_message":"","jetpack_publicize_feature_enabled":true,"jetpack_social_post_already_shared":true,"jetpack_social_options":{"image_generator_settings":{"template":"highway","default_image_id":0,"font":"","enabled":false},"version":2}},"categories":[24,27],"tags":[1361],"class_list":{"0":"post-6538","1":"post","2":"type-post","3":"status-publish","4":"format-standard","5":"has-post-thumbnail","7":"category-news","8":"category-politique","9":"tag-campagne-presidentielle"},"jetpack_publicize_connections":[],"jetpack_featured_media_url":"https:\/\/ledenonciateur224.com\/wp-content\/uploads\/2025\/12\/fb-img-1765836265534.jpg","jetpack_sharing_enabled":true,"_links":{"self":[{"href":"https:\/\/ledenonciateur224.com\/index.php\/wp-json\/wp\/v2\/posts\/6538","targetHints":{"allow":["GET"]}}],"collection":[{"href":"https:\/\/ledenonciateur224.com\/index.php\/wp-json\/wp\/v2\/posts"}],"about":[{"href":"https:\/\/ledenonciateur224.com\/index.php\/wp-json\/wp\/v2\/types\/post"}],"author":[{"embeddable":true,"href":"https:\/\/ledenonciateur224.com\/index.php\/wp-json\/wp\/v2\/users\/2"}],"replies":[{"embeddable":true,"href":"https:\/\/ledenonciateur224.com\/index.php\/wp-json\/wp\/v2\/comments?post=6538"}],"version-history":[{"count":1,"href":"https:\/\/ledenonciateur224.com\/index.php\/wp-json\/wp\/v2\/posts\/6538\/revisions"}],"predecessor-version":[{"id":6540,"href":"https:\/\/ledenonciateur224.com\/index.php\/wp-json\/wp\/v2\/posts\/6538\/revisions\/6540"}],"wp:featuredmedia":[{"embeddable":true,"href":"https:\/\/ledenonciateur224.com\/index.php\/wp-json\/wp\/v2\/media\/6539"}],"wp:attachment":[{"href":"https:\/\/ledenonciateur224.com\/index.php\/wp-json\/wp\/v2\/media?parent=6538"}],"wp:term":[{"taxonomy":"category","embeddable":true,"href":"https:\/\/ledenonciateur224.com\/index.php\/wp-json\/wp\/v2\/categories?post=6538"},{"taxonomy":"post_tag","embeddable":true,"href":"https:\/\/ledenonciateur224.com\/index.php\/wp-json\/wp\/v2\/tags?post=6538"}],"curies":[{"name":"wp","href":"https:\/\/api.w.org\/{rel}","templated":true}]}}