{"id":6541,"date":"2025-12-16T15:19:12","date_gmt":"2025-12-16T15:19:12","guid":{"rendered":"https:\/\/ledenonciateur224.com\/?p=6541"},"modified":"2025-12-16T15:19:12","modified_gmt":"2025-12-16T15:19:12","slug":"la-coalition-epg-lance-la-campagne-de-rabattage-un-projet-ambitieux-pour-une-guinee-unie-et-prospere","status":"publish","type":"post","link":"https:\/\/ledenonciateur224.com\/index.php\/la-coalition-epg-lance-la-campagne-de-rabattage-un-projet-ambitieux-pour-une-guinee-unie-et-prospere\/","title":{"rendered":"La coalition EPG lance la campagne de rabattage: Un projet ambitieux pour une Guin\u00e9e unie et prosp\u00e8re"},"content":{"rendered":"<div dir=\"auto\">\n<p>Ce mardi 16 d\u00e9cembre 2025, une atmosph\u00e8re de d\u00e9termination et d&rsquo;espoir a r\u00e9gn\u00e9 au si\u00e8ge du parti d\u2019Ousmane Dady Camara \u00e0 Matoto, o\u00f9 la <strong>coalition des partis politiques<\/strong>\u00a0et des\u00a0<strong>mouvements de soutien au candidat Mamadi Doumbouya<\/strong>\u00a0a lanc\u00e9 officiellement sa\u00a0<strong>campagne de rabattage<\/strong>\u00a0dans plusieurs communes de la capitale. L&rsquo;\u00e9v\u00e9nement a rassembl\u00e9 une\u00a0<strong>foule enthousiaste<\/strong>, compos\u00e9e majoritairement de\u00a0<strong>femmes<\/strong>\u00a0et de\u00a0<strong>jeunes<\/strong>, venus en nombre pour entendre les\u00a0<strong>projets de soci\u00e9t\u00e9<\/strong>\u00a0du candidat Doumbouya et les\u00a0<strong>engagements<\/strong>\u00a0qu&rsquo;il promet de mettre en \u0153uvre pour am\u00e9liorer la vie des Guin\u00e9ens.<\/p>\n<p><img loading=\"lazy\" decoding=\"async\" class=\"alignnone size-full wp-image-6542\" src=\"https:\/\/ledenonciateur224.com\/wp-content\/uploads\/2025\/12\/img-20251216-wa0160.jpg\" alt=\"\" width=\"1020\" height=\"471\" srcset=\"https:\/\/ledenonciateur224.com\/wp-content\/uploads\/2025\/12\/img-20251216-wa0160.jpg 1020w, https:\/\/ledenonciateur224.com\/wp-content\/uploads\/2025\/12\/img-20251216-wa0160-300x139.jpg 300w, https:\/\/ledenonciateur224.com\/wp-content\/uploads\/2025\/12\/img-20251216-wa0160-768x355.jpg 768w, https:\/\/ledenonciateur224.com\/wp-content\/uploads\/2025\/12\/img-20251216-wa0160-150x69.jpg 150w, https:\/\/ledenonciateur224.com\/wp-content\/uploads\/2025\/12\/img-20251216-wa0160-696x321.jpg 696w, https:\/\/ledenonciateur224.com\/wp-content\/uploads\/2025\/12\/img-20251216-wa0160-910x420.jpg 910w\" sizes=\"auto, (max-width: 1020px) 100vw, 1020px\" \/><\/p>\n<\/div>\n<p>La c\u00e9r\u00e9monie a \u00e9t\u00e9 marqu\u00e9e par l\u2019intervention du\u00a0<strong>coordinateur g\u00e9n\u00e9ral de l&rsquo;Ensemble Pour la Guin\u00e9e (EPG)<\/strong>,\u00a0<strong>Ousmane Dady Camara<\/strong>, qui a pris la parole pour expliquer la\u00a0<strong>nature de la campagne de rabattage<\/strong>\u00a0et les raisons du soutien massif au g\u00e9n\u00e9ral Mamadi Doumbouya. Selon lui, le\u00a0<strong>rabattage<\/strong>\u00a0consiste avant tout \u00e0 aller \u00e0 la rencontre des citoyens dans une\u00a0<strong>d\u00e9marche de proximit\u00e9<\/strong>, pour leur exposer le projet de soci\u00e9t\u00e9 du candidat et l\u2019avenir qu\u2019il envisage pour la Guin\u00e9e. Ce travail de terrain, dit-il, est essentiel pour \u00ab\u00a0<strong>expliquer<\/strong>\u00a0le projet de soci\u00e9t\u00e9 que le candidat souhaite r\u00e9aliser \u00bb et pour rappeler aux Guin\u00e9ens que leur\u00a0<strong>participation d\u00e9mocratique<\/strong>\u00a0est primordiale pour le\u00a0<strong>d\u00e9veloppement du pays<\/strong>\u00a0et le maintien de la\u00a0<strong>paix sociale<\/strong>.<\/p>\n<p>M. Ousmane Dady Camara n\u2019a pas manqu\u00e9 de souligner les qualit\u00e9s de\u00a0<strong>Mamadi Doumbouya<\/strong>\u00a0en tant qu\u2019homme de\u00a0<strong>vision<\/strong>, de\u00a0<strong>d\u00e9veloppement<\/strong>\u00a0et de\u00a0<strong>patriotisme<\/strong>.<\/p>\n<p><img loading=\"lazy\" decoding=\"async\" class=\"alignnone size-full wp-image-6543\" src=\"https:\/\/ledenonciateur224.com\/wp-content\/uploads\/2025\/12\/img-20251216-wa0155.jpg\" alt=\"\" width=\"1020\" height=\"471\" srcset=\"https:\/\/ledenonciateur224.com\/wp-content\/uploads\/2025\/12\/img-20251216-wa0155.jpg 1020w, https:\/\/ledenonciateur224.com\/wp-content\/uploads\/2025\/12\/img-20251216-wa0155-300x139.jpg 300w, https:\/\/ledenonciateur224.com\/wp-content\/uploads\/2025\/12\/img-20251216-wa0155-768x355.jpg 768w, https:\/\/ledenonciateur224.com\/wp-content\/uploads\/2025\/12\/img-20251216-wa0155-150x69.jpg 150w, https:\/\/ledenonciateur224.com\/wp-content\/uploads\/2025\/12\/img-20251216-wa0155-696x321.jpg 696w, https:\/\/ledenonciateur224.com\/wp-content\/uploads\/2025\/12\/img-20251216-wa0155-910x420.jpg 910w\" sizes=\"auto, (max-width: 1020px) 100vw, 1020px\" \/><\/p>\n<p>\u00ab\u00a0<strong>Mamadi Doumbouya<\/strong>\u00a0est un homme\u00a0<strong>pragmatique<\/strong>, un homme du\u00a0<strong>terrain<\/strong>, un\u00a0<strong>leader charismatique<\/strong>\u00a0qui aime profond\u00e9ment son pays et qui place les int\u00e9r\u00eats de la Guin\u00e9e avant tout \u00bb, a-t-il d\u00e9clar\u00e9. Il a ajout\u00e9 que\u00a0<strong>Doumbouya<\/strong>\u00a0est un\u00a0<strong>mod\u00e8le<\/strong>\u00a0pour la jeunesse et pour tous les Guin\u00e9ens, un homme qui incarne les valeurs de\u00a0<strong>respect<\/strong>, de\u00a0<strong>solidarit\u00e9<\/strong>\u00a0et d\u2019<strong>amour pour son peuple<\/strong>.<\/p>\n<p>Le coordinateur a \u00e9galement mis en lumi\u00e8re les\u00a0<strong>r\u00e9formes sociales<\/strong>\u00a0que Mamadi Doumbouya pr\u00e9voit de mettre en place, notamment dans les domaines de\u00a0<strong>l\u2019emploi<\/strong>, de la\u00a0<strong>sant\u00e9<\/strong>\u00a0et de la\u00a0<strong>solidarit\u00e9 sociale<\/strong>. Il a fait un \u00e9loge particulier des\u00a0<strong>initiatives<\/strong>\u00a0d\u00e9j\u00e0 entreprises par le candidat pour am\u00e9liorer le quotidien des\u00a0<strong>retrait\u00e9s<\/strong>, en assurant qu&rsquo;ils b\u00e9n\u00e9ficient d\u00e9sormais de\u00a0<strong>multiples salaires<\/strong>, d&rsquo;un\u00a0<strong>soutien m\u00e9dical renforc\u00e9<\/strong>\u00a0et d&rsquo;une\u00a0<strong>meilleure prise en charge<\/strong>. En outre, il a pr\u00e9cis\u00e9 que, dans un pays o\u00f9 la\u00a0<strong>jeunesse<\/strong>\u00a0repr\u00e9sente une grande majorit\u00e9 de la population, l\u2019<strong>emploi<\/strong>\u00a0reste une priorit\u00e9. C\u2019est pourquoi, selon lui, Mamadi Doumbouya \u0153uvre d\u00e9j\u00e0 \u00e0 l&rsquo;<strong>ouverture des secteurs priv\u00e9s et publics<\/strong>, en offrant des opportunit\u00e9s concr\u00e8tes pour les jeunes et en promouvant l\u2019<strong>autosuffisance alimentaire<\/strong>\u00a0pour garantir un avenir stable et prosp\u00e8re \u00e0 tous les Guin\u00e9ens.<\/p>\n<p>L\u2019originalit\u00e9 de cette campagne r\u00e9side dans sa\u00a0<strong>m\u00e9thode de rapprochement avec la population<\/strong>. Elle s&rsquo;articule autour d\u2019une\u00a0<strong>mobilisation de proximit\u00e9<\/strong>, avec des\u00a0<strong>\u00e9quipes de terrain<\/strong>\u00a0qui se rendront dans les quartiers, les communes et les r\u00e9gions du pays pour\u00a0<strong>sensibiliser les ind\u00e9cis<\/strong>\u00a0et\u00a0<strong>expliquer le projet<\/strong>\u00a0de soci\u00e9t\u00e9 port\u00e9 par le candidat. Ce travail se fera\u00a0<strong>porte \u00e0 porte<\/strong>, avec des\u00a0<strong>groupes de 10 personnes<\/strong>\u00a0par \u00e9quipe, chacune suivie d\u2019un\u00a0<strong>cam\u00e9raman<\/strong>\u00a0pour documenter les efforts r\u00e9alis\u00e9s et leur impact. En parall\u00e8le, des\u00a0<strong>meetings<\/strong>\u00a0seront organis\u00e9s dans les lieux publics afin de toucher un public plus large, en particulier ceux qui n\u2019auront pas l&rsquo;occasion de rencontrer directement les \u00e9quipes de campagne.<\/p>\n<p>Ousmane Dady Camara a \u00e9galement soulign\u00e9 l&rsquo;importance du r\u00f4le jou\u00e9 par les\u00a0<strong>m\u00e9dias<\/strong>\u00a0et les\u00a0<strong>r\u00e9seaux sociaux<\/strong>\u00a0dans la\u00a0<strong>diffusion du message<\/strong>\u00a0de Mamadi Doumbouya. Selon lui, le\u00a0<strong>quatri\u00e8me pouvoir<\/strong>, incarn\u00e9 par les journalistes et les influenceurs, est un\u00a0<strong>outil indispensable<\/strong>\u00a0pour toucher un plus grand nombre de Guin\u00e9ens, en particulier ceux qui vivent dans des r\u00e9gions \u00e9loign\u00e9es. Les\u00a0<strong>m\u00e9dias<\/strong>\u00a0sont un\u00a0<strong>levier crucial<\/strong>\u00a0pour\u00a0<strong>\u00e9largir la sensibilisation<\/strong>\u00a0et mobiliser la population autour du projet de\u00a0<strong>changement<\/strong>\u00a0port\u00e9 par le candidat.<\/p>\n<p>En conclusion de son intervention, Ousmane Dady Camara a exprim\u00e9 une\u00a0<strong>grande confiance<\/strong>\u00a0quant \u00e0 la\u00a0<strong>victoire<\/strong>\u00a0du candidat Mamadi Doumbouya lors des \u00e9lections pr\u00e9vues le 28<strong>\u00a0d\u00e9cembre 2025<\/strong>. Il a assur\u00e9 que le candidat b\u00e9n\u00e9ficie du soutien massif des Guin\u00e9ens, d\u00e9clarant : \u00ab Nous esp\u00e9rons que le jour du vote, les r\u00e9sultats seront au-del\u00e0 de 95 %, car\u00a0<strong>tous les Guin\u00e9ens aiment notre candidat<\/strong>\u00a0et croient en son projet pour un avenir meilleur \u00bb.<\/p>\n<p>Ce lancement de campagne concernant le rabattage marque le d\u00e9but d\u2019une phase d\u00e9cisive pour la\u00a0<strong>coalition des partis politiques<\/strong>\u00a0et les\u00a0<strong>mouvements de soutien<\/strong>\u00a0\u00e0 Mamadi Doumbouya. La campagne de proximit\u00e9 entam\u00e9e vise \u00e0 renforcer la\u00a0<strong>mobilisation populaire<\/strong>\u00a0et \u00e0 convaincre les citoyens de l\u2019importance de ce\u00a0<strong>choix politique<\/strong>\u00a0pour la Guin\u00e9e. Les\u00a0<strong>id\u00e9es de paix<\/strong>, de\u00a0<strong>d\u00e9veloppement<\/strong>\u00a0et de\u00a0<strong>prosperit\u00e9<\/strong>\u00a0pour tous semblent \u00eatre au c\u0153ur de la strat\u00e9gie de Mamadi Doumbouya, un homme d\u00e9termin\u00e9 \u00e0 placer la Guin\u00e9e sur la voie du\u00a0<strong>progr\u00e8s<\/strong>, du\u00a0<strong>d\u00e9veloppement durable<\/strong>, et du\u00a0<strong>respect des droits de l\u2019homme<\/strong>.<\/p>\n<p>Cette campagne de rabattage incarne la\u00a0<strong>volont\u00e9 collective<\/strong>\u00a0des Guin\u00e9ens d&rsquo;aller de l\u2019avant, dans un esprit d&rsquo;unit\u00e9 et de\u00a0<strong>solidarit\u00e9 nationale<\/strong>. C\u2019est un\u00a0<strong>appel \u00e0 l\u2019action<\/strong>, une\u00a0<strong>invitation \u00e0 construire ensemble<\/strong>\u00a0un avenir\u00a0<strong>meilleur et plus prosp\u00e8re<\/strong>\u00a0pour la Guin\u00e9e.<\/p>\n<p>&nbsp;<\/p>\n<p>Aboubacar Moussa Camara<\/p>\n<p>622 42 41 87<\/p>\n","protected":false},"excerpt":{"rendered":"<p>Ce mardi 16 d\u00e9cembre 2025, une atmosph\u00e8re de d\u00e9termination et d&rsquo;espoir a r\u00e9gn\u00e9 au si\u00e8ge du parti d\u2019Ousmane Dady Camara \u00e0 Matoto, o\u00f9 la coalition des partis politiques\u00a0et des\u00a0mouvements de soutien au candidat Mamadi Doumbouya\u00a0a lanc\u00e9 officiellement sa\u00a0campagne de rabattage\u00a0dans plusieurs communes de la capitale. L&rsquo;\u00e9v\u00e9nement a rassembl\u00e9 une\u00a0foule enthousiaste, compos\u00e9e majoritairement de\u00a0femmes\u00a0et de\u00a0jeunes, venus [&hellip;]<\/p>\n","protected":false},"author":2,"featured_media":6544,"comment_status":"closed","ping_status":"closed","sticky":false,"template":"","format":"standard","meta":{"_jetpack_memberships_contains_paid_content":false,"footnotes":"","jetpack_publicize_message":"","jetpack_publicize_feature_enabled":true,"jetpack_social_post_already_shared":true,"jetpack_social_options":{"image_generator_settings":{"template":"highway","default_image_id":0,"font":"","enabled":false},"version":2}},"categories":[24,27],"tags":[1119,1215,1396],"class_list":{"0":"post-6541","1":"post","2":"type-post","3":"status-publish","4":"format-standard","5":"has-post-thumbnail","7":"category-news","8":"category-politique","9":"tag-campagne","10":"tag-epg","11":"tag-rabattage"},"jetpack_publicize_connections":[],"jetpack_featured_media_url":"https:\/\/ledenonciateur224.com\/wp-content\/uploads\/2025\/12\/img-20251216-wa0157.jpg","jetpack_sharing_enabled":true,"_links":{"self":[{"href":"https:\/\/ledenonciateur224.com\/index.php\/wp-json\/wp\/v2\/posts\/6541","targetHints":{"allow":["GET"]}}],"collection":[{"href":"https:\/\/ledenonciateur224.com\/index.php\/wp-json\/wp\/v2\/posts"}],"about":[{"href":"https:\/\/ledenonciateur224.com\/index.php\/wp-json\/wp\/v2\/types\/post"}],"author":[{"embeddable":true,"href":"https:\/\/ledenonciateur224.com\/index.php\/wp-json\/wp\/v2\/users\/2"}],"replies":[{"embeddable":true,"href":"https:\/\/ledenonciateur224.com\/index.php\/wp-json\/wp\/v2\/comments?post=6541"}],"version-history":[{"count":1,"href":"https:\/\/ledenonciateur224.com\/index.php\/wp-json\/wp\/v2\/posts\/6541\/revisions"}],"predecessor-version":[{"id":6545,"href":"https:\/\/ledenonciateur224.com\/index.php\/wp-json\/wp\/v2\/posts\/6541\/revisions\/6545"}],"wp:featuredmedia":[{"embeddable":true,"href":"https:\/\/ledenonciateur224.com\/index.php\/wp-json\/wp\/v2\/media\/6544"}],"wp:attachment":[{"href":"https:\/\/ledenonciateur224.com\/index.php\/wp-json\/wp\/v2\/media?parent=6541"}],"wp:term":[{"taxonomy":"category","embeddable":true,"href":"https:\/\/ledenonciateur224.com\/index.php\/wp-json\/wp\/v2\/categories?post=6541"},{"taxonomy":"post_tag","embeddable":true,"href":"https:\/\/ledenonciateur224.com\/index.php\/wp-json\/wp\/v2\/tags?post=6541"}],"curies":[{"name":"wp","href":"https:\/\/api.w.org\/{rel}","templated":true}]}}