{"id":6546,"date":"2025-12-16T18:19:54","date_gmt":"2025-12-16T18:19:54","guid":{"rendered":"https:\/\/ledenonciateur224.com\/?p=6546"},"modified":"2025-12-16T18:45:36","modified_gmt":"2025-12-16T18:45:36","slug":"dix-septieme-anniversaire-du-rappel-a-dieu-de-lillustre-president-lansana-conte-celebration-au-lac-de-bouramayah","status":"publish","type":"post","link":"https:\/\/ledenonciateur224.com\/index.php\/dix-septieme-anniversaire-du-rappel-a-dieu-de-lillustre-president-lansana-conte-celebration-au-lac-de-bouramayah\/","title":{"rendered":"Dix-septi\u00e8me anniversaire du rappel \u00e0 Dieu de l&rsquo;illustre Pr\u00e9sident Lansana Cont\u00e9 : C\u00e9l\u00e9bration au Lac de Bouramayah"},"content":{"rendered":"<p>Le 22 d\u00e9cembre 2008, notre bien-aim\u00e9 Pr\u00e9sident G\u00e9n\u00e9ral Lansana Cont\u00e9, homme d&rsquo;\u00c9tat visionnaire et p\u00e8re de la nation, r\u00e9pondait au rappel du Tout Mis\u00e9ricordieux Allah (SWA). Cette date tragique mais m\u00e9morable demeure grav\u00e9e dans l&rsquo;histoire de notre pays, marqu\u00e9e chaque ann\u00e9e par des c\u00e9r\u00e9monies de recueillement et de pri\u00e8re au lac de Bouramayah, o\u00f9 repose l&rsquo;illustre disparu.<\/p>\n<p><strong>Cette ann\u00e9e, pour le dix-septi\u00e8me anniversaire de son d\u00e9part<\/strong>, les c\u00e9r\u00e9monies du <strong>fidaou<\/strong> se tiendront du <strong>dimanche 21 au lundi 22 d\u00e9cembre 2025<\/strong>, au lac de Bouramayah, dans la pr\u00e9fecture de <strong>Dubr\u00e9ka<\/strong>, sous la Haute autorit\u00e9 de <strong>Son Excellence Mamadi Doumbouya<\/strong>, Pr\u00e9sident de la Transition et Chef de l&rsquo;\u00c9tat, en pr\u00e9sence du <strong>gouvernement<\/strong>, des <strong>institutions r\u00e9publicaines<\/strong> et sous l\u2019\u00e9gide des <strong>coll\u00e8ges des sages<\/strong> et des <strong>khalifes de la Basse-Guin\u00e9e<\/strong>.<\/p>\n<h3><strong>Appel \u00e0 l&rsquo;unit\u00e9 et \u00e0 la fraternit\u00e9 nationale<\/strong><\/h3>\n<p>Nous, <strong>enfants et homonymes du feu Pr\u00e9sident Lansana Cont\u00e9<\/strong>, avons l&rsquo;immense honneur d\u2019inviter toutes et tous \u00e0 nous rejoindre pour ces moments de <strong>recueillement, de pri\u00e8re et de b\u00e9n\u00e9dictions<\/strong> en l&rsquo;honneur de celui qui a consacr\u00e9 sa vie \u00e0 l&rsquo;unit\u00e9 et au d\u00e9veloppement de la Guin\u00e9e. Ce sera un moment de <strong>solidarit\u00e9<\/strong>, de <strong>renforcement des liens de fraternit\u00e9<\/strong> et de <strong>coh\u00e9sion sociale<\/strong> pour tous les Guin\u00e9ens.<\/p>\n<p>Nous serions particuli\u00e8rement honor\u00e9s de partager cette occasion avec les personnalit\u00e9s suivantes :<\/p>\n<ul>\n<li><strong>Les coordinations r\u00e9gionales<\/strong> de la Basse-Guin\u00e9e, de Haali Poular, de l\u2019Union Mandingue et de l\u2019Union Foresti\u00e8re.<\/li>\n<li><strong>Les associations de la soci\u00e9t\u00e9 civile<\/strong>, les <strong>organisations faiti\u00e8res<\/strong>, les <strong>confessions religieuses<\/strong> ainsi que les <strong>partis politiques<\/strong>.<\/li>\n<li><strong>Les amis, anciens collaborateurs<\/strong>, et <strong>familles alli\u00e9es<\/strong> du feu Pr\u00e9sident Lansana Cont\u00e9.<\/li>\n<li>Le <strong>Chef d\u2019\u00c9tat-major g\u00e9n\u00e9ral des arm\u00e9es<\/strong> et les responsables militaires.<\/li>\n<\/ul>\n<h3><strong>Une c\u00e9r\u00e9monie symbolique pour l&rsquo;unit\u00e9 nationale<\/strong><\/h3>\n<p>Dans la dynamique de <strong>renforcement des liens d&rsquo;unit\u00e9 et de fraternit\u00e9<\/strong>, nous appelons toutes les filles et fils de Guin\u00e9e \u00e0 participer massivement \u00e0 cette <strong>c\u00e9l\u00e9bration du souvenir<\/strong>, afin de rendre hommage \u00e0 l\u2019<strong>h\u00e9ros national<\/strong>, \u00e0 l\u2019<strong>homme d\u2019\u00c9tat<\/strong> et \u00e0 celui qui a consacr\u00e9 son existence \u00e0 servir son pays.<\/p>\n<h3><strong>Rappel du Programme des C\u00e9r\u00e9monies<\/strong><\/h3>\n<p>Les c\u00e9r\u00e9monies commenceront le <strong>dimanche 21 d\u00e9cembre 2025<\/strong>, et se poursuivront jusqu\u2019au <strong>lundi 22 d\u00e9cembre 2025<\/strong>, avec des moments de pri\u00e8res, de t\u00e9moignages et d&rsquo;\u00e9changes interg\u00e9n\u00e9rationnels, suivis de moments de r\u00e9flexion et de partage.<\/p>\n<p>Nous comptons sur la <strong>pr\u00e9sence de tous<\/strong>, afin d\u2019honorer dignement la m\u00e9moire de l\u2019<strong>illustre disparu<\/strong> et de <strong>renouveler<\/strong> l&rsquo;engagement des Guin\u00e9ens pour l\u2019unit\u00e9, la paix et la prosp\u00e9rit\u00e9 du pays.<\/p>\n<p>&nbsp;<\/p>\n<p><strong>Fait \u00e0 Conakry, le 20 d\u00e9cembre 2025<\/strong><br \/>\n<strong>Capitaine Lansana TOUR\u00c9<\/strong><\/p>\n<p>Fait \u00e0 Conakry , le 15 D\u00e9cembre 2025<\/p>\n","protected":false},"excerpt":{"rendered":"<p>Le 22 d\u00e9cembre 2008, notre bien-aim\u00e9 Pr\u00e9sident G\u00e9n\u00e9ral Lansana Cont\u00e9, homme d&rsquo;\u00c9tat visionnaire et p\u00e8re de la nation, r\u00e9pondait au rappel du Tout Mis\u00e9ricordieux Allah (SWA). Cette date tragique mais m\u00e9morable demeure grav\u00e9e dans l&rsquo;histoire de notre pays, marqu\u00e9e chaque ann\u00e9e par des c\u00e9r\u00e9monies de recueillement et de pri\u00e8re au lac de Bouramayah, o\u00f9 repose [&hellip;]<\/p>\n","protected":false},"author":2,"featured_media":6547,"comment_status":"closed","ping_status":"closed","sticky":false,"template":"","format":"standard","meta":{"_jetpack_memberships_contains_paid_content":false,"footnotes":"","jetpack_publicize_message":"","jetpack_publicize_feature_enabled":true,"jetpack_social_post_already_shared":true,"jetpack_social_options":{"image_generator_settings":{"template":"highway","default_image_id":0,"font":"","enabled":false},"version":2}},"categories":[30,24],"tags":[458,35,290],"class_list":{"0":"post-6546","1":"post","2":"type-post","3":"status-publish","4":"format-standard","5":"has-post-thumbnail","7":"category-faits-divers","8":"category-news","9":"tag-president","10":"tag-guinee","11":"tag-lansana-conte"},"jetpack_publicize_connections":[],"jetpack_featured_media_url":"https:\/\/ledenonciateur224.com\/wp-content\/uploads\/2025\/12\/image.jpg","jetpack_sharing_enabled":true,"_links":{"self":[{"href":"https:\/\/ledenonciateur224.com\/index.php\/wp-json\/wp\/v2\/posts\/6546","targetHints":{"allow":["GET"]}}],"collection":[{"href":"https:\/\/ledenonciateur224.com\/index.php\/wp-json\/wp\/v2\/posts"}],"about":[{"href":"https:\/\/ledenonciateur224.com\/index.php\/wp-json\/wp\/v2\/types\/post"}],"author":[{"embeddable":true,"href":"https:\/\/ledenonciateur224.com\/index.php\/wp-json\/wp\/v2\/users\/2"}],"replies":[{"embeddable":true,"href":"https:\/\/ledenonciateur224.com\/index.php\/wp-json\/wp\/v2\/comments?post=6546"}],"version-history":[{"count":1,"href":"https:\/\/ledenonciateur224.com\/index.php\/wp-json\/wp\/v2\/posts\/6546\/revisions"}],"predecessor-version":[{"id":6549,"href":"https:\/\/ledenonciateur224.com\/index.php\/wp-json\/wp\/v2\/posts\/6546\/revisions\/6549"}],"wp:featuredmedia":[{"embeddable":true,"href":"https:\/\/ledenonciateur224.com\/index.php\/wp-json\/wp\/v2\/media\/6547"}],"wp:attachment":[{"href":"https:\/\/ledenonciateur224.com\/index.php\/wp-json\/wp\/v2\/media?parent=6546"}],"wp:term":[{"taxonomy":"category","embeddable":true,"href":"https:\/\/ledenonciateur224.com\/index.php\/wp-json\/wp\/v2\/categories?post=6546"},{"taxonomy":"post_tag","embeddable":true,"href":"https:\/\/ledenonciateur224.com\/index.php\/wp-json\/wp\/v2\/tags?post=6546"}],"curies":[{"name":"wp","href":"https:\/\/api.w.org\/{rel}","templated":true}]}}