{"id":6550,"date":"2025-12-16T21:22:26","date_gmt":"2025-12-16T21:22:26","guid":{"rendered":"https:\/\/ledenonciateur224.com\/?p=6550"},"modified":"2025-12-16T21:22:26","modified_gmt":"2025-12-16T21:22:26","slug":"ministere-de-lenergie-vaste-remaniement-strategique-17-hauts-responsables-nommes-ou-redeployes","status":"publish","type":"post","link":"https:\/\/ledenonciateur224.com\/index.php\/ministere-de-lenergie-vaste-remaniement-strategique-17-hauts-responsables-nommes-ou-redeployes\/","title":{"rendered":"Minist\u00e8re de l\u2019\u00c9nergie : vaste remaniement strat\u00e9gique, 17 hauts responsables nomm\u00e9s ou red\u00e9ploy\u00e9s"},"content":{"rendered":"<h3>Le Pr\u00e9sident de la Transition a proc\u00e9d\u00e9 \u00e0 un <strong>important remaniement administratif au sein du minist\u00e8re de l\u2019\u00c9nergie<\/strong>, marquant une nouvelle \u00e9tape dans la r\u00e9organisation et la dynamisation de ce secteur strat\u00e9gique pour le d\u00e9veloppement de la Guin\u00e9e. Au total, <strong>dix-sept (17) postes de responsabilit\u00e9<\/strong> ont \u00e9t\u00e9 concern\u00e9s par cette d\u00e9cision pr\u00e9sidentielle.<\/h3>\n<p>Ce remaniement touche aussi bien <strong>l\u2019administration centrale<\/strong> que les <strong>agences et structures cl\u00e9s du secteur \u00e9nerg\u00e9tique<\/strong>. Il se caract\u00e9rise par un m\u00e9lange de <strong>red\u00e9ploiements<\/strong>, de <strong>maintiens \u00e0 certains postes<\/strong> et de <strong>remplacements<\/strong>, traduisant la volont\u00e9 des autorit\u00e9s de renforcer l\u2019efficacit\u00e9, la gouvernance et les performances du secteur de l\u2019\u00e9nergie, notamment dans les domaines de l\u2019\u00e9lectricit\u00e9, des \u00e9nergies renouvelables et de l\u2019\u00e9lectrification rurale.<\/p>\n<h3><strong>Nominations et r\u00e9affectations cl\u00e9s<\/strong><\/h3>\n<p>Au niveau du contr\u00f4le et de la strat\u00e9gie,<\/p>\n<ul>\n<li><strong>Lancinet Nakouda Diakit\u00e9<\/strong> est confirm\u00e9 <strong>Inspecteur g\u00e9n\u00e9ral<\/strong>, poste qu\u2019il occupait d\u00e9j\u00e0 au minist\u00e8re de l\u2019\u00c9nergie, de l\u2019Hydraulique et des Hydrocarbures.<\/li>\n<li><strong>Rouguiatou Barry<\/strong> est nomm\u00e9e <strong>Inspectrice g\u00e9n\u00e9rale adjointe<\/strong>, en provenance du Bureau de strat\u00e9gie et de d\u00e9veloppement.<\/li>\n<li><strong>Joachim Haba<\/strong> prend les fonctions de <strong>Directeur g\u00e9n\u00e9ral du Bureau de strat\u00e9gie et de d\u00e9veloppement<\/strong>, apr\u00e8s avoir occup\u00e9 le poste de directeur g\u00e9n\u00e9ral adjoint.<\/li>\n<li><strong>Tiguidank\u00e9 Dabo<\/strong> est nomm\u00e9e <strong>Directrice g\u00e9n\u00e9rale adjointe<\/strong> du m\u00eame bureau, venant du minist\u00e8re des Mines et de la G\u00e9ologie.<\/li>\n<\/ul>\n<h3><strong>\u00c9nergies conventionnelles et renouvelables renforc\u00e9es<\/strong><\/h3>\n<p>Dans le domaine des \u00e9nergies conventionnelles,<\/p>\n<ul>\n<li><strong>Mambi Doumbouya<\/strong> est nomm\u00e9 <strong>Directeur national<\/strong>, assist\u00e9 de <strong>Abdourahamane K\u00e9\u00efta<\/strong> comme <strong>Directeur national adjoint<\/strong>, ancien DGA de l\u2019AGER.<\/li>\n<\/ul>\n<p>Pour les \u00e9nergies renouvelables,<\/p>\n<ul>\n<li><strong>Salifou Camara<\/strong> devient <strong>Directeur national des \u00e9nergies renouvelables<\/strong>,<\/li>\n<li><strong>Amadou Koulibaly<\/strong>, ing\u00e9nieur m\u00e9canicien sp\u00e9cialiste en \u00e9nergies renouvelables, est nomm\u00e9 <strong>Directeur national adjoint<\/strong>.<\/li>\n<\/ul>\n<h3><strong>Agences sp\u00e9cialis\u00e9es : nouveaux visages \u00e0 des postes cl\u00e9s<\/strong><\/h3>\n<p>\u00c0 l\u2019<strong>Agence de la ma\u00eetrise de l\u2019\u00e9nergie<\/strong>,<\/p>\n<ul>\n<li><strong>Abdoulaye Kon\u00e9<\/strong> est nomm\u00e9 <strong>Directeur g\u00e9n\u00e9ral<\/strong>,<\/li>\n<li><strong>Cellou Barry<\/strong> devient <strong>Directeur g\u00e9n\u00e9ral adjoint<\/strong>.<\/li>\n<\/ul>\n<p>\u00c0 l\u2019<strong>Agence nationale des \u00e9nergies renouvelables<\/strong>,<\/p>\n<ul>\n<li><strong>Challou Yolande Coll<\/strong> est nomm\u00e9e <strong>Directrice g\u00e9n\u00e9rale<\/strong>,<\/li>\n<li><strong>Almamy Ali Diawara<\/strong>, ing\u00e9nieur en conversion d\u2019\u00e9nergie, est d\u00e9sign\u00e9 <strong>Directeur adjoint<\/strong>.<\/li>\n<\/ul>\n<h3><strong>\u00c9lectrification rurale et \u00e9lectricit\u00e9 nationale<\/strong><\/h3>\n<p>\u00c0 l\u2019<strong>Agence guin\u00e9enne de l\u2019\u00e9lectrification rurale (AGER)<\/strong>,<\/p>\n<ul>\n<li><strong>Moussa Cond\u00e9<\/strong> est nomm\u00e9 <strong>Directeur g\u00e9n\u00e9ral<\/strong>,<\/li>\n<li><strong>Amara Bangoura<\/strong>, ing\u00e9nieur g\u00e9ologue, devient <strong>Directeur g\u00e9n\u00e9ral adjoint<\/strong>.<\/li>\n<\/ul>\n<p>\u00c0 <strong>\u00c9lectricit\u00e9 de Guin\u00e9e (EDG)<\/strong>,<\/p>\n<ul>\n<li><strong>Gandho Barry<\/strong> est nomm\u00e9 <strong>Directeur g\u00e9n\u00e9ral<\/strong>,<\/li>\n<li><strong>N\u2019Faly Diaby<\/strong> devient <strong>Directeur g\u00e9n\u00e9ral adjoint charg\u00e9 de l\u2019exploitation<\/strong>,<\/li>\n<li><strong>Mamoudouba M\u2019Mah Camara<\/strong> est nomm\u00e9 <strong>Directeur g\u00e9n\u00e9ral adjoint charg\u00e9 de l\u2019am\u00e9lioration et de l\u2019efficacit\u00e9<\/strong>.<\/li>\n<\/ul>\n<p>Enfin,<\/p>\n<ul>\n<li><strong>Amadou Diallo<\/strong> est nomm\u00e9 <strong>Directeur g\u00e9n\u00e9ral adjoint de la Soci\u00e9t\u00e9 de gestion et d\u2019exploitation (SOGEPIT)<\/strong>.<\/li>\n<\/ul>\n<h3><strong>Un signal fort pour la r\u00e9forme du secteur \u00e9nerg\u00e9tique<\/strong><\/h3>\n<p>\u00c0 travers ce vaste remaniement, le Pr\u00e9sident de la Transition envoie un <strong>signal fort<\/strong> : celui d\u2019une volont\u00e9 affirm\u00e9e de <strong>professionnaliser<\/strong>, de <strong>moderniser<\/strong> et de <strong>rendre plus performant<\/strong> le secteur de l\u2019\u00e9nergie, pilier essentiel de la croissance \u00e9conomique, de l\u2019industrialisation et de l\u2019am\u00e9lioration des conditions de vie des populations.<\/p>\n<p>Ces nominations traduisent \u00e9galement une orientation vers des <strong>profils techniques<\/strong>, exp\u00e9riment\u00e9s et sp\u00e9cialis\u00e9s, capables de relever les d\u00e9fis li\u00e9s \u00e0 la production, \u00e0 la distribution de l\u2019\u00e9lectricit\u00e9, \u00e0 la transition \u00e9nerg\u00e9tique et \u00e0 l\u2019\u00e9lectrification des zones rurales.<\/p>\n<p>Ce remaniement pourrait ainsi marquer un <strong>tournant d\u00e9cisif<\/strong> dans la mise en \u0153uvre des r\u00e9formes structurelles engag\u00e9es par les autorit\u00e9s de la Transition dans le secteur \u00e9nerg\u00e9tique guin\u00e9en.<\/p>\n<p>&nbsp;<\/p>\n<p>Ledenonciateur224.com<\/p>\n","protected":false},"excerpt":{"rendered":"<p>Le Pr\u00e9sident de la Transition a proc\u00e9d\u00e9 \u00e0 un important remaniement administratif au sein du minist\u00e8re de l\u2019\u00c9nergie, marquant une nouvelle \u00e9tape dans la r\u00e9organisation et la dynamisation de ce secteur strat\u00e9gique pour le d\u00e9veloppement de la Guin\u00e9e. Au total, dix-sept (17) postes de responsabilit\u00e9 ont \u00e9t\u00e9 concern\u00e9s par cette d\u00e9cision pr\u00e9sidentielle. Ce remaniement touche [&hellip;]<\/p>\n","protected":false},"author":2,"featured_media":6551,"comment_status":"closed","ping_status":"closed","sticky":false,"template":"","format":"standard","meta":{"_jetpack_memberships_contains_paid_content":false,"footnotes":"","jetpack_publicize_message":"","jetpack_publicize_feature_enabled":true,"jetpack_social_post_already_shared":true,"jetpack_social_options":{"image_generator_settings":{"template":"highway","default_image_id":0,"font":"","enabled":false},"version":2}},"categories":[29,24],"tags":[672],"class_list":{"0":"post-6550","1":"post","2":"type-post","3":"status-publish","4":"format-standard","5":"has-post-thumbnail","7":"category-economie","8":"category-news","9":"tag-energie"},"jetpack_publicize_connections":[],"jetpack_featured_media_url":"https:\/\/ledenonciateur224.com\/wp-content\/uploads\/2025\/12\/fb-img-1765920106301.jpg","jetpack_sharing_enabled":true,"_links":{"self":[{"href":"https:\/\/ledenonciateur224.com\/index.php\/wp-json\/wp\/v2\/posts\/6550","targetHints":{"allow":["GET"]}}],"collection":[{"href":"https:\/\/ledenonciateur224.com\/index.php\/wp-json\/wp\/v2\/posts"}],"about":[{"href":"https:\/\/ledenonciateur224.com\/index.php\/wp-json\/wp\/v2\/types\/post"}],"author":[{"embeddable":true,"href":"https:\/\/ledenonciateur224.com\/index.php\/wp-json\/wp\/v2\/users\/2"}],"replies":[{"embeddable":true,"href":"https:\/\/ledenonciateur224.com\/index.php\/wp-json\/wp\/v2\/comments?post=6550"}],"version-history":[{"count":1,"href":"https:\/\/ledenonciateur224.com\/index.php\/wp-json\/wp\/v2\/posts\/6550\/revisions"}],"predecessor-version":[{"id":6552,"href":"https:\/\/ledenonciateur224.com\/index.php\/wp-json\/wp\/v2\/posts\/6550\/revisions\/6552"}],"wp:featuredmedia":[{"embeddable":true,"href":"https:\/\/ledenonciateur224.com\/index.php\/wp-json\/wp\/v2\/media\/6551"}],"wp:attachment":[{"href":"https:\/\/ledenonciateur224.com\/index.php\/wp-json\/wp\/v2\/media?parent=6550"}],"wp:term":[{"taxonomy":"category","embeddable":true,"href":"https:\/\/ledenonciateur224.com\/index.php\/wp-json\/wp\/v2\/categories?post=6550"},{"taxonomy":"post_tag","embeddable":true,"href":"https:\/\/ledenonciateur224.com\/index.php\/wp-json\/wp\/v2\/tags?post=6550"}],"curies":[{"name":"wp","href":"https:\/\/api.w.org\/{rel}","templated":true}]}}