{"id":6557,"date":"2025-12-17T11:17:54","date_gmt":"2025-12-17T11:17:54","guid":{"rendered":"https:\/\/ledenonciateur224.com\/?p=6557"},"modified":"2025-12-17T11:17:54","modified_gmt":"2025-12-17T11:17:54","slug":"demarrage-de-loperation-de-rabattage-ousmane-dady-camara-et-son-equipe-sur-le-terrain","status":"publish","type":"post","link":"https:\/\/ledenonciateur224.com\/index.php\/demarrage-de-loperation-de-rabattage-ousmane-dady-camara-et-son-equipe-sur-le-terrain\/","title":{"rendered":"D\u00e9marrage de l\u2019op\u00e9ration de rabattage : Ousmane Dady Camara et son \u00e9quipe sur le terrain"},"content":{"rendered":"<p>Le Forum <strong>Ensemble pour la Guin\u00e9e (EPG)<\/strong>\u00a0est pass\u00e9 de la parole \u00e0 l\u2019acte. D\u00e8s les premi\u00e8res heures de la matin\u00e9e de ce mercredi, ses responsables et militants ont investi plusieurs march\u00e9s de Conakry pour sensibiliser les citoyens au processus de vote et les inviter \u00e0 soutenir la candidature du pr\u00e9sident\u00a0<strong>Mamadi Doumbouya<\/strong>\u00a0\u00e0 l\u2019\u00e9lection pr\u00e9sidentielle pr\u00e9vue le\u00a0<strong>28 d\u00e9cembre prochain<\/strong>.<\/p>\n<p><img loading=\"lazy\" decoding=\"async\" class=\"alignnone size-full wp-image-6558\" src=\"https:\/\/ledenonciateur224.com\/wp-content\/uploads\/2025\/12\/img-20251217-wa0061.jpg\" alt=\"\" width=\"1020\" height=\"471\" srcset=\"https:\/\/ledenonciateur224.com\/wp-content\/uploads\/2025\/12\/img-20251217-wa0061.jpg 1020w, https:\/\/ledenonciateur224.com\/wp-content\/uploads\/2025\/12\/img-20251217-wa0061-300x139.jpg 300w, https:\/\/ledenonciateur224.com\/wp-content\/uploads\/2025\/12\/img-20251217-wa0061-768x355.jpg 768w, https:\/\/ledenonciateur224.com\/wp-content\/uploads\/2025\/12\/img-20251217-wa0061-150x69.jpg 150w, https:\/\/ledenonciateur224.com\/wp-content\/uploads\/2025\/12\/img-20251217-wa0061-696x321.jpg 696w, https:\/\/ledenonciateur224.com\/wp-content\/uploads\/2025\/12\/img-20251217-wa0061-910x420.jpg 910w\" sizes=\"auto, (max-width: 1020px) 100vw, 1020px\" \/><\/p>\n<p>Pr\u00e9sente dans les grands centres commerciaux de la capitale, la coalition a men\u00e9 une vaste campagne de proximit\u00e9, ax\u00e9e sur l\u2019explication concr\u00e8te des modalit\u00e9s de vote et la mobilisation citoyenne.<\/p>\n<p><img loading=\"lazy\" decoding=\"async\" class=\"alignnone size-full wp-image-6559\" src=\"https:\/\/ledenonciateur224.com\/wp-content\/uploads\/2025\/12\/img-20251217-wa0060.jpg\" alt=\"\" width=\"1020\" height=\"471\" srcset=\"https:\/\/ledenonciateur224.com\/wp-content\/uploads\/2025\/12\/img-20251217-wa0060.jpg 1020w, https:\/\/ledenonciateur224.com\/wp-content\/uploads\/2025\/12\/img-20251217-wa0060-300x139.jpg 300w, https:\/\/ledenonciateur224.com\/wp-content\/uploads\/2025\/12\/img-20251217-wa0060-768x355.jpg 768w, https:\/\/ledenonciateur224.com\/wp-content\/uploads\/2025\/12\/img-20251217-wa0060-150x69.jpg 150w, https:\/\/ledenonciateur224.com\/wp-content\/uploads\/2025\/12\/img-20251217-wa0060-696x321.jpg 696w, https:\/\/ledenonciateur224.com\/wp-content\/uploads\/2025\/12\/img-20251217-wa0060-910x420.jpg 910w\" sizes=\"auto, (max-width: 1020px) 100vw, 1020px\" \/><\/p>\n<p>\u00ab Tr\u00e8s t\u00f4t ce matin, l\u2019infatigable Forum EPG, que j\u2019ai l\u2019honneur de coordonner, \u00e9tait sur le terrain dans les grands march\u00e9s de Conakry pour une vaste op\u00e9ration de sensibilisation. Nous avons \u00e9chang\u00e9 avec les citoyens et expliqu\u00e9 concr\u00e8tement le processus de vote, afin de renforcer la participation et la conscience citoyenne.Le combat continue, au plus pr\u00e8s du peuple \u00bb, a d\u00e9clar\u00e9 le coordinateur g\u00e9n\u00e9ral du Forum Ensemble pour la Guin\u00e9e,\u00a0<strong>Ousmane Dady Camara<\/strong>.<\/p>\n<p>Cette op\u00e9ration s\u2019inscrit dans le cadre de la\u00a0<strong>campagne nationale de rabattage<\/strong>\u00a0lanc\u00e9e la veille \u00e0 Conakry, notamment dans la commune de Matoto, avant de s\u2019\u00e9tendre progressivement \u00e0 l\u2019ensemble du territoire national. Selon les responsables du forum, une attention particuli\u00e8re a \u00e9t\u00e9 accord\u00e9e aux couches sociales les plus modestes, notamment aux femmes commer\u00e7antes des march\u00e9s.<\/p>\n<p>S\u2019exprimant au nom du Forum EPG, son porte-parole\u00a0<strong>Oy\u00e9 Beavogui<\/strong>\u00a0est revenu sur l\u2019esprit et les objectifs de cette initiative de terrain.<\/p>\n<p><img loading=\"lazy\" decoding=\"async\" class=\"alignnone size-full wp-image-6560\" src=\"https:\/\/ledenonciateur224.com\/wp-content\/uploads\/2025\/12\/img-20251217-wa0063.jpg\" alt=\"\" width=\"1020\" height=\"471\" srcset=\"https:\/\/ledenonciateur224.com\/wp-content\/uploads\/2025\/12\/img-20251217-wa0063.jpg 1020w, https:\/\/ledenonciateur224.com\/wp-content\/uploads\/2025\/12\/img-20251217-wa0063-300x139.jpg 300w, https:\/\/ledenonciateur224.com\/wp-content\/uploads\/2025\/12\/img-20251217-wa0063-768x355.jpg 768w, https:\/\/ledenonciateur224.com\/wp-content\/uploads\/2025\/12\/img-20251217-wa0063-150x69.jpg 150w, https:\/\/ledenonciateur224.com\/wp-content\/uploads\/2025\/12\/img-20251217-wa0063-696x321.jpg 696w, https:\/\/ledenonciateur224.com\/wp-content\/uploads\/2025\/12\/img-20251217-wa0063-910x420.jpg 910w\" sizes=\"auto, (max-width: 1020px) 100vw, 1020px\" \/><\/p>\n<p>\u00ab Hier, nous avons lanc\u00e9 la campagne nationale de rabattage \u00e0 Conakry, pr\u00e9cis\u00e9ment \u00e0 Matoto, et elle s\u2019est structur\u00e9e un peu partout sur le territoire national. Nous avons voulu marquer un volet particulier en allant vers les couches d\u00e9sh\u00e9rit\u00e9es, vers nos mamans, les femmes des march\u00e9s, afin de leur expliquer, \u00e0 travers des d\u00e9monstrations pratiques, comment voter pour notre candidat, le pr\u00e9sident Mamadi Doumbouya. \u00bb<\/p>\n<p>Selon lui, l\u2019op\u00e9ration a rencontr\u00e9 un fort engouement, notamment en raison de la proximit\u00e9 entretenue avec ces femmes, dont le quotidien commence tr\u00e8s t\u00f4t.<\/p>\n<p>\u00ab Ce sont des femmes qui se l\u00e8vent \u00e0 3h ou 4h du matin. Nous avons fait comme elles, en nous adaptant \u00e0 leur quotidien, afin de mieux les sensibiliser. Malgr\u00e9 leurs nombreuses t\u00e2ches, elles ont accord\u00e9 un maximum de temps \u00e0 notre \u00e9quipe pour comprendre le processus de vote \u00bb, a-t-il soulign\u00e9.<\/p>\n<p>Pour le Forum Ensemble pour la Guin\u00e9e, l\u2019objectif affich\u00e9 est clair : obtenir une victoire d\u00e8s le premier tour avec un score \u00e9crasant.<\/p>\n<p>\u00ab Nous ne sommes pas dans l\u2019espoir, nous voulons un score d\u2019au moins 95 %, afin que l\u2019\u00e9lection se joue en un seul tour. Le candidat a suffisamment prouv\u00e9, au cours des cinq derni\u00e8res ann\u00e9es, qu\u2019il peut aider le peuple de Guin\u00e9e et engager des r\u00e9formes pour le bien-\u00eatre de tous \u00bb, a ajout\u00e9 Oy\u00e9 Beavogui.<\/p>\n<p>Le forum appelle ainsi l\u2019ensemble des forces politiques et sociales \u00e0 se mobiliser pour contribuer \u00e0 une victoire jug\u00e9e l\u00e9gitime du candidat qu\u2019il soutient.<\/p>\n<p>\u00ab Nous demandons au peuple de Guin\u00e9e, \u00e0 tous les citoyens, de se mobiliser massivement. Le pr\u00e9sident Mamadi Doumbouya incarne aujourd\u2019hui l\u2019aspiration de tout un peuple \u00bb, a-t-il conclu.<\/p>\n<p>&nbsp;<\/p>\n<p>Ledenonciateur224.com<\/p>\n<p>622 42 41 87<\/p>\n","protected":false},"excerpt":{"rendered":"<p>Le Forum Ensemble pour la Guin\u00e9e (EPG)\u00a0est pass\u00e9 de la parole \u00e0 l\u2019acte. D\u00e8s les premi\u00e8res heures de la matin\u00e9e de ce mercredi, ses responsables et militants ont investi plusieurs march\u00e9s de Conakry pour sensibiliser les citoyens au processus de vote et les inviter \u00e0 soutenir la candidature du pr\u00e9sident\u00a0Mamadi Doumbouya\u00a0\u00e0 l\u2019\u00e9lection pr\u00e9sidentielle pr\u00e9vue le\u00a028 [&hellip;]<\/p>\n","protected":false},"author":2,"featured_media":6561,"comment_status":"closed","ping_status":"closed","sticky":false,"template":"","format":"standard","meta":{"_jetpack_memberships_contains_paid_content":false,"footnotes":"","jetpack_publicize_message":"","jetpack_publicize_feature_enabled":true,"jetpack_social_post_already_shared":true,"jetpack_social_options":{"image_generator_settings":{"template":"highway","default_image_id":0,"font":"","enabled":false},"version":2}},"categories":[24,27],"tags":[1397,1396],"class_list":{"0":"post-6557","1":"post","2":"type-post","3":"status-publish","4":"format-standard","5":"has-post-thumbnail","7":"category-news","8":"category-politique","9":"tag-ensemble-pour-la-guinee","10":"tag-rabattage"},"jetpack_publicize_connections":[],"jetpack_featured_media_url":"https:\/\/ledenonciateur224.com\/wp-content\/uploads\/2025\/12\/img-20251217-wa0064.jpg","jetpack_sharing_enabled":true,"_links":{"self":[{"href":"https:\/\/ledenonciateur224.com\/index.php\/wp-json\/wp\/v2\/posts\/6557","targetHints":{"allow":["GET"]}}],"collection":[{"href":"https:\/\/ledenonciateur224.com\/index.php\/wp-json\/wp\/v2\/posts"}],"about":[{"href":"https:\/\/ledenonciateur224.com\/index.php\/wp-json\/wp\/v2\/types\/post"}],"author":[{"embeddable":true,"href":"https:\/\/ledenonciateur224.com\/index.php\/wp-json\/wp\/v2\/users\/2"}],"replies":[{"embeddable":true,"href":"https:\/\/ledenonciateur224.com\/index.php\/wp-json\/wp\/v2\/comments?post=6557"}],"version-history":[{"count":1,"href":"https:\/\/ledenonciateur224.com\/index.php\/wp-json\/wp\/v2\/posts\/6557\/revisions"}],"predecessor-version":[{"id":6562,"href":"https:\/\/ledenonciateur224.com\/index.php\/wp-json\/wp\/v2\/posts\/6557\/revisions\/6562"}],"wp:featuredmedia":[{"embeddable":true,"href":"https:\/\/ledenonciateur224.com\/index.php\/wp-json\/wp\/v2\/media\/6561"}],"wp:attachment":[{"href":"https:\/\/ledenonciateur224.com\/index.php\/wp-json\/wp\/v2\/media?parent=6557"}],"wp:term":[{"taxonomy":"category","embeddable":true,"href":"https:\/\/ledenonciateur224.com\/index.php\/wp-json\/wp\/v2\/categories?post=6557"},{"taxonomy":"post_tag","embeddable":true,"href":"https:\/\/ledenonciateur224.com\/index.php\/wp-json\/wp\/v2\/tags?post=6557"}],"curies":[{"name":"wp","href":"https:\/\/api.w.org\/{rel}","templated":true}]}}