{"id":6563,"date":"2025-12-17T13:55:17","date_gmt":"2025-12-17T13:55:17","guid":{"rendered":"https:\/\/ledenonciateur224.com\/?p=6563"},"modified":"2025-12-17T13:55:17","modified_gmt":"2025-12-17T13:55:17","slug":"protection-des-equipements-electriques-une-demarche-participative-du-piegm-et-du-gouvernement","status":"publish","type":"post","link":"https:\/\/ledenonciateur224.com\/index.php\/protection-des-equipements-electriques-une-demarche-participative-du-piegm-et-du-gouvernement\/","title":{"rendered":"Protection des \u00e9quipements \u00e9lectriques : une d\u00e9marche participative du PIEGM et du Gouvernement"},"content":{"rendered":"<p>Dans le cadre de la mise en \u0153uvre du Projet d\u2019Interconnexion et d\u2019\u00c9lectrification Guin\u00e9e\u2013Mali (PIEGM), une vaste campagne d\u2019information et de sensibilisation sur les risques li\u00e9s \u00e0 l\u2019\u00e9lectricit\u00e9 et la protection des \u00e9quipements \u00e9lectriques a \u00e9t\u00e9 d\u00e9ploy\u00e9e \u00e0 l\u2019endroit des communaut\u00e9s b\u00e9n\u00e9ficiaires.<\/p>\n<p><img loading=\"lazy\" decoding=\"async\" class=\"alignnone size-full wp-image-6564\" src=\"https:\/\/ledenonciateur224.com\/wp-content\/uploads\/2025\/12\/img-20251217-wa0158.jpg\" alt=\"\" width=\"1024\" height=\"683\" srcset=\"https:\/\/ledenonciateur224.com\/wp-content\/uploads\/2025\/12\/img-20251217-wa0158.jpg 1024w, https:\/\/ledenonciateur224.com\/wp-content\/uploads\/2025\/12\/img-20251217-wa0158-300x200.jpg 300w, https:\/\/ledenonciateur224.com\/wp-content\/uploads\/2025\/12\/img-20251217-wa0158-768x512.jpg 768w, https:\/\/ledenonciateur224.com\/wp-content\/uploads\/2025\/12\/img-20251217-wa0158-150x100.jpg 150w, https:\/\/ledenonciateur224.com\/wp-content\/uploads\/2025\/12\/img-20251217-wa0158-696x464.jpg 696w, https:\/\/ledenonciateur224.com\/wp-content\/uploads\/2025\/12\/img-20251217-wa0158-630x420.jpg 630w\" sizes=\"auto, (max-width: 1024px) 100vw, 1024px\" \/><\/p>\n<p>Cette initiative vise, de mani\u00e8re g\u00e9n\u00e9rale, \u00e0 promouvoir la protection des infrastructures \u00e9lectriques encore hors tension contre le vol et le vandalisme, tout en renfor\u00e7ant la compr\u00e9hension des populations sur les dangers li\u00e9s \u00e0 une mauvaise manipulation des installations \u00e9lectriques. Elle s\u2019inscrit dans une d\u00e9marche pr\u00e9ventive essentielle pour garantir la durabilit\u00e9 des investissements publics et la s\u00e9curit\u00e9 des citoyens.<\/p>\n<p>Au total, 29 centres de r\u00e9unions communautaires ont accueilli les leaders d\u2019opinion issus de 121 localit\u00e9s concern\u00e9es par le programme d\u2019\u00e9lectrification rurale dans les pr\u00e9fectures de Siguiri, Kankan, K\u00e9rouan\u00e9, Beyla, Kouroussa et N\u2019Z\u00e9r\u00e9kor\u00e9. Ces cadres d\u2019\u00e9changes ont permis une communication de proximit\u00e9, favorisant l\u2019appropriation du projet par les communaut\u00e9s et leur engagement actif dans la protection des \u00e9quipements install\u00e9s.<\/p>\n<p>L\u2019importance de cette campagne r\u00e9side dans son approche inclusive et participative, qui place les populations au c\u0153ur de la s\u00e9curisation des ouvrages \u00e9lectriques. En sensibilisant les leaders communautaires, le projet cr\u00e9e des relais locaux capables de diffuser les bons comportements et de pr\u00e9venir les actes de vandalisme susceptibles de compromettre l\u2019acc\u00e8s futur \u00e0 l\u2019\u00e9lectricit\u00e9.<\/p>\n<p><img loading=\"lazy\" decoding=\"async\" class=\"alignnone size-full wp-image-6565\" src=\"https:\/\/ledenonciateur224.com\/wp-content\/uploads\/2025\/12\/img-20251217-wa0156.jpg\" alt=\"\" width=\"1024\" height=\"683\" srcset=\"https:\/\/ledenonciateur224.com\/wp-content\/uploads\/2025\/12\/img-20251217-wa0156.jpg 1024w, https:\/\/ledenonciateur224.com\/wp-content\/uploads\/2025\/12\/img-20251217-wa0156-300x200.jpg 300w, https:\/\/ledenonciateur224.com\/wp-content\/uploads\/2025\/12\/img-20251217-wa0156-768x512.jpg 768w, https:\/\/ledenonciateur224.com\/wp-content\/uploads\/2025\/12\/img-20251217-wa0156-150x100.jpg 150w, https:\/\/ledenonciateur224.com\/wp-content\/uploads\/2025\/12\/img-20251217-wa0156-696x464.jpg 696w, https:\/\/ledenonciateur224.com\/wp-content\/uploads\/2025\/12\/img-20251217-wa0156-630x420.jpg 630w\" sizes=\"auto, (max-width: 1024px) 100vw, 1024px\" \/><\/p>\n<p>Cette d\u00e9marche traduit la volont\u00e9 du PIEGM et du Gouvernement guin\u00e9en d\u2019adopter une gouvernance responsable des projets d\u2019infrastructures, en alliant investissements techniques, communication sociale et mobilisation citoyenne. Elle t\u00e9moigne \u00e9galement de l\u2019engagement des autorit\u00e9s \u00e0 assurer un acc\u00e8s durable, s\u00e9curis\u00e9 et \u00e9quitable \u00e0 l\u2019\u00e9lectricit\u00e9, v\u00e9ritable levier de d\u00e9veloppement \u00e9conomique et social pour les zones rurales concern\u00e9es.<\/p>\n<p>&nbsp;<\/p>\n<p>Cellule de la communication<\/p>\n","protected":false},"excerpt":{"rendered":"<p>Dans le cadre de la mise en \u0153uvre du Projet d\u2019Interconnexion et d\u2019\u00c9lectrification Guin\u00e9e\u2013Mali (PIEGM), une vaste campagne d\u2019information et de sensibilisation sur les risques li\u00e9s \u00e0 l\u2019\u00e9lectricit\u00e9 et la protection des \u00e9quipements \u00e9lectriques a \u00e9t\u00e9 d\u00e9ploy\u00e9e \u00e0 l\u2019endroit des communaut\u00e9s b\u00e9n\u00e9ficiaires. Cette initiative vise, de mani\u00e8re g\u00e9n\u00e9rale, \u00e0 promouvoir la protection des infrastructures \u00e9lectriques [&hellip;]<\/p>\n","protected":false},"author":2,"featured_media":6566,"comment_status":"closed","ping_status":"closed","sticky":false,"template":"","format":"standard","meta":{"_jetpack_memberships_contains_paid_content":false,"footnotes":"","jetpack_publicize_message":"","jetpack_publicize_feature_enabled":true,"jetpack_social_post_already_shared":true,"jetpack_social_options":{"image_generator_settings":{"template":"highway","default_image_id":0,"font":"","enabled":false},"version":2}},"categories":[30,24],"tags":[1398,1050],"class_list":{"0":"post-6563","1":"post","2":"type-post","3":"status-publish","4":"format-standard","5":"has-post-thumbnail","7":"category-faits-divers","8":"category-news","9":"tag-electrification","10":"tag-energie-guinee"},"jetpack_publicize_connections":[],"jetpack_featured_media_url":"https:\/\/ledenonciateur224.com\/wp-content\/uploads\/2025\/12\/img-20251217-wa0155.jpg","jetpack_sharing_enabled":true,"_links":{"self":[{"href":"https:\/\/ledenonciateur224.com\/index.php\/wp-json\/wp\/v2\/posts\/6563","targetHints":{"allow":["GET"]}}],"collection":[{"href":"https:\/\/ledenonciateur224.com\/index.php\/wp-json\/wp\/v2\/posts"}],"about":[{"href":"https:\/\/ledenonciateur224.com\/index.php\/wp-json\/wp\/v2\/types\/post"}],"author":[{"embeddable":true,"href":"https:\/\/ledenonciateur224.com\/index.php\/wp-json\/wp\/v2\/users\/2"}],"replies":[{"embeddable":true,"href":"https:\/\/ledenonciateur224.com\/index.php\/wp-json\/wp\/v2\/comments?post=6563"}],"version-history":[{"count":1,"href":"https:\/\/ledenonciateur224.com\/index.php\/wp-json\/wp\/v2\/posts\/6563\/revisions"}],"predecessor-version":[{"id":6567,"href":"https:\/\/ledenonciateur224.com\/index.php\/wp-json\/wp\/v2\/posts\/6563\/revisions\/6567"}],"wp:featuredmedia":[{"embeddable":true,"href":"https:\/\/ledenonciateur224.com\/index.php\/wp-json\/wp\/v2\/media\/6566"}],"wp:attachment":[{"href":"https:\/\/ledenonciateur224.com\/index.php\/wp-json\/wp\/v2\/media?parent=6563"}],"wp:term":[{"taxonomy":"category","embeddable":true,"href":"https:\/\/ledenonciateur224.com\/index.php\/wp-json\/wp\/v2\/categories?post=6563"},{"taxonomy":"post_tag","embeddable":true,"href":"https:\/\/ledenonciateur224.com\/index.php\/wp-json\/wp\/v2\/tags?post=6563"}],"curies":[{"name":"wp","href":"https:\/\/api.w.org\/{rel}","templated":true}]}}