{"id":6574,"date":"2025-12-17T16:16:50","date_gmt":"2025-12-17T16:16:50","guid":{"rendered":"https:\/\/ledenonciateur224.com\/?p=6574"},"modified":"2025-12-17T16:16:50","modified_gmt":"2025-12-17T16:16:50","slug":"suspension-de-lufdg-le-matd-maintient-la-sanction-et-brandit-la-menace-du-retrait-du-statut-juridique","status":"publish","type":"post","link":"https:\/\/ledenonciateur224.com\/index.php\/suspension-de-lufdg-le-matd-maintient-la-sanction-et-brandit-la-menace-du-retrait-du-statut-juridique\/","title":{"rendered":"Suspension de l\u2019UFDG : le MATD maintient la sanction et brandit la menace du retrait du statut juridique"},"content":{"rendered":"<p>La mesure de suspension frappant l\u2019<strong>Union des Forces D\u00e9mocratiques de Guin\u00e9e (UFDG)<\/strong> reste pleinement en vigueur. C\u2019est la d\u00e9cision confirm\u00e9e par le <strong>Minist\u00e8re de l\u2019Administration du Territoire et de la D\u00e9centralisation (MATD)<\/strong> \u00e0 travers un courrier officiel notifi\u00e9 \u00e0 la direction du parti le <strong>16 d\u00e9cembre 2025<\/strong>.<\/p>\n<p>Dans cette correspondance sign\u00e9e par le ministre <strong>Ibrahima Kalil Cond\u00e9<\/strong>, le MATD indique que, malgr\u00e9 la coop\u00e9ration affich\u00e9e par la formation politique dirig\u00e9e par <strong>Cellou Dalein Diallo<\/strong> et les pi\u00e8ces vers\u00e9es \u00e0 son dossier, <strong>des manquements substantiels aux textes l\u00e9gaux et r\u00e9glementaires encadrant les partis politiques en R\u00e9publique de Guin\u00e9e demeurent non corrig\u00e9s \u00e0 ce jour<\/strong>.<\/p>\n<p>Le minist\u00e8re rel\u00e8ve, en effet, la persistance de plusieurs anomalies jug\u00e9es majeures au sein de l\u2019UFDG. Parmi celles-ci figurent notamment :<\/p>\n<ul>\n<li>la <strong>non-organisation des congr\u00e8s du parti depuis 2015<\/strong> ;<\/li>\n<li>l\u2019<strong>absence de proc\u00e8s-verbaux \u00e9lectifs<\/strong> au niveau des structures d\u00e9concentr\u00e9es ;<\/li>\n<li>la <strong>substitution irr\u00e9guli\u00e8re d\u2019une convention nationale \u00e0 un congr\u00e8s statutaire<\/strong>, en violation des textes fondamentaux de la formation politique ;<\/li>\n<li>la <strong>composition irr\u00e9guli\u00e8re des organes de direction<\/strong>, caract\u00e9ris\u00e9e par des nominations non conformes aux statuts ;<\/li>\n<li>la <strong>poursuite d\u2019activit\u00e9s politiques par les d\u00e9membrements de l\u2019ext\u00e9rieur<\/strong>, en violation de la d\u00e9cision de suspension en vigueur.<\/li>\n<\/ul>\n<p>Au regard de ces manquements, le MATD notifie officiellement \u00e0 l\u2019UFDG le <strong>maintien de la mesure de suspension<\/strong>, laquelle restera effective jusqu\u2019\u00e0 la <strong>satisfaction totale des exigences l\u00e9gales et r\u00e9glementaires<\/strong> pr\u00e9c\u00e9demment \u00e9nonc\u00e9es.<\/p>\n<p>Toutefois, le d\u00e9partement minist\u00e9riel accorde \u00e0 la formation politique un <strong>d\u00e9lai de rigueur de six (6) mois<\/strong>, \u00e0 compter du <strong>25 novembre 2025<\/strong>, pour se conformer int\u00e9gralement aux <strong>nouvelles dispositions l\u00e9gales r\u00e9gissant le fonctionnement des partis politiques<\/strong>.<\/p>\n<p>\u00c0 l\u2019issue de ce d\u00e9lai, et en l\u2019absence de r\u00e9gularisation effective, l\u2019UFDG s\u2019expose \u00e0 une <strong>perte de son statut juridique<\/strong>, conform\u00e9ment \u00e0 la rigueur de la loi, avertit le MATD.<\/p>\n<p><img loading=\"lazy\" decoding=\"async\" class=\"alignnone size-full wp-image-6575\" src=\"https:\/\/ledenonciateur224.com\/wp-content\/uploads\/2025\/12\/suspension-ufdg-1.jpg\" alt=\"\" width=\"700\" height=\"1000\" srcset=\"https:\/\/ledenonciateur224.com\/wp-content\/uploads\/2025\/12\/suspension-ufdg-1.jpg 700w, https:\/\/ledenonciateur224.com\/wp-content\/uploads\/2025\/12\/suspension-ufdg-1-210x300.jpg 210w, https:\/\/ledenonciateur224.com\/wp-content\/uploads\/2025\/12\/suspension-ufdg-1-150x214.jpg 150w, https:\/\/ledenonciateur224.com\/wp-content\/uploads\/2025\/12\/suspension-ufdg-1-300x429.jpg 300w, https:\/\/ledenonciateur224.com\/wp-content\/uploads\/2025\/12\/suspension-ufdg-1-696x994.jpg 696w, https:\/\/ledenonciateur224.com\/wp-content\/uploads\/2025\/12\/suspension-ufdg-1-294x420.jpg 294w\" sizes=\"auto, (max-width: 700px) 100vw, 700px\" \/> <img loading=\"lazy\" decoding=\"async\" class=\"alignnone size-full wp-image-6576\" src=\"https:\/\/ledenonciateur224.com\/wp-content\/uploads\/2025\/12\/suspension-ufdg-2.jpg\" alt=\"\" width=\"700\" height=\"864\" srcset=\"https:\/\/ledenonciateur224.com\/wp-content\/uploads\/2025\/12\/suspension-ufdg-2.jpg 700w, https:\/\/ledenonciateur224.com\/wp-content\/uploads\/2025\/12\/suspension-ufdg-2-243x300.jpg 243w, https:\/\/ledenonciateur224.com\/wp-content\/uploads\/2025\/12\/suspension-ufdg-2-150x185.jpg 150w, https:\/\/ledenonciateur224.com\/wp-content\/uploads\/2025\/12\/suspension-ufdg-2-300x370.jpg 300w, https:\/\/ledenonciateur224.com\/wp-content\/uploads\/2025\/12\/suspension-ufdg-2-324x400.jpg 324w, https:\/\/ledenonciateur224.com\/wp-content\/uploads\/2025\/12\/suspension-ufdg-2-696x859.jpg 696w, https:\/\/ledenonciateur224.com\/wp-content\/uploads\/2025\/12\/suspension-ufdg-2-340x420.jpg 340w\" sizes=\"auto, (max-width: 700px) 100vw, 700px\" \/><\/p>\n<p>Ledenonciateur224.com<\/p>\n","protected":false},"excerpt":{"rendered":"<p>La mesure de suspension frappant l\u2019Union des Forces D\u00e9mocratiques de Guin\u00e9e (UFDG) reste pleinement en vigueur. C\u2019est la d\u00e9cision confirm\u00e9e par le Minist\u00e8re de l\u2019Administration du Territoire et de la D\u00e9centralisation (MATD) \u00e0 travers un courrier officiel notifi\u00e9 \u00e0 la direction du parti le 16 d\u00e9cembre 2025. Dans cette correspondance sign\u00e9e par le ministre Ibrahima [&hellip;]<\/p>\n","protected":false},"author":2,"featured_media":3752,"comment_status":"closed","ping_status":"closed","sticky":false,"template":"","format":"standard","meta":{"_jetpack_memberships_contains_paid_content":false,"footnotes":"","jetpack_publicize_message":"","jetpack_publicize_feature_enabled":true,"jetpack_social_post_already_shared":true,"jetpack_social_options":{"image_generator_settings":{"template":"highway","default_image_id":0,"font":"","enabled":false},"version":2}},"categories":[24,27],"tags":[588],"class_list":{"0":"post-6574","1":"post","2":"type-post","3":"status-publish","4":"format-standard","5":"has-post-thumbnail","7":"category-news","8":"category-politique","9":"tag-parti-ufdg"},"jetpack_publicize_connections":[],"jetpack_featured_media_url":"https:\/\/ledenonciateur224.com\/wp-content\/uploads\/2025\/07\/cellou-dalein.jpg","jetpack_sharing_enabled":true,"_links":{"self":[{"href":"https:\/\/ledenonciateur224.com\/index.php\/wp-json\/wp\/v2\/posts\/6574","targetHints":{"allow":["GET"]}}],"collection":[{"href":"https:\/\/ledenonciateur224.com\/index.php\/wp-json\/wp\/v2\/posts"}],"about":[{"href":"https:\/\/ledenonciateur224.com\/index.php\/wp-json\/wp\/v2\/types\/post"}],"author":[{"embeddable":true,"href":"https:\/\/ledenonciateur224.com\/index.php\/wp-json\/wp\/v2\/users\/2"}],"replies":[{"embeddable":true,"href":"https:\/\/ledenonciateur224.com\/index.php\/wp-json\/wp\/v2\/comments?post=6574"}],"version-history":[{"count":1,"href":"https:\/\/ledenonciateur224.com\/index.php\/wp-json\/wp\/v2\/posts\/6574\/revisions"}],"predecessor-version":[{"id":6577,"href":"https:\/\/ledenonciateur224.com\/index.php\/wp-json\/wp\/v2\/posts\/6574\/revisions\/6577"}],"wp:featuredmedia":[{"embeddable":true,"href":"https:\/\/ledenonciateur224.com\/index.php\/wp-json\/wp\/v2\/media\/3752"}],"wp:attachment":[{"href":"https:\/\/ledenonciateur224.com\/index.php\/wp-json\/wp\/v2\/media?parent=6574"}],"wp:term":[{"taxonomy":"category","embeddable":true,"href":"https:\/\/ledenonciateur224.com\/index.php\/wp-json\/wp\/v2\/categories?post=6574"},{"taxonomy":"post_tag","embeddable":true,"href":"https:\/\/ledenonciateur224.com\/index.php\/wp-json\/wp\/v2\/tags?post=6574"}],"curies":[{"name":"wp","href":"https:\/\/api.w.org\/{rel}","templated":true}]}}