{"id":6578,"date":"2025-12-17T19:36:14","date_gmt":"2025-12-17T19:36:14","guid":{"rendered":"https:\/\/ledenonciateur224.com\/?p=6578"},"modified":"2025-12-17T19:36:14","modified_gmt":"2025-12-17T19:36:14","slug":"presidentielle-du-28-decembre-depuis-le-maroc-moussa-dadis-camara-annonce-son-soutien-a-mamadi-doumbouya","status":"publish","type":"post","link":"https:\/\/ledenonciateur224.com\/index.php\/presidentielle-du-28-decembre-depuis-le-maroc-moussa-dadis-camara-annonce-son-soutien-a-mamadi-doumbouya\/","title":{"rendered":"Pr\u00e9sidentielle du 28 d\u00e9cembre : depuis le Maroc, Moussa Dadis Camara annonce son soutien \u00e0 Mamadi Doumbouya"},"content":{"rendered":"<p><span style=\"color: #111111;font-family: Roboto, sans-serif;font-size: 27px\">L\u2019ancien pr\u00e9sident de la Transition de 2008, <\/span><strong style=\"color: #111111;font-family: Roboto, sans-serif;font-size: 27px\">Moussa Dadis Camara<\/strong><span style=\"color: #111111;font-family: Roboto, sans-serif;font-size: 27px\">, a officiellement fait conna\u00eetre son choix dans le cadre de l\u2019\u00e9lection pr\u00e9sidentielle pr\u00e9vue le <\/span><strong style=\"color: #111111;font-family: Roboto, sans-serif;font-size: 27px\">28 d\u00e9cembre 2025<\/strong><span style=\"color: #111111;font-family: Roboto, sans-serif;font-size: 27px\">. Install\u00e9 au <\/span><strong style=\"color: #111111;font-family: Roboto, sans-serif;font-size: 27px\">Maroc<\/strong><span style=\"color: #111111;font-family: Roboto, sans-serif;font-size: 27px\"> pour des raisons de sant\u00e9, l\u2019ex-chef du <\/span><strong style=\"color: #111111;font-family: Roboto, sans-serif;font-size: 27px\">Conseil National pour la D\u00e9mocratie et le D\u00e9veloppement (CNDD)<\/strong><span style=\"color: #111111;font-family: Roboto, sans-serif;font-size: 27px\"> a d\u00e9cid\u00e9 d\u2019apporter son soutien au candidat <\/span><strong style=\"color: #111111;font-family: Roboto, sans-serif;font-size: 27px\">Mamadi Doumbouya<\/strong><span style=\"color: #111111;font-family: Roboto, sans-serif;font-size: 27px\">.<\/span><\/p>\n<p>Cette prise de position a \u00e9t\u00e9 rendue publique \u00e0 l\u2019occasion d\u2019un <strong>meeting politique organis\u00e9 par le mouvement GMD \u00e0 Koul\u00e9<\/strong>, son village d\u2019origine. C\u2019est par <strong>visioconf\u00e9rence<\/strong> que Moussa Dadis Camara s\u2019est adress\u00e9 aux populations locales, livrant un message ax\u00e9 sur l\u2019unit\u00e9, la coh\u00e9sion sociale et le soutien au pr\u00e9sident sortant.<\/p>\n<p>S\u2019exprimant en <strong>langue locale guerz\u00e9<\/strong>, l\u2019ancien chef de la junte de 2008 a d\u2019abord salu\u00e9 la mobilisation des habitants de Koul\u00e9 en faveur de Mamadi Doumbouya, tout en appelant \u00e0 l\u2019apaisement et au vivre-ensemble.<\/p>\n<p>\u00ab <em>Habitants de Koul\u00e9 Yaketa, je vous salue. Je vous remercie \u00e9galement pour votre mobilisation pour la cause du pr\u00e9sident Doumbouya. La d\u00e9l\u00e9gation qui est venue, il faut l\u2019accepter. Je suis de Koul\u00e9 Yaketa, je suis votre enfant. Vous qui \u00eates \u00e0 Koul\u00e9, toutes ethnies confondues et sans exception, donnez-vous la main, soyez unis pour qu\u2019il n\u2019y ait plus de querelles \u00e0 Koul\u00e9.<\/em> \u00bb<\/p>\n<p>Dans la foul\u00e9e, Moussa Dadis Camara a clairement affich\u00e9 son choix politique pour le scrutin pr\u00e9sidentiel \u00e0 venir.<\/p>\n<p>\u00ab <em>Pour cette \u00e9lection qui arrive, c\u2019est le pr\u00e9sident Doumbouya que votre enfant \u2014 que je suis \u2014 soutient. C\u2019est lui que les citoyens de Koul\u00e9 soutiennent<\/em> \u00bb, a-t-il affirm\u00e9 au micro d&rsquo;Africaguinee<\/p>\n<p>Cette d\u00e9claration intervient dans un contexte particulier pour l\u2019ancien dirigeant. <strong>Reconnu coupable de crimes contre l\u2019humanit\u00e9<\/strong> pour son implication dans le <strong>massacre du 28 septembre 2009<\/strong>, Moussa Dadis Camara avait \u00e9t\u00e9 condamn\u00e9 \u00e0 <strong>20 ans de prison<\/strong>. En <strong>avril dernier<\/strong>, il a toutefois b\u00e9n\u00e9fici\u00e9 d\u2019une <strong>gr\u00e2ce pr\u00e9sidentielle<\/strong>, officiellement accord\u00e9e pour des raisons de sant\u00e9, ce qui lui a permis de quitter le territoire national pour se faire soigner \u00e0 l\u2019\u00e9tranger.<\/p>\n<p>Son soutien public \u00e0 Mamadi Doumbouya marque ainsi un <strong>positionnement politique assum\u00e9<\/strong>, susceptible de peser symboliquement dans sa r\u00e9gion d\u2019origine, \u00e0 quelques semaines d\u2019un scrutin pr\u00e9sidentiel pr\u00e9sent\u00e9 comme d\u00e9terminant pour l\u2019avenir politique du pays.<\/p>\n<p>&nbsp;<\/p>\n<p>Ledenonciateur224.com<\/p>\n","protected":false},"excerpt":{"rendered":"<p>L\u2019ancien pr\u00e9sident de la Transition de 2008, Moussa Dadis Camara, a officiellement fait conna\u00eetre son choix dans le cadre de l\u2019\u00e9lection pr\u00e9sidentielle pr\u00e9vue le 28 d\u00e9cembre 2025. Install\u00e9 au Maroc pour des raisons de sant\u00e9, l\u2019ex-chef du Conseil National pour la D\u00e9mocratie et le D\u00e9veloppement (CNDD) a d\u00e9cid\u00e9 d\u2019apporter son soutien au candidat Mamadi Doumbouya. [&hellip;]<\/p>\n","protected":false},"author":2,"featured_media":6579,"comment_status":"closed","ping_status":"closed","sticky":false,"template":"","format":"standard","meta":{"_jetpack_memberships_contains_paid_content":false,"footnotes":"","jetpack_publicize_message":"","jetpack_publicize_feature_enabled":true,"jetpack_social_post_already_shared":true,"jetpack_social_options":{"image_generator_settings":{"template":"highway","default_image_id":0,"font":"","enabled":false},"version":2}},"categories":[24,27,33],"tags":[569],"class_list":{"0":"post-6578","1":"post","2":"type-post","3":"status-publish","4":"format-standard","5":"has-post-thumbnail","7":"category-news","8":"category-politique","9":"category-region","10":"tag-dadis-camara"},"jetpack_publicize_connections":[],"jetpack_featured_media_url":"https:\/\/ledenonciateur224.com\/wp-content\/uploads\/2025\/12\/fb-img-1766000135132.jpg","jetpack_sharing_enabled":true,"_links":{"self":[{"href":"https:\/\/ledenonciateur224.com\/index.php\/wp-json\/wp\/v2\/posts\/6578","targetHints":{"allow":["GET"]}}],"collection":[{"href":"https:\/\/ledenonciateur224.com\/index.php\/wp-json\/wp\/v2\/posts"}],"about":[{"href":"https:\/\/ledenonciateur224.com\/index.php\/wp-json\/wp\/v2\/types\/post"}],"author":[{"embeddable":true,"href":"https:\/\/ledenonciateur224.com\/index.php\/wp-json\/wp\/v2\/users\/2"}],"replies":[{"embeddable":true,"href":"https:\/\/ledenonciateur224.com\/index.php\/wp-json\/wp\/v2\/comments?post=6578"}],"version-history":[{"count":1,"href":"https:\/\/ledenonciateur224.com\/index.php\/wp-json\/wp\/v2\/posts\/6578\/revisions"}],"predecessor-version":[{"id":6580,"href":"https:\/\/ledenonciateur224.com\/index.php\/wp-json\/wp\/v2\/posts\/6578\/revisions\/6580"}],"wp:featuredmedia":[{"embeddable":true,"href":"https:\/\/ledenonciateur224.com\/index.php\/wp-json\/wp\/v2\/media\/6579"}],"wp:attachment":[{"href":"https:\/\/ledenonciateur224.com\/index.php\/wp-json\/wp\/v2\/media?parent=6578"}],"wp:term":[{"taxonomy":"category","embeddable":true,"href":"https:\/\/ledenonciateur224.com\/index.php\/wp-json\/wp\/v2\/categories?post=6578"},{"taxonomy":"post_tag","embeddable":true,"href":"https:\/\/ledenonciateur224.com\/index.php\/wp-json\/wp\/v2\/tags?post=6578"}],"curies":[{"name":"wp","href":"https:\/\/api.w.org\/{rel}","templated":true}]}}