{"id":6581,"date":"2025-12-18T11:38:46","date_gmt":"2025-12-18T11:38:46","guid":{"rendered":"https:\/\/ledenonciateur224.com\/?p=6581"},"modified":"2025-12-18T13:08:57","modified_gmt":"2025-12-18T13:08:57","slug":"senamic-2025-quand-les-medias-guineens-sengagent-au-coeur-du-projet-simandou-2040","status":"publish","type":"post","link":"https:\/\/ledenonciateur224.com\/index.php\/senamic-2025-quand-les-medias-guineens-sengagent-au-coeur-du-projet-simandou-2040\/","title":{"rendered":"SENAMIC 2025 : quand les m\u00e9dias guin\u00e9ens s\u2019engagent au c\u0153ur du projet Simandou 2040"},"content":{"rendered":"<h3>La deuxi\u00e8me \u00e9dition de la <strong>Semaine nationale des m\u00e9tiers de l\u2019information et de la communication (SENAMIC)<\/strong>\u00a0a officiellement d\u00e9marr\u00e9 ce mercredi 17 d\u00e9cembre au\u00a0<strong>Chapiteau By Issa<\/strong>, \u00e0 Conakry, marquant une nouvelle \u00e9tape dans la structuration et la valorisation du secteur m\u00e9diatique guin\u00e9en.<\/h3>\n<p>R\u00e9unissant membres du Gouvernement, responsables de m\u00e9dias, experts de la communication et un public nombreux d\u2019\u00e9tudiants, cette rencontre de trois jours place l\u2019information et la communication au centre des ambitions nationales. Jusqu\u2019au 18 d\u00e9cembre, professionnels et d\u00e9cideurs \u00e9changent autour d\u2019un th\u00e8me majeur : <strong>la contribution strat\u00e9gique des m\u00e9dias \u00e0 la r\u00e9ussite du programme Simandou 2040<\/strong>, projet phare du d\u00e9veloppement \u00e9conomique de la Guin\u00e9e.<\/p>\n<p><img loading=\"lazy\" decoding=\"async\" class=\"alignnone size-full wp-image-6582\" src=\"https:\/\/ledenonciateur224.com\/wp-content\/uploads\/2025\/12\/screenshot-20251218-112542-facebook.jpg\" alt=\"\" width=\"688\" height=\"508\" srcset=\"https:\/\/ledenonciateur224.com\/wp-content\/uploads\/2025\/12\/screenshot-20251218-112542-facebook.jpg 688w, https:\/\/ledenonciateur224.com\/wp-content\/uploads\/2025\/12\/screenshot-20251218-112542-facebook-300x222.jpg 300w, https:\/\/ledenonciateur224.com\/wp-content\/uploads\/2025\/12\/screenshot-20251218-112542-facebook-150x111.jpg 150w, https:\/\/ledenonciateur224.com\/wp-content\/uploads\/2025\/12\/screenshot-20251218-112542-facebook-569x420.jpg 569w, https:\/\/ledenonciateur224.com\/wp-content\/uploads\/2025\/12\/screenshot-20251218-112542-facebook-80x60.jpg 80w\" sizes=\"auto, (max-width: 688px) 100vw, 688px\" \/><\/p>\n<p>D\u00e8s la c\u00e9r\u00e9monie d\u2019ouverture,\u00a0<strong>Aboubacar Azoca Bah<\/strong>, Directeur national de la communication et des relations avec la presse, a soulign\u00e9 le r\u00f4le d\u00e9terminant des journalistes dans l\u2019appropriation citoyenne du projet Simandou. Qualifi\u00e9 de v\u00e9ritable\u00a0<strong>poumon du d\u00e9veloppement futur du pays<\/strong>, ce m\u00e9ga-projet exige, selon lui, un effort soutenu de p\u00e9dagogie, de clart\u00e9 et de responsabilit\u00e9 de la part des professionnels de l\u2019information. Il a ainsi invit\u00e9 les m\u00e9dias \u00e0 devenir de v\u00e9ritables\u00a0<strong>catalyseurs de la transformation \u00e9conomique<\/strong>, capables d\u2019expliquer les enjeux, les opportunit\u00e9s et les impacts du projet aux populations.<\/p>\n<p>Dans la m\u00eame dynamique, le pr\u00e9sident de l\u2019URTELGUI,\u00a0<strong>Boubacar Camara<\/strong>, a plaid\u00e9 pour l\u2019\u00e9mergence d\u2019un\u00a0<strong>journalisme de d\u00e9veloppement<\/strong>, ancr\u00e9 dans les r\u00e9alit\u00e9s nationales et orient\u00e9 vers l\u2019int\u00e9r\u00eat g\u00e9n\u00e9ral. Rappelant que l\u2019information demeure un pilier essentiel de l\u2019\u00e9ducation, de la sensibilisation et de la prise de d\u00e9cision, il a exhort\u00e9 les jeunes praticiens \u00e0 d\u00e9passer les approches classiques et parfois r\u00e9ductrices du m\u00e9tier. Pour lui, qu\u2019ils soient reporters, conseillers en communication ou techniciens, les acteurs du secteur doivent produire des contenus capables de\u00a0<strong>mobiliser les \u00e9nergies et de mettre en lumi\u00e8re les potentialit\u00e9s du pays<\/strong>.<\/p>\n<p><img loading=\"lazy\" decoding=\"async\" class=\"alignnone size-full wp-image-6583\" src=\"https:\/\/ledenonciateur224.com\/wp-content\/uploads\/2025\/12\/screenshot-20251218-112516-facebook.jpg\" alt=\"\" width=\"692\" height=\"502\" srcset=\"https:\/\/ledenonciateur224.com\/wp-content\/uploads\/2025\/12\/screenshot-20251218-112516-facebook.jpg 692w, https:\/\/ledenonciateur224.com\/wp-content\/uploads\/2025\/12\/screenshot-20251218-112516-facebook-300x218.jpg 300w, https:\/\/ledenonciateur224.com\/wp-content\/uploads\/2025\/12\/screenshot-20251218-112516-facebook-150x109.jpg 150w, https:\/\/ledenonciateur224.com\/wp-content\/uploads\/2025\/12\/screenshot-20251218-112516-facebook-579x420.jpg 579w, https:\/\/ledenonciateur224.com\/wp-content\/uploads\/2025\/12\/screenshot-20251218-112516-facebook-324x235.jpg 324w\" sizes=\"auto, (max-width: 692px) 100vw, 692px\" \/><\/p>\n<p>Le Secr\u00e9taire g\u00e9n\u00e9ral du minist\u00e8re de l\u2019Information et de la Communication,\u00a0<strong>Souleymane Thianguel Bah<\/strong>, a pour sa part salu\u00e9 la\u00a0<strong>p\u00e9rennit\u00e9 et la port\u00e9e strat\u00e9gique<\/strong>\u00a0de la SENAMIC. Lanc\u00e9e en 2022 et institutionnalis\u00e9e sous l\u2019impulsion des ministres sortantes\u00a0<strong>Rose Pola Pricemou<\/strong>\u00a0et\u00a0<strong>Aminata Kaba<\/strong>, cette initiative a su se maintenir malgr\u00e9 les contraintes budg\u00e9taires. Elle s\u2019impose aujourd\u2019hui comme un cadre de r\u00e9flexion et d\u2019orientation visant \u00e0\u00a0<strong>aligner les pratiques m\u00e9diatiques sur les priorit\u00e9s sociales et politiques<\/strong>\u00a0d\u00e9finies par les autorit\u00e9s de la transition.<\/p>\n<p>La premi\u00e8re journ\u00e9e s\u2019est achev\u00e9e par une s\u00e9rie de panels anim\u00e9s par des experts, consacr\u00e9s notamment \u00e0 la\u00a0<strong>couverture m\u00e9diatique du projet Simandou 2040<\/strong>\u00a0et \u00e0 la\u00a0<strong>responsabilit\u00e9 du journaliste en p\u00e9riode \u00e9lectorale<\/strong>. Autant de th\u00e9matiques qui traduisent la volont\u00e9 des organisateurs de faire de la SENAMIC un v\u00e9ritable\u00a0<strong>levier de renforcement des capacit\u00e9s<\/strong>, au service d\u2019un secteur de l\u2019information plus professionnel, engag\u00e9 et r\u00e9solument tourn\u00e9 vers le d\u00e9veloppement de la Guin\u00e9e.<\/p>\n<p>&nbsp;<\/p>\n<p>Aboubacar Moussa Camara<\/p>\n","protected":false},"excerpt":{"rendered":"<p>La deuxi\u00e8me \u00e9dition de la Semaine nationale des m\u00e9tiers de l\u2019information et de la communication (SENAMIC)\u00a0a officiellement d\u00e9marr\u00e9 ce mercredi 17 d\u00e9cembre au\u00a0Chapiteau By Issa, \u00e0 Conakry, marquant une nouvelle \u00e9tape dans la structuration et la valorisation du secteur m\u00e9diatique guin\u00e9en. R\u00e9unissant membres du Gouvernement, responsables de m\u00e9dias, experts de la communication et un public [&hellip;]<\/p>\n","protected":false},"author":2,"featured_media":6584,"comment_status":"closed","ping_status":"closed","sticky":false,"template":"","format":"standard","meta":{"_jetpack_memberships_contains_paid_content":false,"footnotes":"","jetpack_publicize_message":"","jetpack_publicize_feature_enabled":true,"jetpack_social_post_already_shared":true,"jetpack_social_options":{"image_generator_settings":{"template":"highway","default_image_id":0,"font":"","enabled":false},"version":2}},"categories":[30,24],"tags":[738,330],"class_list":{"0":"post-6581","1":"post","2":"type-post","3":"status-publish","4":"format-standard","5":"has-post-thumbnail","7":"category-faits-divers","8":"category-news","9":"tag-medias-guinee","10":"tag-simandou-2040"},"jetpack_publicize_connections":[],"jetpack_featured_media_url":"https:\/\/ledenonciateur224.com\/wp-content\/uploads\/2025\/12\/screenshot-20251218-112503-facebook.jpg","jetpack_sharing_enabled":true,"_links":{"self":[{"href":"https:\/\/ledenonciateur224.com\/index.php\/wp-json\/wp\/v2\/posts\/6581","targetHints":{"allow":["GET"]}}],"collection":[{"href":"https:\/\/ledenonciateur224.com\/index.php\/wp-json\/wp\/v2\/posts"}],"about":[{"href":"https:\/\/ledenonciateur224.com\/index.php\/wp-json\/wp\/v2\/types\/post"}],"author":[{"embeddable":true,"href":"https:\/\/ledenonciateur224.com\/index.php\/wp-json\/wp\/v2\/users\/2"}],"replies":[{"embeddable":true,"href":"https:\/\/ledenonciateur224.com\/index.php\/wp-json\/wp\/v2\/comments?post=6581"}],"version-history":[{"count":1,"href":"https:\/\/ledenonciateur224.com\/index.php\/wp-json\/wp\/v2\/posts\/6581\/revisions"}],"predecessor-version":[{"id":6586,"href":"https:\/\/ledenonciateur224.com\/index.php\/wp-json\/wp\/v2\/posts\/6581\/revisions\/6586"}],"wp:featuredmedia":[{"embeddable":true,"href":"https:\/\/ledenonciateur224.com\/index.php\/wp-json\/wp\/v2\/media\/6584"}],"wp:attachment":[{"href":"https:\/\/ledenonciateur224.com\/index.php\/wp-json\/wp\/v2\/media?parent=6581"}],"wp:term":[{"taxonomy":"category","embeddable":true,"href":"https:\/\/ledenonciateur224.com\/index.php\/wp-json\/wp\/v2\/categories?post=6581"},{"taxonomy":"post_tag","embeddable":true,"href":"https:\/\/ledenonciateur224.com\/index.php\/wp-json\/wp\/v2\/tags?post=6581"}],"curies":[{"name":"wp","href":"https:\/\/api.w.org\/{rel}","templated":true}]}}