{"id":6587,"date":"2025-12-18T15:15:44","date_gmt":"2025-12-18T15:15:44","guid":{"rendered":"https:\/\/ledenonciateur224.com\/?p=6587"},"modified":"2025-12-18T15:15:44","modified_gmt":"2025-12-18T15:15:44","slug":"faranah-en-action-directoire-de-campagne-et-couches-sociales-unis-autour-de-la-vision-du-president-doumbouya","status":"publish","type":"post","link":"https:\/\/ledenonciateur224.com\/index.php\/faranah-en-action-directoire-de-campagne-et-couches-sociales-unis-autour-de-la-vision-du-president-doumbouya\/","title":{"rendered":"Faranah en action : directoire de campagne et couches sociales unis autour de la vision du Pr\u00e9sident Doumbouya"},"content":{"rendered":"<p>Dans le cadre de la campagne en faveur du Pr\u00e9sident de la R\u00e9publique, Son Excellence le G\u00e9n\u00e9ral Mamadi Doumbouya, candidat de la G\u00e9n\u00e9ration pour la Modernit\u00e9 et le D\u00e9veloppement (GMD), l\u2019engagement remarquable de Monsieur le Ministre Namory Camara, parrain de la pr\u00e9fecture de Faranah, se distingue par sa constance, son leadership de terrain et son sens \u00e9lev\u00e9 des responsabilit\u00e9s.<\/p>\n<p><img loading=\"lazy\" decoding=\"async\" class=\"alignnone size-full wp-image-6588\" src=\"https:\/\/ledenonciateur224.com\/wp-content\/uploads\/2025\/12\/img-20251218-wa0154.jpg\" alt=\"\" width=\"920\" height=\"614\" srcset=\"https:\/\/ledenonciateur224.com\/wp-content\/uploads\/2025\/12\/img-20251218-wa0154.jpg 920w, https:\/\/ledenonciateur224.com\/wp-content\/uploads\/2025\/12\/img-20251218-wa0154-300x200.jpg 300w, https:\/\/ledenonciateur224.com\/wp-content\/uploads\/2025\/12\/img-20251218-wa0154-768x513.jpg 768w, https:\/\/ledenonciateur224.com\/wp-content\/uploads\/2025\/12\/img-20251218-wa0154-150x100.jpg 150w, https:\/\/ledenonciateur224.com\/wp-content\/uploads\/2025\/12\/img-20251218-wa0154-696x465.jpg 696w, https:\/\/ledenonciateur224.com\/wp-content\/uploads\/2025\/12\/img-20251218-wa0154-629x420.jpg 629w\" sizes=\"auto, (max-width: 920px) 100vw, 920px\" \/><\/p>\n<p>Aux c\u00f4t\u00e9s de son homologue, Monsieur le Ministre de la D\u00e9fense nationale, le G\u00e9n\u00e9ral Aboubacar Sidiki Camara, coordinateur de la r\u00e9gion de Faranah, Monsieur le Ministre Namory Camara apporte un appui d\u00e9terminant \u00e0 la dynamique de mobilisation.<br \/>\nPar sa pr\u00e9sence active, son accompagnement permanent et sa capacit\u00e9 \u00e0 f\u00e9d\u00e9rer, il contribue efficacement aux efforts remarquables d\u00e9ploy\u00e9s sur le terrain pour porter le message et la vision du Pr\u00e9sident Mamadi Doumbouya au plus pr\u00e8s des populations.<\/p>\n<p><img loading=\"lazy\" decoding=\"async\" class=\"alignnone size-full wp-image-6589\" src=\"https:\/\/ledenonciateur224.com\/wp-content\/uploads\/2025\/12\/img-20251218-wa0155.jpg\" alt=\"\" width=\"920\" height=\"614\" srcset=\"https:\/\/ledenonciateur224.com\/wp-content\/uploads\/2025\/12\/img-20251218-wa0155.jpg 920w, https:\/\/ledenonciateur224.com\/wp-content\/uploads\/2025\/12\/img-20251218-wa0155-300x200.jpg 300w, https:\/\/ledenonciateur224.com\/wp-content\/uploads\/2025\/12\/img-20251218-wa0155-768x513.jpg 768w, https:\/\/ledenonciateur224.com\/wp-content\/uploads\/2025\/12\/img-20251218-wa0155-150x100.jpg 150w, https:\/\/ledenonciateur224.com\/wp-content\/uploads\/2025\/12\/img-20251218-wa0155-696x465.jpg 696w, https:\/\/ledenonciateur224.com\/wp-content\/uploads\/2025\/12\/img-20251218-wa0155-629x420.jpg 629w\" sizes=\"auto, (max-width: 920px) 100vw, 920px\" \/> <img loading=\"lazy\" decoding=\"async\" class=\"alignnone size-full wp-image-6590\" src=\"https:\/\/ledenonciateur224.com\/wp-content\/uploads\/2025\/12\/img-20251218-wa0148.jpg\" alt=\"\" width=\"920\" height=\"614\" srcset=\"https:\/\/ledenonciateur224.com\/wp-content\/uploads\/2025\/12\/img-20251218-wa0148.jpg 920w, https:\/\/ledenonciateur224.com\/wp-content\/uploads\/2025\/12\/img-20251218-wa0148-300x200.jpg 300w, https:\/\/ledenonciateur224.com\/wp-content\/uploads\/2025\/12\/img-20251218-wa0148-768x513.jpg 768w, https:\/\/ledenonciateur224.com\/wp-content\/uploads\/2025\/12\/img-20251218-wa0148-150x100.jpg 150w, https:\/\/ledenonciateur224.com\/wp-content\/uploads\/2025\/12\/img-20251218-wa0148-696x465.jpg 696w, https:\/\/ledenonciateur224.com\/wp-content\/uploads\/2025\/12\/img-20251218-wa0148-629x420.jpg 629w\" sizes=\"auto, (max-width: 920px) 100vw, 920px\" \/><\/p>\n<p>En parfaite synergie avec le directoire de campagne de la pr\u00e9fecture de Faranah, Monsieur le Ministre Namory Camara multiplie les actions de proximit\u00e9, favorisant l\u2019adh\u00e9sion de toutes les couches sociales: leaders communautaires et religieux, femmes, jeunes, notables, cadres et acteurs socio-\u00e9conomiques autour des id\u00e9aux de paix, de stabilit\u00e9, de modernisation et de d\u00e9veloppement port\u00e9s par la GMD.<\/p>\n<p><img loading=\"lazy\" decoding=\"async\" class=\"alignnone size-full wp-image-6591\" src=\"https:\/\/ledenonciateur224.com\/wp-content\/uploads\/2025\/12\/img-20251218-wa0157.jpg\" alt=\"\" width=\"920\" height=\"614\" srcset=\"https:\/\/ledenonciateur224.com\/wp-content\/uploads\/2025\/12\/img-20251218-wa0157.jpg 920w, https:\/\/ledenonciateur224.com\/wp-content\/uploads\/2025\/12\/img-20251218-wa0157-300x200.jpg 300w, https:\/\/ledenonciateur224.com\/wp-content\/uploads\/2025\/12\/img-20251218-wa0157-768x513.jpg 768w, https:\/\/ledenonciateur224.com\/wp-content\/uploads\/2025\/12\/img-20251218-wa0157-150x100.jpg 150w, https:\/\/ledenonciateur224.com\/wp-content\/uploads\/2025\/12\/img-20251218-wa0157-696x465.jpg 696w, https:\/\/ledenonciateur224.com\/wp-content\/uploads\/2025\/12\/img-20251218-wa0157-629x420.jpg 629w\" sizes=\"auto, (max-width: 920px) 100vw, 920px\" \/><\/p>\n<p>Cette collaboration \u00e9troite entre les deux parrains, soutenue par une mobilisation populaire exemplaire, traduit une volont\u00e9 commune de b\u00e2tir une campagne inclusive, structur\u00e9e et r\u00e9solument tourn\u00e9e vers l\u2019avenir.<br \/>\nElle renforce la confiance des citoyens de Faranah et consolide l\u2019ancrage de la G\u00e9n\u00e9ration pour la Modernit\u00e9 et le D\u00e9veloppement dans toute la r\u00e9gion.<\/p>\n<p><img loading=\"lazy\" decoding=\"async\" class=\"alignnone size-full wp-image-6592\" src=\"https:\/\/ledenonciateur224.com\/wp-content\/uploads\/2025\/12\/img-20251218-wa0156.jpg\" alt=\"\" width=\"920\" height=\"614\" srcset=\"https:\/\/ledenonciateur224.com\/wp-content\/uploads\/2025\/12\/img-20251218-wa0156.jpg 920w, https:\/\/ledenonciateur224.com\/wp-content\/uploads\/2025\/12\/img-20251218-wa0156-300x200.jpg 300w, https:\/\/ledenonciateur224.com\/wp-content\/uploads\/2025\/12\/img-20251218-wa0156-768x513.jpg 768w, https:\/\/ledenonciateur224.com\/wp-content\/uploads\/2025\/12\/img-20251218-wa0156-150x100.jpg 150w, https:\/\/ledenonciateur224.com\/wp-content\/uploads\/2025\/12\/img-20251218-wa0156-696x465.jpg 696w, https:\/\/ledenonciateur224.com\/wp-content\/uploads\/2025\/12\/img-20251218-wa0156-629x420.jpg 629w\" sizes=\"auto, (max-width: 920px) 100vw, 920px\" \/><\/p>\n<p>Mobilis\u00e9e et unie, la pr\u00e9fecture de Faranah r\u00e9affirme ainsi son engagement \u00e0 accompagner le Pr\u00e9sident Mamadi Doumbouya vers une victoire \u00e9clatante, porteuse d\u2019espoir et de progr\u00e8s pour la Guin\u00e9e.<\/p>\n<p>&nbsp;<\/p>\n<p>Cellule de la communication Minist\u00e8re de l&rsquo;Energie<\/p>\n","protected":false},"excerpt":{"rendered":"<p>Dans le cadre de la campagne en faveur du Pr\u00e9sident de la R\u00e9publique, Son Excellence le G\u00e9n\u00e9ral Mamadi Doumbouya, candidat de la G\u00e9n\u00e9ration pour la Modernit\u00e9 et le D\u00e9veloppement (GMD), l\u2019engagement remarquable de Monsieur le Ministre Namory Camara, parrain de la pr\u00e9fecture de Faranah, se distingue par sa constance, son leadership de terrain et son [&hellip;]<\/p>\n","protected":false},"author":2,"featured_media":6591,"comment_status":"closed","ping_status":"closed","sticky":false,"template":"","format":"standard","meta":{"_jetpack_memberships_contains_paid_content":false,"footnotes":"","jetpack_publicize_message":"","jetpack_publicize_feature_enabled":true,"jetpack_social_post_already_shared":true,"jetpack_social_options":{"image_generator_settings":{"template":"highway","default_image_id":0,"font":"","enabled":false},"version":2}},"categories":[24,27,33],"tags":[1361,1033],"class_list":{"0":"post-6587","1":"post","2":"type-post","3":"status-publish","4":"format-standard","5":"has-post-thumbnail","7":"category-news","8":"category-politique","9":"category-region","10":"tag-campagne-presidentielle","11":"tag-ministre-namory-camara"},"jetpack_publicize_connections":[],"jetpack_featured_media_url":"https:\/\/ledenonciateur224.com\/wp-content\/uploads\/2025\/12\/img-20251218-wa0157.jpg","jetpack_sharing_enabled":true,"_links":{"self":[{"href":"https:\/\/ledenonciateur224.com\/index.php\/wp-json\/wp\/v2\/posts\/6587","targetHints":{"allow":["GET"]}}],"collection":[{"href":"https:\/\/ledenonciateur224.com\/index.php\/wp-json\/wp\/v2\/posts"}],"about":[{"href":"https:\/\/ledenonciateur224.com\/index.php\/wp-json\/wp\/v2\/types\/post"}],"author":[{"embeddable":true,"href":"https:\/\/ledenonciateur224.com\/index.php\/wp-json\/wp\/v2\/users\/2"}],"replies":[{"embeddable":true,"href":"https:\/\/ledenonciateur224.com\/index.php\/wp-json\/wp\/v2\/comments?post=6587"}],"version-history":[{"count":1,"href":"https:\/\/ledenonciateur224.com\/index.php\/wp-json\/wp\/v2\/posts\/6587\/revisions"}],"predecessor-version":[{"id":6593,"href":"https:\/\/ledenonciateur224.com\/index.php\/wp-json\/wp\/v2\/posts\/6587\/revisions\/6593"}],"wp:featuredmedia":[{"embeddable":true,"href":"https:\/\/ledenonciateur224.com\/index.php\/wp-json\/wp\/v2\/media\/6591"}],"wp:attachment":[{"href":"https:\/\/ledenonciateur224.com\/index.php\/wp-json\/wp\/v2\/media?parent=6587"}],"wp:term":[{"taxonomy":"category","embeddable":true,"href":"https:\/\/ledenonciateur224.com\/index.php\/wp-json\/wp\/v2\/categories?post=6587"},{"taxonomy":"post_tag","embeddable":true,"href":"https:\/\/ledenonciateur224.com\/index.php\/wp-json\/wp\/v2\/tags?post=6587"}],"curies":[{"name":"wp","href":"https:\/\/api.w.org\/{rel}","templated":true}]}}