{"id":6594,"date":"2025-12-18T21:38:21","date_gmt":"2025-12-18T21:38:21","guid":{"rendered":"https:\/\/ledenonciateur224.com\/?p=6594"},"modified":"2025-12-18T21:38:21","modified_gmt":"2025-12-18T21:38:21","slug":"massacre-du-28-septembre-2009-le-colonel-bienvenu-lamah-se-defend-bec-et-ongles-et-crie-a-la-machination","status":"publish","type":"post","link":"https:\/\/ledenonciateur224.com\/index.php\/massacre-du-28-septembre-2009-le-colonel-bienvenu-lamah-se-defend-bec-et-ongles-et-crie-a-la-machination\/","title":{"rendered":"Massacre du 28 septembre 2009 : le Colonel Bienvenu Lamah se d\u00e9fend bec et ongles et crie \u00e0 la machination"},"content":{"rendered":"<h3>C\u2019est un officier de gendarmerie au verbe ferme et \u00e0 l\u2019attitude r\u00e9solument combative, bien que comparaissant assis, qui s\u2019est pr\u00e9sent\u00e9 ce jeudi devant le tribunal criminel de Dixinn. Accus\u00e9 de lourdes exactions li\u00e9es au massacre du 28 septembre 2009, le Colonel Bienvenu Lamah a cat\u00e9goriquement rejet\u00e9 l\u2019ensemble des charges pesant contre lui, d\u00e9non\u00e7ant une man\u0153uvre qu\u2019il attribue \u00e0 Aboubacar \u00ab Toumba \u00bb Diakit\u00e9.<\/h3>\n<p>V\u00eatu d\u2019un boubou, l\u2019officier sup\u00e9rieur a d\u2019embl\u00e9e affich\u00e9 une ligne de d\u00e9fense sans ambigu\u00eft\u00e9 : ni meurtre, ni viol, ni torture, ni enl\u00e8vement ne sauraient lui \u00eatre imput\u00e9s. Dans une d\u00e9position dense et structur\u00e9e, il a tenu \u00e0 lever toute \u00e9quivoque autour du centre de formation de Kaliah, souvent pr\u00e9sent\u00e9 comme le vivier des recrues accus\u00e9es d\u2019avoir servi de bras arm\u00e9 lors des violences perp\u00e9tr\u00e9es au stade de Conakry.<\/p>\n<p>Pour le Colonel Lamah, l\u2019id\u00e9e que des hommes issus de ce centre aient \u00e9t\u00e9 d\u00e9ploy\u00e9s le 28 septembre rel\u00e8ve de la pure fiction. Il a, par ailleurs, tenu \u00e0 r\u00e9tablir ce qu\u2019il consid\u00e8re comme la v\u00e9rit\u00e9 sur ses fonctions \u00e0 l\u2019\u00e9poque des faits&gt;&gt;<\/p>\n<p><img loading=\"lazy\" decoding=\"async\" class=\"alignnone size-full wp-image-6596\" src=\"https:\/\/ledenonciateur224.com\/wp-content\/uploads\/2025\/12\/bienvenulamah-a-la-barre-africaguineecom-1.jpeg\" alt=\"\" width=\"729\" height=\"405\" srcset=\"https:\/\/ledenonciateur224.com\/wp-content\/uploads\/2025\/12\/bienvenulamah-a-la-barre-africaguineecom-1.jpeg 729w, https:\/\/ledenonciateur224.com\/wp-content\/uploads\/2025\/12\/bienvenulamah-a-la-barre-africaguineecom-1-300x167.jpeg 300w, https:\/\/ledenonciateur224.com\/wp-content\/uploads\/2025\/12\/bienvenulamah-a-la-barre-africaguineecom-1-150x83.jpeg 150w, https:\/\/ledenonciateur224.com\/wp-content\/uploads\/2025\/12\/bienvenulamah-a-la-barre-africaguineecom-1-696x387.jpeg 696w\" sizes=\"auto, (max-width: 729px) 100vw, 729px\" \/><\/p>\n<p><em>\u00ab Je ne reconnais pas les faits li\u00e9s aux \u00e9v\u00e9nements du 28 septembre 2009. J\u2019ai toujours dit qu\u2019aucune recrue n\u2019a quitt\u00e9 l\u2019\u00c9cole nationale de gendarmerie de Kalia pour \u00eatre amen\u00e9e aux \u00e9v\u00e9nements du 28 septembre 2009. Je n\u2019ai jamais \u00e9t\u00e9 directeur de l\u2019\u00c9cole nationale de gendarmerie de Kaliah \u00bb<\/em>, a-t-il martel\u00e9 \u00e0 la barre.<\/p>\n<p>L\u2019accus\u00e9 a \u00e9galement rappel\u00e9 qu\u2019il avait initialement b\u00e9n\u00e9fici\u00e9 d\u2019une ordonnance de non-lieu, avant de voir son dossier rouvert \u00e0 la suite de d\u00e9clarations faites par d\u2019autres coaccus\u00e9s lors de l\u2019ouverture du proc\u00e8s, en septembre 2022.<\/p>\n<p>Visiblement amer, le Colonel Lamah n\u2019a pas dissimul\u00e9 sa col\u00e8re \u00e0 l\u2019endroit de l\u2019ancien aide de camp du capitaine Moussa Dadis Camara. Selon lui, c\u2019est exclusivement le t\u00e9moignage de Toumba Diakit\u00e9 qui l\u2019a propuls\u00e9 dans le box des accus\u00e9s, alors m\u00eame que ce dernier aurait refus\u00e9 toute confrontation directe durant la phase d\u2019instruction.<\/p>\n<p><em>\u00ab \u00c0 l\u2019ouverture du proc\u00e8s, le 28 septembre 2022, pendant que les accus\u00e9s d\u00e9filaient \u00e0 la barre, le commandant Aboubacar Diakit\u00e9 dit Toumba, lorsqu\u2019il est pass\u00e9, a commenc\u00e9 \u00e0 accuser les recrues ayant s\u00e9journ\u00e9 \u00e0 Kaliah. Il m\u2019a accus\u00e9 d\u2019\u00eatre le directeur de Kaliah, d\u2019avoir mis les recrues en route de Kalia pour Conakry \u00bb<\/em>, a-t-il relat\u00e9.<\/p>\n<p>Il est ensuite longuement revenu sur la confrontation avort\u00e9e qu\u2019il avait sollicit\u00e9e, d\u00e9crivant une sc\u00e8ne qu\u2019il dit avoir v\u00e9cue avec une profonde amertume.<\/p>\n<p><em>\u00ab Le commandant Aboubacar Diakit\u00e9 dit Toumba, entre son logement et la salle d\u2019audience, il n\u2019y a m\u00eame pas deux minutes de marche. Quand on est all\u00e9 le voir, il a dit qu\u2019il ne venait pas. Le doyen des juges de Dixinn s\u2019est d\u00e9plac\u00e9, il est all\u00e9 derri\u00e8re lui. Toumba a cri\u00e9 sur lui. Il a dit qu\u2019il ne vient pas. Monsieur le Pr\u00e9sident, c\u2019est lui qui m\u2019a fait venir ici \u00bb<\/em>, a-t-il lanc\u00e9.<\/p>\n<h3>Pour appuyer sa d\u00e9fense, le Colonel Lamah a longuement d\u00e9taill\u00e9 l\u2019organisation des recrutements sous le r\u00e9gime du CNDD (Conseil national pour la d\u00e9mocratie et le d\u00e9veloppement). Il soutient que les recrues incrimin\u00e9es ne relevaient pas du centre de Kaliah, mais d\u2019autres structures militaires, notamment le CIAM (Centre d\u2019Instruction de l\u2019Arm\u00e9e de Mer).<\/h3>\n<p><em>\u00ab Monsieur le Pr\u00e9sident, tout le monde a ses \u00e9l\u00e9ments \u00e0 66. Le g\u00e9n\u00e9ral S\u00e9kouba Konat\u00e9 a ses \u00e9l\u00e9ments \u00e0 66. Pendant l\u2019exercice du CNDD, 2009-2010, le ministre de la D\u00e9fense a proc\u00e9d\u00e9 \u00e0 trois recrutements\u2026 Si Marcel Guilavogui, Toumba Diakit\u00e9 et le g\u00e9n\u00e9ral S\u00e9kouba Konat\u00e9 d\u00e9clarent qu\u2019ils avaient leurs \u00e9l\u00e9ments \u00e0 66 ou au CIAM, c\u2019est que ces \u00e9l\u00e9ments-l\u00e0 font partie du premier recrutement \u00bb<\/em>, a-t-il soutenu.<\/p>\n<p>\u00c0 la barre, l\u2019officier n\u2019a pas h\u00e9sit\u00e9 \u00e0 brandir des arr\u00eat\u00e9s d\u2019incorporation, exhortant la cour \u00e0 privil\u00e9gier les preuves administratives et les documents officiels plut\u00f4t que des t\u00e9moignages qu\u2019il qualifie de mensongers et diffamatoires.<\/p>\n<h3>Apr\u00e8s avoir, dans un premier temps, contest\u00e9 son renvoi devant le tribunal \u00e0 travers divers recours juridiques, le Colonel Lamah affirme avoir fait le choix de compara\u00eetre pour s\u2019exprimer publiquement et d\u00e9fendre son honneur.<\/h3>\n<p><em>\u00ab \u00c0 ma grande surprise, le 16 janvier 2025, mon conseil m\u2019a remis l\u2019ordonnance de renvoi devant le tribunal criminel. Je lui ai dit que je r\u00e9pudiais les appels. Je pr\u00e9f\u00e8re compara\u00eetre devant le tribunal criminel pour dire ma part de v\u00e9rit\u00e9. J\u2019avais mal au c\u0153ur\u2026 Je suis renvoy\u00e9 devant votre tribunal. Je vous demande une seule chose : jugez-moi en fonction des faits. Jugez-moi en fonction des faits. Je mets les deux mains derri\u00e8re le dos, jugez-moi en fonction des faits \u00bb<\/em>, a-t-il conclu.<\/p>\n<p>Une plaidoirie personnelle, empreinte de d\u00e9fi et de gravit\u00e9, qui s\u2019inscrit dans un proc\u00e8s embl\u00e9matique o\u00f9 chaque d\u00e9claration est scrut\u00e9e comme une pi\u00e8ce de plus dans la qu\u00eate de v\u00e9rit\u00e9 autour des \u00e9v\u00e9nements tragiques du 28 septembre 2009.<\/p>\n<p>&nbsp;<\/p>\n<p>Ledenonciateur224.com<\/p>\n","protected":false},"excerpt":{"rendered":"<p>C\u2019est un officier de gendarmerie au verbe ferme et \u00e0 l\u2019attitude r\u00e9solument combative, bien que comparaissant assis, qui s\u2019est pr\u00e9sent\u00e9 ce jeudi devant le tribunal criminel de Dixinn. Accus\u00e9 de lourdes exactions li\u00e9es au massacre du 28 septembre 2009, le Colonel Bienvenu Lamah a cat\u00e9goriquement rejet\u00e9 l\u2019ensemble des charges pesant contre lui, d\u00e9non\u00e7ant une man\u0153uvre [&hellip;]<\/p>\n","protected":false},"author":2,"featured_media":6595,"comment_status":"closed","ping_status":"closed","sticky":false,"template":"","format":"standard","meta":{"_jetpack_memberships_contains_paid_content":false,"footnotes":"","jetpack_publicize_message":"","jetpack_publicize_feature_enabled":true,"jetpack_social_post_already_shared":true,"jetpack_social_options":{"image_generator_settings":{"template":"highway","default_image_id":0,"font":"","enabled":false},"version":2}},"categories":[30,24],"tags":[1399,561],"class_list":{"0":"post-6594","1":"post","2":"type-post","3":"status-publish","4":"format-standard","5":"has-post-thumbnail","7":"category-faits-divers","8":"category-news","9":"tag-bienvenu-lamah","10":"tag-proces-du-massacre"},"jetpack_publicize_connections":[],"jetpack_featured_media_url":"https:\/\/ledenonciateur224.com\/wp-content\/uploads\/2025\/12\/bienvenulamah-a-la-barre-africaguineecom.jpeg","jetpack_sharing_enabled":true,"_links":{"self":[{"href":"https:\/\/ledenonciateur224.com\/index.php\/wp-json\/wp\/v2\/posts\/6594","targetHints":{"allow":["GET"]}}],"collection":[{"href":"https:\/\/ledenonciateur224.com\/index.php\/wp-json\/wp\/v2\/posts"}],"about":[{"href":"https:\/\/ledenonciateur224.com\/index.php\/wp-json\/wp\/v2\/types\/post"}],"author":[{"embeddable":true,"href":"https:\/\/ledenonciateur224.com\/index.php\/wp-json\/wp\/v2\/users\/2"}],"replies":[{"embeddable":true,"href":"https:\/\/ledenonciateur224.com\/index.php\/wp-json\/wp\/v2\/comments?post=6594"}],"version-history":[{"count":1,"href":"https:\/\/ledenonciateur224.com\/index.php\/wp-json\/wp\/v2\/posts\/6594\/revisions"}],"predecessor-version":[{"id":6597,"href":"https:\/\/ledenonciateur224.com\/index.php\/wp-json\/wp\/v2\/posts\/6594\/revisions\/6597"}],"wp:featuredmedia":[{"embeddable":true,"href":"https:\/\/ledenonciateur224.com\/index.php\/wp-json\/wp\/v2\/media\/6595"}],"wp:attachment":[{"href":"https:\/\/ledenonciateur224.com\/index.php\/wp-json\/wp\/v2\/media?parent=6594"}],"wp:term":[{"taxonomy":"category","embeddable":true,"href":"https:\/\/ledenonciateur224.com\/index.php\/wp-json\/wp\/v2\/categories?post=6594"},{"taxonomy":"post_tag","embeddable":true,"href":"https:\/\/ledenonciateur224.com\/index.php\/wp-json\/wp\/v2\/tags?post=6594"}],"curies":[{"name":"wp","href":"https:\/\/api.w.org\/{rel}","templated":true}]}}