{"id":6609,"date":"2025-12-19T20:34:45","date_gmt":"2025-12-19T20:34:45","guid":{"rendered":"https:\/\/ledenonciateur224.com\/?p=6609"},"modified":"2025-12-19T20:34:45","modified_gmt":"2025-12-19T20:34:45","slug":"couverture-electorale-en-guinee-les-medias-outilles-pour-un-journalisme-responsable-et-professionnel","status":"publish","type":"post","link":"https:\/\/ledenonciateur224.com\/index.php\/couverture-electorale-en-guinee-les-medias-outilles-pour-un-journalisme-responsable-et-professionnel\/","title":{"rendered":"Couverture \u00e9lectorale en Guin\u00e9e : les m\u00e9dias outill\u00e9s pour un journalisme responsable et professionnel"},"content":{"rendered":"<h3>Un <strong>atelier de formation consacr\u00e9 au renforcement des capacit\u00e9s professionnelles des m\u00e9dias publics et priv\u00e9s en mati\u00e8re de couverture des \u00e9lections<\/strong> s\u2019est tenu \u00e0 <strong>Conakry<\/strong>, du <strong>jeudi 18 au vendredi 19 d\u00e9cembre 2025<\/strong>. L\u2019initiative est port\u00e9e par le <strong>Centre de formation et de perfectionnement en techniques de l\u2019information et de la communication (CFPTIC)<\/strong> et s\u2019est d\u00e9roul\u00e9e dans la <strong>salle multim\u00e9dia du minist\u00e8re de l\u2019Information et de la Communication<\/strong>.<\/h3>\n<p>Cette session de formation visait essentiellement \u00e0 <strong>am\u00e9liorer les comp\u00e9tences des journalistes<\/strong> dans les techniques de <strong>collecte, de traitement et de diffusion de l\u2019information en p\u00e9riode \u00e9lectorale<\/strong>, un contexte souvent sensible et d\u00e9terminant pour la stabilit\u00e9 sociale et d\u00e9mocratique du pays.<\/p>\n<p>Durant les \u00e9changes interactifs entre <strong>formateurs et participants<\/strong>, plusieurs th\u00e9matiques cl\u00e9s ont \u00e9t\u00e9 abord\u00e9es afin de mettre en lumi\u00e8re la <strong>responsabilit\u00e9 du journaliste en p\u00e9riode \u00e9lectorale<\/strong>. Il a notamment \u00e9t\u00e9 question du respect du <strong>cadre l\u00e9gal des \u00e9lections<\/strong>, de la lutte contre la <strong>d\u00e9sinformation<\/strong>, des <strong>discours de haine<\/strong>, ainsi que de la ma\u00eetrise des \u00e9missions interactives, afin d\u2019\u00e9viter les d\u00e9rapages susceptibles de fragiliser le vivre-ensemble.<\/p>\n<p><img loading=\"lazy\" decoding=\"async\" class=\"alignnone size-full wp-image-6610\" src=\"https:\/\/ledenonciateur224.com\/wp-content\/uploads\/2025\/12\/img-20251219-wa0124.jpg\" alt=\"\" width=\"1020\" height=\"574\" srcset=\"https:\/\/ledenonciateur224.com\/wp-content\/uploads\/2025\/12\/img-20251219-wa0124.jpg 1020w, https:\/\/ledenonciateur224.com\/wp-content\/uploads\/2025\/12\/img-20251219-wa0124-300x169.jpg 300w, https:\/\/ledenonciateur224.com\/wp-content\/uploads\/2025\/12\/img-20251219-wa0124-768x432.jpg 768w, https:\/\/ledenonciateur224.com\/wp-content\/uploads\/2025\/12\/img-20251219-wa0124-150x84.jpg 150w, https:\/\/ledenonciateur224.com\/wp-content\/uploads\/2025\/12\/img-20251219-wa0124-696x392.jpg 696w, https:\/\/ledenonciateur224.com\/wp-content\/uploads\/2025\/12\/img-20251219-wa0124-746x420.jpg 746w\" sizes=\"auto, (max-width: 1020px) 100vw, 1020px\" \/><\/p>\n<p>Prenant la parole, le <strong>directeur du CFPTIC, M. Abdoulaye Djibril Diallo<\/strong>, a exprim\u00e9 sa <strong>satisfaction<\/strong> quant \u00e0 l\u2019atteinte des objectifs du centre et \u00e0 l\u2019engagement des participants.<\/p>\n<p>\u00ab Mesdames et messieurs, collaborateurs et collaboratrices des m\u00e9dias publics et priv\u00e9s, nous sommes dans une R\u00e9publique et, dans une R\u00e9publique, chacun a sa mission. Notre mission, en tant que centre de formation, est de renforcer les comp\u00e9tences professionnelles des agents du secteur de l\u2019information et de la communication. Cette mission, nous avons pris l\u2019engagement de l\u2019assumer.<\/p>\n<p>Aujourd\u2019hui, nous pouvons exprimer notre satisfaction : en l\u2019espace de trois mois, nous avons pu initier et renforcer les comp\u00e9tences de pr\u00e8s de <strong>300 salles de r\u00e9daction<\/strong> en techniques de couverture des \u00e9lections, avec une bonne connaissance du cadre l\u00e9gal \u00e9lectoral, mais aussi en mati\u00e8re de collecte, de traitement et de diffusion de l\u2019information li\u00e9e \u00e0 la pr\u00e9sidentielle.<br \/>\nCe m\u00e9rite revient \u00e0 l\u2019\u00e9quipe dynamique du CFPTIC qui se bat chaque jour pour que notre mission r\u00e9galienne ne soit pas laiss\u00e9e pour compte. Je vous remercie pour votre d\u00e9placement. \u00bb<\/p>\n<p>Poursuivant son intervention, le directeur du CFPTIC a <strong>insist\u00e9 sur l\u2019\u00e9thique, le sens de la responsabilit\u00e9 et le professionnalisme<\/strong> qui doivent guider l\u2019action des hommes et femmes de m\u00e9dias, particuli\u00e8rement en cette p\u00e9riode \u00e9lectorale.<\/p>\n<p>\u00ab Nous avons rencontr\u00e9 des journalistes venus des quatre coins de la R\u00e9publique de Guin\u00e9e, mais anim\u00e9s par une m\u00eame volont\u00e9 : renforcer leurs comp\u00e9tences. Le journaliste doit se remettre en cause tous les jours, s\u2019adapter \u00e0 l\u2019actualit\u00e9, \u00e0 l\u2019environnement et au contexte.<\/p>\n<p><img loading=\"lazy\" decoding=\"async\" class=\"alignnone size-full wp-image-6611\" src=\"https:\/\/ledenonciateur224.com\/wp-content\/uploads\/2025\/12\/img-20251219-wa0125.jpg\" alt=\"\" width=\"1020\" height=\"765\" srcset=\"https:\/\/ledenonciateur224.com\/wp-content\/uploads\/2025\/12\/img-20251219-wa0125.jpg 1020w, https:\/\/ledenonciateur224.com\/wp-content\/uploads\/2025\/12\/img-20251219-wa0125-300x225.jpg 300w, https:\/\/ledenonciateur224.com\/wp-content\/uploads\/2025\/12\/img-20251219-wa0125-768x576.jpg 768w, https:\/\/ledenonciateur224.com\/wp-content\/uploads\/2025\/12\/img-20251219-wa0125-150x113.jpg 150w, https:\/\/ledenonciateur224.com\/wp-content\/uploads\/2025\/12\/img-20251219-wa0125-696x522.jpg 696w, https:\/\/ledenonciateur224.com\/wp-content\/uploads\/2025\/12\/img-20251219-wa0125-560x420.jpg 560w, https:\/\/ledenonciateur224.com\/wp-content\/uploads\/2025\/12\/img-20251219-wa0125-80x60.jpg 80w, https:\/\/ledenonciateur224.com\/wp-content\/uploads\/2025\/12\/img-20251219-wa0125-265x198.jpg 265w\" sizes=\"auto, (max-width: 1020px) 100vw, 1020px\" \/><\/p>\n<p>Aujourd\u2019hui, ce contexte est domin\u00e9 par les \u00e9lections. C\u2019est pourquoi nous avons propos\u00e9 des th\u00e9matiques d\u2019actualit\u00e9. Vous avez compris qu\u2019avec le <em>fact-checking<\/em>, on peut traquer et pr\u00e9venir les d\u00e9rives communicationnelles qui portent atteinte \u00e0 l\u2019\u00e9quilibre social et au vivre-ensemble. En luttant contre les discours de haine, on contribue \u00e0 la stabilit\u00e9 de la nation.<br \/>\nEn ma\u00eetrisant les techniques d\u2019animation des \u00e9missions interactives, on peut \u00e9viter de mettre en sc\u00e8ne des r\u00e9alit\u00e9s susceptibles de compromettre la paix sociale et nationale. J\u2019ose croire qu\u2019au sortir de cette rencontre, la couverture m\u00e9diatique se fera sur fond de professionnalisme et de responsabilit\u00e9. Vous pouvez \u00eatre des remparts de la R\u00e9publique pour une libre circulation de l\u2019information et une communication au service de la paix. \u00bb<\/p>\n<p>\u00c0 travers cet atelier, le <strong>CFPTIC r\u00e9affirme son r\u00f4le central<\/strong> dans la professionnalisation des m\u00e9dias guin\u00e9ens et sa contribution \u00e0 une <strong>couverture \u00e9lectorale apais\u00e9e<\/strong>, gage de stabilit\u00e9 et de coh\u00e9sion sociale dans le contexte actuel de l\u2019\u00e9volution du pays.<\/p>\n<p>&nbsp;<\/p>\n<p>N&rsquo;sira Sylla<\/p>\n","protected":false},"excerpt":{"rendered":"<p>Un atelier de formation consacr\u00e9 au renforcement des capacit\u00e9s professionnelles des m\u00e9dias publics et priv\u00e9s en mati\u00e8re de couverture des \u00e9lections s\u2019est tenu \u00e0 Conakry, du jeudi 18 au vendredi 19 d\u00e9cembre 2025. L\u2019initiative est port\u00e9e par le Centre de formation et de perfectionnement en techniques de l\u2019information et de la communication (CFPTIC) et s\u2019est [&hellip;]<\/p>\n","protected":false},"author":2,"featured_media":6611,"comment_status":"closed","ping_status":"closed","sticky":false,"template":"","format":"standard","meta":{"_jetpack_memberships_contains_paid_content":false,"footnotes":"","jetpack_publicize_message":"","jetpack_publicize_feature_enabled":true,"jetpack_social_post_already_shared":true,"jetpack_social_options":{"image_generator_settings":{"template":"highway","default_image_id":0,"font":"","enabled":false},"version":2}},"categories":[30,24],"tags":[1402,735],"class_list":{"0":"post-6609","1":"post","2":"type-post","3":"status-publish","4":"format-standard","5":"has-post-thumbnail","7":"category-faits-divers","8":"category-news","9":"tag-formation","10":"tag-journalistes-guinee"},"jetpack_publicize_connections":[],"jetpack_featured_media_url":"https:\/\/ledenonciateur224.com\/wp-content\/uploads\/2025\/12\/img-20251219-wa0125.jpg","jetpack_sharing_enabled":true,"_links":{"self":[{"href":"https:\/\/ledenonciateur224.com\/index.php\/wp-json\/wp\/v2\/posts\/6609","targetHints":{"allow":["GET"]}}],"collection":[{"href":"https:\/\/ledenonciateur224.com\/index.php\/wp-json\/wp\/v2\/posts"}],"about":[{"href":"https:\/\/ledenonciateur224.com\/index.php\/wp-json\/wp\/v2\/types\/post"}],"author":[{"embeddable":true,"href":"https:\/\/ledenonciateur224.com\/index.php\/wp-json\/wp\/v2\/users\/2"}],"replies":[{"embeddable":true,"href":"https:\/\/ledenonciateur224.com\/index.php\/wp-json\/wp\/v2\/comments?post=6609"}],"version-history":[{"count":1,"href":"https:\/\/ledenonciateur224.com\/index.php\/wp-json\/wp\/v2\/posts\/6609\/revisions"}],"predecessor-version":[{"id":6612,"href":"https:\/\/ledenonciateur224.com\/index.php\/wp-json\/wp\/v2\/posts\/6609\/revisions\/6612"}],"wp:featuredmedia":[{"embeddable":true,"href":"https:\/\/ledenonciateur224.com\/index.php\/wp-json\/wp\/v2\/media\/6611"}],"wp:attachment":[{"href":"https:\/\/ledenonciateur224.com\/index.php\/wp-json\/wp\/v2\/media?parent=6609"}],"wp:term":[{"taxonomy":"category","embeddable":true,"href":"https:\/\/ledenonciateur224.com\/index.php\/wp-json\/wp\/v2\/categories?post=6609"},{"taxonomy":"post_tag","embeddable":true,"href":"https:\/\/ledenonciateur224.com\/index.php\/wp-json\/wp\/v2\/tags?post=6609"}],"curies":[{"name":"wp","href":"https:\/\/api.w.org\/{rel}","templated":true}]}}