{"id":663,"date":"2024-12-28T15:06:57","date_gmt":"2024-12-28T15:06:57","guid":{"rendered":"https:\/\/ledenonciateur224.com\/?p=663"},"modified":"2024-12-28T15:06:57","modified_gmt":"2024-12-28T15:06:57","slug":"deces-de-lex-president-du-pup-moussa-solano-programme-des-obseques-et-message-du-parti","status":"publish","type":"post","link":"https:\/\/ledenonciateur224.com\/index.php\/deces-de-lex-president-du-pup-moussa-solano-programme-des-obseques-et-message-du-parti\/","title":{"rendered":"D\u00e9c\u00e8s de l&rsquo;ex-pr\u00e9sident du PUP Moussa Solano : Programme des obs\u00e8ques et message du parti\u00a0"},"content":{"rendered":"<div dir=\"auto\">\n<div dir=\"auto\"><\/div>\n<div dir=\"auto\"><\/div>\n<div dir=\"auto\">Suite au d\u00e9c\u00e8s de Elhadj Moussa Solano, ancien Ministre de l&rsquo;Administration du Territoire et de la D\u00e9centralisation, membre fondateur et ancien pr\u00e9sident du Parti de l&rsquo;Unit\u00e9 et du Progr\u00e8s (PUP), ainsi que Pr\u00e9sident du Comit\u00e9 de Normalisation du PUP, survenu le jeudi 26 d\u00e9cembre 2024 \u00e0 14 heures, le Comit\u00e9 de Normalisation exprime sa profonde gratitude au Pr\u00e9sident et au Gouvernement de la R\u00e9publique pour les dispositions prises en vue d&rsquo;organiser des obs\u00e8ques dignes, en hommage \u00e0 la contribution exceptionnelle de l&rsquo;illustre disparu au d\u00e9veloppement de l&rsquo;\u00c9tat et de la Nation.<\/div>\n<div dir=\"auto\"><\/div>\n<div dir=\"auto\">\u00c0 cet \u00e9gard, les c\u00e9r\u00e9monies comm\u00e9moratives auront lieu le dimanche 29 d\u00e9cembre 2024, en \u00e9troite collaboration avec le Gouvernement de la R\u00e9publique, selon le programme suivant :<\/div>\n<div dir=\"auto\"><\/div>\n<div dir=\"auto\">1. Lev\u00e9e du corps \u00e0 8h \u00e0 l&rsquo;H\u00f4pital sino-guin\u00e9en de Kip\u00e9,<\/div>\n<div dir=\"auto\"><\/div>\n<div dir=\"auto\"><\/div>\n<div dir=\"auto\">2. Symposium au Palais du Peuple \u00e0 10h,<\/div>\n<div dir=\"auto\"><\/div>\n<div dir=\"auto\"><\/div>\n<div dir=\"auto\">3. Pri\u00e8re sur le corps \u00e0 la Grande Mosqu\u00e9e Fay\u00e7al apr\u00e8s la pri\u00e8re de 14h, suivie de l&rsquo;inhumation au cimeti\u00e8re de Cameroun.<\/div>\n<div dir=\"auto\"><\/div>\n<div dir=\"auto\"><\/div>\n<div dir=\"auto\"><\/div>\n<div dir=\"auto\">Le Comit\u00e9 de Normalisation du PUP invite la population \u00e0 se mobiliser massivement au Palais du Peuple ainsi qu&rsquo;\u00e0 la Grande Mosqu\u00e9e Fay\u00e7al afin de rendre hommage \u00e0 ce grand serviteur de la Nation et de lui t\u00e9moigner le respect qu&rsquo;il m\u00e9rite.<\/div>\n<div dir=\"auto\"><\/div>\n<div dir=\"auto\">Que son \u00e2me repose en paix\u2026 Amen !<\/div>\n<div dir=\"auto\"><\/div>\n<div dir=\"auto\">Pour le Comit\u00e9 de Normalisation<\/div>\n<div dir=\"auto\"><\/div>\n<div dir=\"auto\">Excellence Bachir Tour\u00e9<\/div>\n<div dir=\"auto\">Ancien pr\u00e9sident de la Cour des Comptes<\/div>\n<div dir=\"auto\">Ancien pr\u00e9sident de la Chambre des Comptes<\/div>\n<div dir=\"auto\">Ancien Garde des Sceaux, Ministre de la Justice et des Droits Humains<\/div>\n<div dir=\"auto\">Membre du Comit\u00e9 de Normalisation du PUP<\/div>\n<div dir=\"auto\"><\/div>\n<div dir=\"auto\"><\/div>\n<div dir=\"auto\"><\/div>\n<div dir=\"auto\"><\/div>\n<\/div>\n<div dir=\"auto\"><\/div>\n","protected":false},"excerpt":{"rendered":"<p>Suite au d\u00e9c\u00e8s de Elhadj Moussa Solano, ancien Ministre de l&rsquo;Administration du Territoire et de la D\u00e9centralisation, membre fondateur et ancien pr\u00e9sident du Parti de l&rsquo;Unit\u00e9 et du Progr\u00e8s (PUP), ainsi que Pr\u00e9sident du Comit\u00e9 de Normalisation du PUP, survenu le jeudi 26 d\u00e9cembre 2024 \u00e0 14 heures, le Comit\u00e9 de Normalisation exprime sa profonde [&hellip;]<\/p>\n","protected":false},"author":2,"featured_media":664,"comment_status":"open","ping_status":"open","sticky":false,"template":"","format":"standard","meta":{"_jetpack_memberships_contains_paid_content":false,"footnotes":"","jetpack_publicize_message":"","jetpack_publicize_feature_enabled":true,"jetpack_social_post_already_shared":false,"jetpack_social_options":{"image_generator_settings":{"template":"highway","default_image_id":0,"font":"","enabled":false},"version":2}},"categories":[30,24],"tags":[36,77,35,145,146],"class_list":{"0":"post-663","1":"post","2":"type-post","3":"status-publish","4":"format-standard","5":"has-post-thumbnail","7":"category-faits-divers","8":"category-news","9":"tag-conakry","10":"tag-deces","11":"tag-guinee","12":"tag-moussa-solano","13":"tag-pup"},"jetpack_publicize_connections":[],"jetpack_featured_media_url":"https:\/\/ledenonciateur224.com\/wp-content\/uploads\/2024\/12\/20241227-210057.jpg","jetpack_sharing_enabled":true,"_links":{"self":[{"href":"https:\/\/ledenonciateur224.com\/index.php\/wp-json\/wp\/v2\/posts\/663","targetHints":{"allow":["GET"]}}],"collection":[{"href":"https:\/\/ledenonciateur224.com\/index.php\/wp-json\/wp\/v2\/posts"}],"about":[{"href":"https:\/\/ledenonciateur224.com\/index.php\/wp-json\/wp\/v2\/types\/post"}],"author":[{"embeddable":true,"href":"https:\/\/ledenonciateur224.com\/index.php\/wp-json\/wp\/v2\/users\/2"}],"replies":[{"embeddable":true,"href":"https:\/\/ledenonciateur224.com\/index.php\/wp-json\/wp\/v2\/comments?post=663"}],"version-history":[{"count":0,"href":"https:\/\/ledenonciateur224.com\/index.php\/wp-json\/wp\/v2\/posts\/663\/revisions"}],"wp:featuredmedia":[{"embeddable":true,"href":"https:\/\/ledenonciateur224.com\/index.php\/wp-json\/wp\/v2\/media\/664"}],"wp:attachment":[{"href":"https:\/\/ledenonciateur224.com\/index.php\/wp-json\/wp\/v2\/media?parent=663"}],"wp:term":[{"taxonomy":"category","embeddable":true,"href":"https:\/\/ledenonciateur224.com\/index.php\/wp-json\/wp\/v2\/categories?post=663"},{"taxonomy":"post_tag","embeddable":true,"href":"https:\/\/ledenonciateur224.com\/index.php\/wp-json\/wp\/v2\/tags?post=663"}],"curies":[{"name":"wp","href":"https:\/\/api.w.org\/{rel}","templated":true}]}}