{"id":6640,"date":"2025-12-20T20:04:21","date_gmt":"2025-12-20T20:04:21","guid":{"rendered":"https:\/\/ledenonciateur224.com\/?p=6640"},"modified":"2025-12-20T20:04:21","modified_gmt":"2025-12-20T20:04:21","slug":"dre-diaka-sidibe-en-premiere-ligne-pour-la-mobilisation-electorale-a-matoto","status":"publish","type":"post","link":"https:\/\/ledenonciateur224.com\/index.php\/dre-diaka-sidibe-en-premiere-ligne-pour-la-mobilisation-electorale-a-matoto\/","title":{"rendered":"Dre Diaka Sidib\u00e9 en premi\u00e8re ligne pour la mobilisation \u00e9lectorale \u00e0 Matoto"},"content":{"rendered":"<div dir=\"auto\">Madame la Ministre de l\u2019Industrie et des PME, Dre Diaka Sidib\u00e9, a \u00e9t\u00e9 la marraine d\u2019un grand meeting de soutien au candidat ind\u00e9pendant de la G\u00e9n\u00e9ration pour la Modernit\u00e9 et le D\u00e9veloppement (GMD), Mamadi Doumbouya, ce samedi 20 d\u00e9cembre 2025. L\u2019\u00e9v\u00e9nement, organis\u00e9 par le directoire de campagne, s\u2019est tenu au stade de proximit\u00e9 Kabinet de Matoto, en pr\u00e9sence d\u2019une foule nombreuse et enthousiaste.<\/div>\n<div dir=\"auto\">Des milliers de militants et sympathisants de la GMD, venus des diff\u00e9rentes communes de la capitale, ont r\u00e9pondu \u00e0 l\u2019appel, t\u00e9moignant ainsi de leur engagement et de leur d\u00e9termination \u00e0 soutenir le candidat pr\u00e9sent\u00e9 comme celui du changement et du renouveau.<\/div>\n<div dir=\"auto\"><\/div>\n<div dir=\"auto\"><img loading=\"lazy\" decoding=\"async\" class=\"alignnone size-full wp-image-6641\" src=\"https:\/\/ledenonciateur224.com\/wp-content\/uploads\/2025\/12\/fb-img-1766260495372.jpg\" alt=\"\" width=\"1080\" height=\"720\" srcset=\"https:\/\/ledenonciateur224.com\/wp-content\/uploads\/2025\/12\/fb-img-1766260495372.jpg 1080w, https:\/\/ledenonciateur224.com\/wp-content\/uploads\/2025\/12\/fb-img-1766260495372-300x200.jpg 300w, https:\/\/ledenonciateur224.com\/wp-content\/uploads\/2025\/12\/fb-img-1766260495372-1024x683.jpg 1024w, https:\/\/ledenonciateur224.com\/wp-content\/uploads\/2025\/12\/fb-img-1766260495372-768x512.jpg 768w, https:\/\/ledenonciateur224.com\/wp-content\/uploads\/2025\/12\/fb-img-1766260495372-150x100.jpg 150w, https:\/\/ledenonciateur224.com\/wp-content\/uploads\/2025\/12\/fb-img-1766260495372-696x464.jpg 696w, https:\/\/ledenonciateur224.com\/wp-content\/uploads\/2025\/12\/fb-img-1766260495372-1068x712.jpg 1068w, https:\/\/ledenonciateur224.com\/wp-content\/uploads\/2025\/12\/fb-img-1766260495372-630x420.jpg 630w\" sizes=\"auto, (max-width: 1080px) 100vw, 1080px\" \/><\/div>\n<div dir=\"auto\">Dans son intervention tr\u00e8s attendue, Dre Diaka Sidib\u00e9 a ax\u00e9 son discours sur la sensibilisation citoyenne et l\u2019importance du vote lors du scrutin pr\u00e9sidentiel \u00e0 venir.<\/div>\n<div dir=\"auto\"><\/div>\n<div dir=\"auto\">\u00a0Dans une d\u00e9marche p\u00e9dagogique, la ministre s\u2019est personnellement illustr\u00e9e en expliquant, \u00e9tape par \u00e9tape, le processus de vote, afin d\u2019\u00e9viter toute erreur le jour du scrutin.<\/div>\n<div dir=\"auto\">Devant une foule attentive, elle a insist\u00e9 sur la n\u00e9cessit\u00e9 d\u2019un vote responsable et \u00e9clair\u00e9, tout en montrant concr\u00e8tement comment utiliser le bulletin de vote. Cette d\u00e9monstration a \u00e9t\u00e9 salu\u00e9e par les participants, notamment les primo-votants, venus nombreux.<\/div>\n<div dir=\"auto\"><\/div>\n<div dir=\"auto\"><img loading=\"lazy\" decoding=\"async\" class=\"alignnone size-full wp-image-6642\" src=\"https:\/\/ledenonciateur224.com\/wp-content\/uploads\/2025\/12\/fb-img-1766260465839.jpg\" alt=\"\" width=\"1080\" height=\"720\" srcset=\"https:\/\/ledenonciateur224.com\/wp-content\/uploads\/2025\/12\/fb-img-1766260465839.jpg 1080w, https:\/\/ledenonciateur224.com\/wp-content\/uploads\/2025\/12\/fb-img-1766260465839-300x200.jpg 300w, https:\/\/ledenonciateur224.com\/wp-content\/uploads\/2025\/12\/fb-img-1766260465839-1024x683.jpg 1024w, https:\/\/ledenonciateur224.com\/wp-content\/uploads\/2025\/12\/fb-img-1766260465839-768x512.jpg 768w, https:\/\/ledenonciateur224.com\/wp-content\/uploads\/2025\/12\/fb-img-1766260465839-150x100.jpg 150w, https:\/\/ledenonciateur224.com\/wp-content\/uploads\/2025\/12\/fb-img-1766260465839-696x464.jpg 696w, https:\/\/ledenonciateur224.com\/wp-content\/uploads\/2025\/12\/fb-img-1766260465839-1068x712.jpg 1068w, https:\/\/ledenonciateur224.com\/wp-content\/uploads\/2025\/12\/fb-img-1766260465839-630x420.jpg 630w\" sizes=\"auto, (max-width: 1080px) 100vw, 1080px\" \/><\/div>\n<div dir=\"auto\">\u00ab Je tiens \u00e0 exprimer ma profonde gratitude \u00e0 tous les citoyens de la commune de Matoto, ainsi qu\u2019\u00e0 ceux venus des diff\u00e9rentes communes de la capitale. Je vous invite \u00e0 \u00eatre fortement mobilis\u00e9s le 28 d\u00e9cembre prochain, d\u00e8s 6 heures du matin, pour aller voter pour notre candidat, le candidat du peuple, le candidat de la G\u00e9n\u00e9ration pour la Modernit\u00e9 et le D\u00e9veloppement, Mamadi Doumbouya.<\/div>\n<div dir=\"auto\">Voici le bulletin de vote : la premi\u00e8re photo en haut, c\u2019est celle de notre candidat. Attention, ne mettez rien sur la photo. Juste devant, il y a un espace pr\u00e9vu pour cocher. C\u2019est l\u00e0 que vous devez mettre la coche. En votant pour Mamadi Doumbouya, vous faites le meilleur choix, celui de la transformation et du d\u00e9veloppement de notre pays \u00bb, a-t-elle d\u00e9clar\u00e9.<\/div>\n<div dir=\"auto\"><img loading=\"lazy\" decoding=\"async\" class=\"alignnone size-full wp-image-6643\" src=\"https:\/\/ledenonciateur224.com\/wp-content\/uploads\/2025\/12\/fb-img-1766260550816.jpg\" alt=\"\" width=\"1080\" height=\"720\" srcset=\"https:\/\/ledenonciateur224.com\/wp-content\/uploads\/2025\/12\/fb-img-1766260550816.jpg 1080w, https:\/\/ledenonciateur224.com\/wp-content\/uploads\/2025\/12\/fb-img-1766260550816-300x200.jpg 300w, https:\/\/ledenonciateur224.com\/wp-content\/uploads\/2025\/12\/fb-img-1766260550816-1024x683.jpg 1024w, https:\/\/ledenonciateur224.com\/wp-content\/uploads\/2025\/12\/fb-img-1766260550816-768x512.jpg 768w, https:\/\/ledenonciateur224.com\/wp-content\/uploads\/2025\/12\/fb-img-1766260550816-150x100.jpg 150w, https:\/\/ledenonciateur224.com\/wp-content\/uploads\/2025\/12\/fb-img-1766260550816-696x464.jpg 696w, https:\/\/ledenonciateur224.com\/wp-content\/uploads\/2025\/12\/fb-img-1766260550816-1068x712.jpg 1068w, https:\/\/ledenonciateur224.com\/wp-content\/uploads\/2025\/12\/fb-img-1766260550816-630x420.jpg 630w\" sizes=\"auto, (max-width: 1080px) 100vw, 1080px\" \/> <img loading=\"lazy\" decoding=\"async\" class=\"alignnone size-full wp-image-6644\" src=\"https:\/\/ledenonciateur224.com\/wp-content\/uploads\/2025\/12\/fb-img-1766260481809.jpg\" alt=\"\" width=\"1080\" height=\"720\" srcset=\"https:\/\/ledenonciateur224.com\/wp-content\/uploads\/2025\/12\/fb-img-1766260481809.jpg 1080w, https:\/\/ledenonciateur224.com\/wp-content\/uploads\/2025\/12\/fb-img-1766260481809-300x200.jpg 300w, https:\/\/ledenonciateur224.com\/wp-content\/uploads\/2025\/12\/fb-img-1766260481809-1024x683.jpg 1024w, https:\/\/ledenonciateur224.com\/wp-content\/uploads\/2025\/12\/fb-img-1766260481809-768x512.jpg 768w, https:\/\/ledenonciateur224.com\/wp-content\/uploads\/2025\/12\/fb-img-1766260481809-150x100.jpg 150w, https:\/\/ledenonciateur224.com\/wp-content\/uploads\/2025\/12\/fb-img-1766260481809-696x464.jpg 696w, https:\/\/ledenonciateur224.com\/wp-content\/uploads\/2025\/12\/fb-img-1766260481809-1068x712.jpg 1068w, https:\/\/ledenonciateur224.com\/wp-content\/uploads\/2025\/12\/fb-img-1766260481809-630x420.jpg 630w\" sizes=\"auto, (max-width: 1080px) 100vw, 1080px\" \/><\/div>\n<div dir=\"auto\"><\/div>\n<div dir=\"auto\">Ce meeting de Matoto marque ainsi une \u00e9tape cl\u00e9 dans la campagne, renfor\u00e7ant la dynamique de mobilisation autour du candidat Mamadi Doumbouya et mettant en avant un message fort : un vote bien compris est un vote utile pour l\u2019avenir du pays.<\/div>\n<div dir=\"auto\"><\/div>\n<div dir=\"auto\"><img loading=\"lazy\" decoding=\"async\" class=\"alignnone size-full wp-image-6645\" src=\"https:\/\/ledenonciateur224.com\/wp-content\/uploads\/2025\/12\/fb-img-1766260487632.jpg\" alt=\"\" width=\"1080\" height=\"720\" srcset=\"https:\/\/ledenonciateur224.com\/wp-content\/uploads\/2025\/12\/fb-img-1766260487632.jpg 1080w, https:\/\/ledenonciateur224.com\/wp-content\/uploads\/2025\/12\/fb-img-1766260487632-300x200.jpg 300w, https:\/\/ledenonciateur224.com\/wp-content\/uploads\/2025\/12\/fb-img-1766260487632-1024x683.jpg 1024w, https:\/\/ledenonciateur224.com\/wp-content\/uploads\/2025\/12\/fb-img-1766260487632-768x512.jpg 768w, https:\/\/ledenonciateur224.com\/wp-content\/uploads\/2025\/12\/fb-img-1766260487632-150x100.jpg 150w, https:\/\/ledenonciateur224.com\/wp-content\/uploads\/2025\/12\/fb-img-1766260487632-696x464.jpg 696w, https:\/\/ledenonciateur224.com\/wp-content\/uploads\/2025\/12\/fb-img-1766260487632-1068x712.jpg 1068w, https:\/\/ledenonciateur224.com\/wp-content\/uploads\/2025\/12\/fb-img-1766260487632-630x420.jpg 630w\" sizes=\"auto, (max-width: 1080px) 100vw, 1080px\" \/><\/div>\n<div dir=\"auto\"><\/div>\n<div dir=\"auto\">Aboubacar Moussa Camara<\/div>\n<div dir=\"auto\">611 70 39 84<\/div>\n","protected":false},"excerpt":{"rendered":"<p>Madame la Ministre de l\u2019Industrie et des PME, Dre Diaka Sidib\u00e9, a \u00e9t\u00e9 la marraine d\u2019un grand meeting de soutien au candidat ind\u00e9pendant de la G\u00e9n\u00e9ration pour la Modernit\u00e9 et le D\u00e9veloppement (GMD), Mamadi Doumbouya, ce samedi 20 d\u00e9cembre 2025. L\u2019\u00e9v\u00e9nement, organis\u00e9 par le directoire de campagne, s\u2019est tenu au stade de proximit\u00e9 Kabinet de [&hellip;]<\/p>\n","protected":false},"author":2,"featured_media":6646,"comment_status":"closed","ping_status":"closed","sticky":false,"template":"","format":"standard","meta":{"_jetpack_memberships_contains_paid_content":false,"footnotes":"","jetpack_publicize_message":"","jetpack_publicize_feature_enabled":true,"jetpack_social_post_already_shared":true,"jetpack_social_options":{"image_generator_settings":{"template":"highway","default_image_id":0,"font":"","enabled":false},"version":2}},"categories":[24,27],"tags":[630,1404,522],"class_list":{"0":"post-6640","1":"post","2":"type-post","3":"status-publish","4":"format-standard","5":"has-post-thumbnail","7":"category-news","8":"category-politique","9":"tag-dre-diaka-sidibe","10":"tag-la-gmd","11":"tag-mamadi-doumbouya"},"jetpack_publicize_connections":[],"jetpack_featured_media_url":"https:\/\/ledenonciateur224.com\/wp-content\/uploads\/2025\/12\/fb-img-1766260511633.jpg","jetpack_sharing_enabled":true,"_links":{"self":[{"href":"https:\/\/ledenonciateur224.com\/index.php\/wp-json\/wp\/v2\/posts\/6640","targetHints":{"allow":["GET"]}}],"collection":[{"href":"https:\/\/ledenonciateur224.com\/index.php\/wp-json\/wp\/v2\/posts"}],"about":[{"href":"https:\/\/ledenonciateur224.com\/index.php\/wp-json\/wp\/v2\/types\/post"}],"author":[{"embeddable":true,"href":"https:\/\/ledenonciateur224.com\/index.php\/wp-json\/wp\/v2\/users\/2"}],"replies":[{"embeddable":true,"href":"https:\/\/ledenonciateur224.com\/index.php\/wp-json\/wp\/v2\/comments?post=6640"}],"version-history":[{"count":1,"href":"https:\/\/ledenonciateur224.com\/index.php\/wp-json\/wp\/v2\/posts\/6640\/revisions"}],"predecessor-version":[{"id":6647,"href":"https:\/\/ledenonciateur224.com\/index.php\/wp-json\/wp\/v2\/posts\/6640\/revisions\/6647"}],"wp:featuredmedia":[{"embeddable":true,"href":"https:\/\/ledenonciateur224.com\/index.php\/wp-json\/wp\/v2\/media\/6646"}],"wp:attachment":[{"href":"https:\/\/ledenonciateur224.com\/index.php\/wp-json\/wp\/v2\/media?parent=6640"}],"wp:term":[{"taxonomy":"category","embeddable":true,"href":"https:\/\/ledenonciateur224.com\/index.php\/wp-json\/wp\/v2\/categories?post=6640"},{"taxonomy":"post_tag","embeddable":true,"href":"https:\/\/ledenonciateur224.com\/index.php\/wp-json\/wp\/v2\/tags?post=6640"}],"curies":[{"name":"wp","href":"https:\/\/api.w.org\/{rel}","templated":true}]}}