{"id":6648,"date":"2025-12-20T20:20:14","date_gmt":"2025-12-20T20:20:14","guid":{"rendered":"https:\/\/ledenonciateur224.com\/?p=6648"},"modified":"2025-12-20T20:20:14","modified_gmt":"2025-12-20T20:20:14","slug":"presidentielle-2025-kindia-se-mobilise-pour-le-coup-k-o-de-mamadi-doumbouya-lors-dun-meeting-geant-du-forum-epg","status":"publish","type":"post","link":"https:\/\/ledenonciateur224.com\/index.php\/presidentielle-2025-kindia-se-mobilise-pour-le-coup-k-o-de-mamadi-doumbouya-lors-dun-meeting-geant-du-forum-epg\/","title":{"rendered":"Pr\u00e9sidentielle 2025 : Kindia se mobilise pour le \u201ccoup K.O\u201d de Mamadi Doumbouya lors d\u2019un meeting g\u00e9ant du Forum EPG"},"content":{"rendered":"<p>\u00c0 une semaine de l\u2019\u00e9lection pr\u00e9sidentielle du 28 d\u00e9cembre 2025, la mobilisation politique s\u2019intensifie \u00e0 l\u2019int\u00e9rieur du pays. \u00c0 Kindia, le Forum Ensemble pour la Guin\u00e9e (EPG), conduit par Ousmane Dady Camara, a d\u00e9montr\u00e9 sa capacit\u00e9 de rassemblement en organisant un meeting g\u00e9ant ce samedi 20 d\u00e9cembre, en soutien \u00e0 la candidature du pr\u00e9sident Mamadi Doumbouya.<br \/>\nSeulement quatre jours apr\u00e8s le lancement officiel de sa campagne nationale, le Forum EPG a r\u00e9ussi \u00e0 f\u00e9d\u00e9rer une foule impressionnante, confirmant ainsi son ancrage sur le terrain et son engagement sans faille en faveur du candidat qu\u2019il soutient. La Maison des Jeunes de Kindia a servi de cadre \u00e0 cette grande rencontre politique, qui a mobilis\u00e9 jeunes, femmes et leaders communautaires issus des 33 quartiers de la ville des agrumes.<\/p>\n<p><img loading=\"lazy\" decoding=\"async\" class=\"alignnone size-full wp-image-6649\" src=\"https:\/\/ledenonciateur224.com\/wp-content\/uploads\/2025\/12\/img-20251220-wa0352.jpg\" alt=\"\" width=\"1280\" height=\"591\" srcset=\"https:\/\/ledenonciateur224.com\/wp-content\/uploads\/2025\/12\/img-20251220-wa0352.jpg 1280w, https:\/\/ledenonciateur224.com\/wp-content\/uploads\/2025\/12\/img-20251220-wa0352-300x139.jpg 300w, https:\/\/ledenonciateur224.com\/wp-content\/uploads\/2025\/12\/img-20251220-wa0352-1024x473.jpg 1024w, https:\/\/ledenonciateur224.com\/wp-content\/uploads\/2025\/12\/img-20251220-wa0352-768x355.jpg 768w, https:\/\/ledenonciateur224.com\/wp-content\/uploads\/2025\/12\/img-20251220-wa0352-150x69.jpg 150w, https:\/\/ledenonciateur224.com\/wp-content\/uploads\/2025\/12\/img-20251220-wa0352-696x321.jpg 696w, https:\/\/ledenonciateur224.com\/wp-content\/uploads\/2025\/12\/img-20251220-wa0352-1068x493.jpg 1068w, https:\/\/ledenonciateur224.com\/wp-content\/uploads\/2025\/12\/img-20251220-wa0352-910x420.jpg 910w\" sizes=\"auto, (max-width: 1280px) 100vw, 1280px\" \/><br \/>\nDans une ambiance marqu\u00e9e par l\u2019enthousiasme et la ferveur militante, les slogans \u00ab 100 % pour Mamadi Doumbouya \u00bb et \u00ab un coup K.O \u00bb ont r\u00e9sonn\u00e9 tout au long du meeting. Des messages clairs traduisant la volont\u00e9 affich\u00e9e des militants et sympathisants de voir le candidat l\u2019emporter d\u00e8s le premier tour.<\/p>\n<p><img loading=\"lazy\" decoding=\"async\" class=\"alignnone size-full wp-image-6650\" src=\"https:\/\/ledenonciateur224.com\/wp-content\/uploads\/2025\/12\/img-20251220-wa0347.jpg\" alt=\"\" width=\"1280\" height=\"591\" srcset=\"https:\/\/ledenonciateur224.com\/wp-content\/uploads\/2025\/12\/img-20251220-wa0347.jpg 1280w, https:\/\/ledenonciateur224.com\/wp-content\/uploads\/2025\/12\/img-20251220-wa0347-300x139.jpg 300w, https:\/\/ledenonciateur224.com\/wp-content\/uploads\/2025\/12\/img-20251220-wa0347-1024x473.jpg 1024w, https:\/\/ledenonciateur224.com\/wp-content\/uploads\/2025\/12\/img-20251220-wa0347-768x355.jpg 768w, https:\/\/ledenonciateur224.com\/wp-content\/uploads\/2025\/12\/img-20251220-wa0347-150x69.jpg 150w, https:\/\/ledenonciateur224.com\/wp-content\/uploads\/2025\/12\/img-20251220-wa0347-696x321.jpg 696w, https:\/\/ledenonciateur224.com\/wp-content\/uploads\/2025\/12\/img-20251220-wa0347-1068x493.jpg 1068w, https:\/\/ledenonciateur224.com\/wp-content\/uploads\/2025\/12\/img-20251220-wa0347-910x420.jpg 910w\" sizes=\"auto, (max-width: 1280px) 100vw, 1280px\" \/><br \/>\nPrenant la parole devant un public largement acquis \u00e0 la cause, Ousmane Dady Camara, coordinateur g\u00e9n\u00e9ral du Forum EPG, a exprim\u00e9 sa satisfaction et sa confiance quant \u00e0 l\u2019issue du scrutin \u00e0 Kindia.\u00ab Le souhait est d\u00e9j\u00e0 exauc\u00e9, vous voyez, il n\u2019y a rien \u00e0 dire. Vous avez vu combien de fois Kindia est engag\u00e9e. Kindia est pour son fils, Kindia est pour le candidat exceptionnel que Mamadi Doumbouya est. Aujourd\u2019hui, nous sommes tr\u00e8s heureux, nous sommes rassur\u00e9s que Kindia va faire 100 % \u00bb, a-t-il d\u00e9clar\u00e9 sous les ovations.<br \/>\nDans son intervention, Ousmane Dady Camara a rappel\u00e9 que les r\u00e9alisations enregistr\u00e9es au cours des quatre derni\u00e8res ann\u00e9es constituent, selon lui, une preuve tangible de l\u2019engagement du pr\u00e9sident Mamadi Doumbouya en faveur du d\u00e9veloppement du pays. Il a soutenu que ces acquis font de lui un choix \u00e9vident pour les populations, y compris celles de la r\u00e9gion de Kindia.<br \/>\nInsistant sur la vision port\u00e9e par la G\u00e9n\u00e9ration pour la Modernit\u00e9 et le D\u00e9veloppement (GMD), il a mis en avant les projets structurants, notamment dans le secteur du logement, per\u00e7us comme des leviers importants pour l\u2019emploi et l\u2019am\u00e9lioration des conditions de vie des populations locales.<\/p>\n<p><img loading=\"lazy\" decoding=\"async\" class=\"alignnone size-full wp-image-6651\" src=\"https:\/\/ledenonciateur224.com\/wp-content\/uploads\/2025\/12\/img-20251220-wa0348.jpg\" alt=\"\" width=\"1280\" height=\"591\" srcset=\"https:\/\/ledenonciateur224.com\/wp-content\/uploads\/2025\/12\/img-20251220-wa0348.jpg 1280w, https:\/\/ledenonciateur224.com\/wp-content\/uploads\/2025\/12\/img-20251220-wa0348-300x139.jpg 300w, https:\/\/ledenonciateur224.com\/wp-content\/uploads\/2025\/12\/img-20251220-wa0348-1024x473.jpg 1024w, https:\/\/ledenonciateur224.com\/wp-content\/uploads\/2025\/12\/img-20251220-wa0348-768x355.jpg 768w, https:\/\/ledenonciateur224.com\/wp-content\/uploads\/2025\/12\/img-20251220-wa0348-150x69.jpg 150w, https:\/\/ledenonciateur224.com\/wp-content\/uploads\/2025\/12\/img-20251220-wa0348-696x321.jpg 696w, https:\/\/ledenonciateur224.com\/wp-content\/uploads\/2025\/12\/img-20251220-wa0348-1068x493.jpg 1068w, https:\/\/ledenonciateur224.com\/wp-content\/uploads\/2025\/12\/img-20251220-wa0348-910x420.jpg 910w\" sizes=\"auto, (max-width: 1280px) 100vw, 1280px\" \/><br \/>\n\u00ab Aujourd\u2019hui, nous avons la preuve. Nous avons \u00e0 nos c\u00f4t\u00e9s des fr\u00e8res de l\u2019Agence de logements sociaux. Ils sont aujourd\u2019hui \u00e0 plus de 6 000 logements r\u00e9alis\u00e9s, avec des projets de 10 000 et de 20 000 logements. Rien qu\u2019\u00e0 Kindia, plus de 1 000 logements sont pr\u00e9vus. Cela va toucher directement les jeunes \u00e0 travers des emplois directs et indirects. Plus de 5 000 \u00e0 10 000 jeunes de Kindia vont profiter de ces projets. Tout \u00e7a, c\u2019est le progr\u00e8s, c\u2019est l\u2019engagement du candidat Mamadi Doumbouya, sa volont\u00e9 de faire de la Guin\u00e9e un paradis, parce que la Guin\u00e9e m\u00e9rite d\u2019\u00eatre un paradis \u00bb, a-t-il soulign\u00e9.<br \/>\nCe meeting d\u2019envergure a \u00e9t\u00e9 rendu possible gr\u00e2ce \u00e0 l\u2019implication active du mouvement Kaniaf\u00e9 (Pour l\u2019int\u00e9r\u00eat de Kania), fortement engag\u00e9 dans la mobilisation des citoyens. Son coordinateur g\u00e9n\u00e9ral, Oumar Bomody Cond\u00e9, a r\u00e9affirm\u00e9 l\u2019engagement total de la r\u00e9gion de Kindia en faveur du pr\u00e9sident candidat.<\/p>\n<p><img loading=\"lazy\" decoding=\"async\" class=\"alignnone size-full wp-image-6652\" src=\"https:\/\/ledenonciateur224.com\/wp-content\/uploads\/2025\/12\/img-20251220-wa0350.jpg\" alt=\"\" width=\"1280\" height=\"591\" srcset=\"https:\/\/ledenonciateur224.com\/wp-content\/uploads\/2025\/12\/img-20251220-wa0350.jpg 1280w, https:\/\/ledenonciateur224.com\/wp-content\/uploads\/2025\/12\/img-20251220-wa0350-300x139.jpg 300w, https:\/\/ledenonciateur224.com\/wp-content\/uploads\/2025\/12\/img-20251220-wa0350-1024x473.jpg 1024w, https:\/\/ledenonciateur224.com\/wp-content\/uploads\/2025\/12\/img-20251220-wa0350-768x355.jpg 768w, https:\/\/ledenonciateur224.com\/wp-content\/uploads\/2025\/12\/img-20251220-wa0350-150x69.jpg 150w, https:\/\/ledenonciateur224.com\/wp-content\/uploads\/2025\/12\/img-20251220-wa0350-696x321.jpg 696w, https:\/\/ledenonciateur224.com\/wp-content\/uploads\/2025\/12\/img-20251220-wa0350-1068x493.jpg 1068w, https:\/\/ledenonciateur224.com\/wp-content\/uploads\/2025\/12\/img-20251220-wa0350-910x420.jpg 910w\" sizes=\"auto, (max-width: 1280px) 100vw, 1280px\" \/><br \/>\n\u00ab En termes de soutien, vous avez vu et constat\u00e9 combien de fois Kindia s\u2019est mobilis\u00e9e derri\u00e8re son Excellence Mamadi Doumbouya pour qu\u2019il soit \u00e9lu d\u00e8s le premier tour comme pr\u00e9sident de la R\u00e9publique de Guin\u00e9e. Donc 100 % ! S\u2019il faut m\u00eame 200 % ! \u00bb, a-t-il d\u00e9clar\u00e9 devant les m\u00e9dias.<br \/>\n\u00c0 travers cette d\u00e9monstration de force, Kindia confirme son r\u00f4le strat\u00e9gique dans la dynamique de soutien au candidat Mamadi Doumbouya. Ce meeting g\u00e9ant du Forum EPG appara\u00eet ainsi comme un signal fort \u00e0 l\u2019approche d\u2019un scrutin pr\u00e9sidentiel d\u00e9cisif pour l\u2019avenir de la Guin\u00e9e.<\/p>\n<p><img loading=\"lazy\" decoding=\"async\" class=\"alignnone size-full wp-image-6653\" src=\"https:\/\/ledenonciateur224.com\/wp-content\/uploads\/2025\/12\/img-20251220-wa0349.jpg\" alt=\"\" width=\"1280\" height=\"591\" srcset=\"https:\/\/ledenonciateur224.com\/wp-content\/uploads\/2025\/12\/img-20251220-wa0349.jpg 1280w, https:\/\/ledenonciateur224.com\/wp-content\/uploads\/2025\/12\/img-20251220-wa0349-300x139.jpg 300w, https:\/\/ledenonciateur224.com\/wp-content\/uploads\/2025\/12\/img-20251220-wa0349-1024x473.jpg 1024w, https:\/\/ledenonciateur224.com\/wp-content\/uploads\/2025\/12\/img-20251220-wa0349-768x355.jpg 768w, https:\/\/ledenonciateur224.com\/wp-content\/uploads\/2025\/12\/img-20251220-wa0349-150x69.jpg 150w, https:\/\/ledenonciateur224.com\/wp-content\/uploads\/2025\/12\/img-20251220-wa0349-696x321.jpg 696w, https:\/\/ledenonciateur224.com\/wp-content\/uploads\/2025\/12\/img-20251220-wa0349-1068x493.jpg 1068w, https:\/\/ledenonciateur224.com\/wp-content\/uploads\/2025\/12\/img-20251220-wa0349-910x420.jpg 910w\" sizes=\"auto, (max-width: 1280px) 100vw, 1280px\" \/><\/p>\n<p>Ledenonciateur224.com<\/p>\n","protected":false},"excerpt":{"rendered":"<p>\u00c0 une semaine de l\u2019\u00e9lection pr\u00e9sidentielle du 28 d\u00e9cembre 2025, la mobilisation politique s\u2019intensifie \u00e0 l\u2019int\u00e9rieur du pays. \u00c0 Kindia, le Forum Ensemble pour la Guin\u00e9e (EPG), conduit par Ousmane Dady Camara, a d\u00e9montr\u00e9 sa capacit\u00e9 de rassemblement en organisant un meeting g\u00e9ant ce samedi 20 d\u00e9cembre, en soutien \u00e0 la candidature du pr\u00e9sident Mamadi [&hellip;]<\/p>\n","protected":false},"author":2,"featured_media":6651,"comment_status":"closed","ping_status":"closed","sticky":false,"template":"","format":"standard","meta":{"_jetpack_memberships_contains_paid_content":false,"footnotes":"","jetpack_publicize_message":"","jetpack_publicize_feature_enabled":true,"jetpack_social_post_already_shared":true,"jetpack_social_options":{"image_generator_settings":{"template":"highway","default_image_id":0,"font":"","enabled":false},"version":2}},"categories":[24,27,33],"tags":[1215,1404,1405,382],"class_list":{"0":"post-6648","1":"post","2":"type-post","3":"status-publish","4":"format-standard","5":"has-post-thumbnail","7":"category-news","8":"category-politique","9":"category-region","10":"tag-epg","11":"tag-la-gmd","12":"tag-ousmane-dady","13":"tag-kindia"},"jetpack_publicize_connections":[],"jetpack_featured_media_url":"https:\/\/ledenonciateur224.com\/wp-content\/uploads\/2025\/12\/img-20251220-wa0348.jpg","jetpack_sharing_enabled":true,"_links":{"self":[{"href":"https:\/\/ledenonciateur224.com\/index.php\/wp-json\/wp\/v2\/posts\/6648","targetHints":{"allow":["GET"]}}],"collection":[{"href":"https:\/\/ledenonciateur224.com\/index.php\/wp-json\/wp\/v2\/posts"}],"about":[{"href":"https:\/\/ledenonciateur224.com\/index.php\/wp-json\/wp\/v2\/types\/post"}],"author":[{"embeddable":true,"href":"https:\/\/ledenonciateur224.com\/index.php\/wp-json\/wp\/v2\/users\/2"}],"replies":[{"embeddable":true,"href":"https:\/\/ledenonciateur224.com\/index.php\/wp-json\/wp\/v2\/comments?post=6648"}],"version-history":[{"count":1,"href":"https:\/\/ledenonciateur224.com\/index.php\/wp-json\/wp\/v2\/posts\/6648\/revisions"}],"predecessor-version":[{"id":6654,"href":"https:\/\/ledenonciateur224.com\/index.php\/wp-json\/wp\/v2\/posts\/6648\/revisions\/6654"}],"wp:featuredmedia":[{"embeddable":true,"href":"https:\/\/ledenonciateur224.com\/index.php\/wp-json\/wp\/v2\/media\/6651"}],"wp:attachment":[{"href":"https:\/\/ledenonciateur224.com\/index.php\/wp-json\/wp\/v2\/media?parent=6648"}],"wp:term":[{"taxonomy":"category","embeddable":true,"href":"https:\/\/ledenonciateur224.com\/index.php\/wp-json\/wp\/v2\/categories?post=6648"},{"taxonomy":"post_tag","embeddable":true,"href":"https:\/\/ledenonciateur224.com\/index.php\/wp-json\/wp\/v2\/tags?post=6648"}],"curies":[{"name":"wp","href":"https:\/\/api.w.org\/{rel}","templated":true}]}}