{"id":6655,"date":"2025-12-20T22:39:21","date_gmt":"2025-12-20T22:39:21","guid":{"rendered":"https:\/\/ledenonciateur224.com\/?p=6655"},"modified":"2025-12-20T22:39:21","modified_gmt":"2025-12-20T22:39:21","slug":"revolution-dans-le-football-africain-la-can-passe-au-cycle-quadriennal-et-une-ligue-africaine-des-nations-voit-le-jour","status":"publish","type":"post","link":"https:\/\/ledenonciateur224.com\/index.php\/revolution-dans-le-football-africain-la-can-passe-au-cycle-quadriennal-et-une-ligue-africaine-des-nations-voit-le-jour\/","title":{"rendered":"R\u00e9volution dans le football africain : la CAN passe au cycle quadriennal et une Ligue africaine des nations voit le jour"},"content":{"rendered":"<p>Le football africain s\u2019appr\u00eate \u00e0 entrer dans une nouvelle \u00e8re. Selon Patrice Motsepe, pr\u00e9sident de la Conf\u00e9d\u00e9ration africaine de football (CAF), une r\u00e9forme majeure va profond\u00e9ment transformer le calendrier des comp\u00e9titions continentales. Objectif affich\u00e9 : aligner la Coupe d\u2019Afrique des Nations (CAN) sur le calendrier international et sur le format des grandes comp\u00e9titions mondiales, tout en ouvrant la voie \u00e0 la cr\u00e9ation d\u2019une nouvelle \u00e9preuve baptis\u00e9e Ligue africaine des nations.<br \/>\n\u00c0 partir de 2028, la CAN adoptera un cycle quadriennal, \u00e0 l\u2019image de la Coupe du monde ou du Championnat d\u2019Europe (Euro). Cette \u00e9volution marque un tournant historique pour une comp\u00e9tition qui, depuis 1968, se disputait tous les deux ans. Selon Patrice Motsepe, ce changement permettra une meilleure organisation du calendrier sportif, une r\u00e9duction des conflits avec les championnats nationaux et internationaux, ainsi qu\u2019une pr\u00e9paration plus optimale des s\u00e9lections africaines pour les comp\u00e9titions de haut niveau.<br \/>\nL\u2019annonce a \u00e9t\u00e9 faite ce samedi, lors d\u2019une conf\u00e9rence de presse, \u00e0 la veille du coup d\u2019envoi de la 35e \u00e9dition de la CAN, qui s\u2019ouvrira dimanche avec la rencontre Maroc\u2013Comores (20h). Le pr\u00e9sident de la CAF a pr\u00e9cis\u00e9 que la transition se fera progressivement : la prochaine \u00e9dition de la CAN aura bien lieu en 2027, au Kenya, en Ouganda et en Tanzanie, mais la suivante se disputera exceptionnellement en 2028, et non en 2029, avant l\u2019adoption d\u00e9finitive du rythme quadriennal.<br \/>\nEn parall\u00e8le, la CAF lancera une nouvelle comp\u00e9tition continentale : la Ligue africaine des nations (CAF Nations League). Inspir\u00e9e du mod\u00e8le europ\u00e9en, cette \u00e9preuve se d\u00e9roulera pendant les fen\u00eatres internationales FIFA, \u00e0 l\u2019instar de la Ligue des nations de l\u2019UEFA. Son lancement est pr\u00e9vu pour 2029, m\u00eame si la p\u00e9riode exacte de l\u2019ann\u00e9e (hiver ou \u00e9t\u00e9) n\u2019a pas encore \u00e9t\u00e9 arr\u00eat\u00e9e.<br \/>\n\u00ab Nous avons travaill\u00e9 avec Gianni Infantino pour que chaque ann\u00e9e, il y ait une comp\u00e9tition africaine de septembre \u00e0 novembre, durant les dates FIFA \u00bb, a expliqu\u00e9 Patrice Motsepe, soulignant la volont\u00e9 de renforcer la visibilit\u00e9 et la r\u00e9gularit\u00e9 des comp\u00e9titions africaines.<br \/>\nAutre annonce majeure accompagnant cette r\u00e9forme : une augmentation significative des dotations financi\u00e8res. Le futur vainqueur de la CAN percevra d\u00e9sormais 10 millions de dollars, contre 7 millions de dollars lors de la derni\u00e8re \u00e9dition remport\u00e9e par la C\u00f4te d\u2019Ivoire. Une hausse qui t\u00e9moigne de l\u2019ambition de la CAF de revaloriser le football africain, tant sur le plan sportif qu\u2019\u00e9conomique.<br \/>\nAvec ces d\u00e9cisions structurantes, la CAF affiche clairement sa volont\u00e9 de moderniser ses comp\u00e9titions, de renforcer leur attractivit\u00e9 et d\u2019inscrire durablement le football africain dans les standards internationaux.<\/p>\n<p>&nbsp;<\/p>\n<p>&nbsp;<\/p>\n<p>Ledenonciateur224.com<\/p>\n","protected":false},"excerpt":{"rendered":"<p>Le football africain s\u2019appr\u00eate \u00e0 entrer dans une nouvelle \u00e8re. Selon Patrice Motsepe, pr\u00e9sident de la Conf\u00e9d\u00e9ration africaine de football (CAF), une r\u00e9forme majeure va profond\u00e9ment transformer le calendrier des comp\u00e9titions continentales. Objectif affich\u00e9 : aligner la Coupe d\u2019Afrique des Nations (CAN) sur le calendrier international et sur le format des grandes comp\u00e9titions mondiales, tout [&hellip;]<\/p>\n","protected":false},"author":2,"featured_media":6656,"comment_status":"closed","ping_status":"closed","sticky":false,"template":"","format":"standard","meta":{"_jetpack_memberships_contains_paid_content":false,"footnotes":"","jetpack_publicize_message":"","jetpack_publicize_feature_enabled":true,"jetpack_social_post_already_shared":true,"jetpack_social_options":{"image_generator_settings":{"template":"highway","default_image_id":0,"font":"","enabled":false},"version":2}},"categories":[38,24,34],"tags":[1406,116],"class_list":{"0":"post-6655","1":"post","2":"type-post","3":"status-publish","4":"format-standard","5":"has-post-thumbnail","7":"category-international","8":"category-news","9":"category-sport","10":"tag-coupe-dafrique","11":"tag-caf"},"jetpack_publicize_connections":[],"jetpack_featured_media_url":"https:\/\/ledenonciateur224.com\/wp-content\/uploads\/2025\/12\/coupe-dafrique-des-nations.jpeg","jetpack_sharing_enabled":true,"_links":{"self":[{"href":"https:\/\/ledenonciateur224.com\/index.php\/wp-json\/wp\/v2\/posts\/6655","targetHints":{"allow":["GET"]}}],"collection":[{"href":"https:\/\/ledenonciateur224.com\/index.php\/wp-json\/wp\/v2\/posts"}],"about":[{"href":"https:\/\/ledenonciateur224.com\/index.php\/wp-json\/wp\/v2\/types\/post"}],"author":[{"embeddable":true,"href":"https:\/\/ledenonciateur224.com\/index.php\/wp-json\/wp\/v2\/users\/2"}],"replies":[{"embeddable":true,"href":"https:\/\/ledenonciateur224.com\/index.php\/wp-json\/wp\/v2\/comments?post=6655"}],"version-history":[{"count":1,"href":"https:\/\/ledenonciateur224.com\/index.php\/wp-json\/wp\/v2\/posts\/6655\/revisions"}],"predecessor-version":[{"id":6657,"href":"https:\/\/ledenonciateur224.com\/index.php\/wp-json\/wp\/v2\/posts\/6655\/revisions\/6657"}],"wp:featuredmedia":[{"embeddable":true,"href":"https:\/\/ledenonciateur224.com\/index.php\/wp-json\/wp\/v2\/media\/6656"}],"wp:attachment":[{"href":"https:\/\/ledenonciateur224.com\/index.php\/wp-json\/wp\/v2\/media?parent=6655"}],"wp:term":[{"taxonomy":"category","embeddable":true,"href":"https:\/\/ledenonciateur224.com\/index.php\/wp-json\/wp\/v2\/categories?post=6655"},{"taxonomy":"post_tag","embeddable":true,"href":"https:\/\/ledenonciateur224.com\/index.php\/wp-json\/wp\/v2\/tags?post=6655"}],"curies":[{"name":"wp","href":"https:\/\/api.w.org\/{rel}","templated":true}]}}