{"id":6670,"date":"2025-12-22T16:58:16","date_gmt":"2025-12-22T16:58:16","guid":{"rendered":"https:\/\/ledenonciateur224.com\/?p=6670"},"modified":"2025-12-22T16:58:16","modified_gmt":"2025-12-22T16:58:16","slug":"presidentielle-2025-voici-un-spot-de-la-direction-generale-des-elections-sur-le-processus-du-scrutin","status":"publish","type":"post","link":"https:\/\/ledenonciateur224.com\/index.php\/presidentielle-2025-voici-un-spot-de-la-direction-generale-des-elections-sur-le-processus-du-scrutin\/","title":{"rendered":"Pr\u00e9sidentielle 2025: Voici un spot de la direction g\u00e9n\u00e9rale des \u00e9lections sur le processus du scrutin"},"content":{"rendered":"<div style=\"width: 640px;\" class=\"wp-video\"><video class=\"wp-video-shortcode\" id=\"video-6670-1\" width=\"640\" height=\"360\" preload=\"metadata\" controls=\"controls\"><source type=\"video\/mp4\" src=\"https:\/\/ledenonciateur224.com\/wp-content\/uploads\/2025\/12\/vid-20251222-wa0111.mp4?_=1\" \/><a href=\"https:\/\/ledenonciateur224.com\/wp-content\/uploads\/2025\/12\/vid-20251222-wa0111.mp4\">https:\/\/ledenonciateur224.com\/wp-content\/uploads\/2025\/12\/vid-20251222-wa0111.mp4<\/a><\/video><\/div>\n","protected":false},"excerpt":{"rendered":"https:\/\/ledenonciateur224.com\/wp-content\/uploads\/2025\/12\/vid-20251222-wa0111.mp4","protected":false},"author":2,"featured_media":6637,"comment_status":"closed","ping_status":"closed","sticky":false,"template":"","format":"standard","meta":{"_jetpack_memberships_contains_paid_content":false,"footnotes":"","jetpack_publicize_message":"","jetpack_publicize_feature_enabled":true,"jetpack_social_post_already_shared":true,"jetpack_social_options":{"image_generator_settings":{"template":"highway","default_image_id":0,"font":"","enabled":false},"version":2}},"categories":[24,27],"tags":[866,874,507],"class_list":{"0":"post-6670","1":"post","2":"type-post","3":"status-publish","4":"format-standard","5":"has-post-thumbnail","7":"category-news","8":"category-politique","9":"tag-dge","10":"tag-direction-generale-des-elections","11":"tag-elections-presidentielles"},"jetpack_publicize_connections":[],"jetpack_featured_media_url":"https:\/\/ledenonciateur224.com\/wp-content\/uploads\/2025\/12\/img-20251220-wa0310.jpg","jetpack_sharing_enabled":true,"_links":{"self":[{"href":"https:\/\/ledenonciateur224.com\/index.php\/wp-json\/wp\/v2\/posts\/6670","targetHints":{"allow":["GET"]}}],"collection":[{"href":"https:\/\/ledenonciateur224.com\/index.php\/wp-json\/wp\/v2\/posts"}],"about":[{"href":"https:\/\/ledenonciateur224.com\/index.php\/wp-json\/wp\/v2\/types\/post"}],"author":[{"embeddable":true,"href":"https:\/\/ledenonciateur224.com\/index.php\/wp-json\/wp\/v2\/users\/2"}],"replies":[{"embeddable":true,"href":"https:\/\/ledenonciateur224.com\/index.php\/wp-json\/wp\/v2\/comments?post=6670"}],"version-history":[{"count":1,"href":"https:\/\/ledenonciateur224.com\/index.php\/wp-json\/wp\/v2\/posts\/6670\/revisions"}],"predecessor-version":[{"id":6672,"href":"https:\/\/ledenonciateur224.com\/index.php\/wp-json\/wp\/v2\/posts\/6670\/revisions\/6672"}],"wp:featuredmedia":[{"embeddable":true,"href":"https:\/\/ledenonciateur224.com\/index.php\/wp-json\/wp\/v2\/media\/6637"}],"wp:attachment":[{"href":"https:\/\/ledenonciateur224.com\/index.php\/wp-json\/wp\/v2\/media?parent=6670"}],"wp:term":[{"taxonomy":"category","embeddable":true,"href":"https:\/\/ledenonciateur224.com\/index.php\/wp-json\/wp\/v2\/categories?post=6670"},{"taxonomy":"post_tag","embeddable":true,"href":"https:\/\/ledenonciateur224.com\/index.php\/wp-json\/wp\/v2\/tags?post=6670"}],"curies":[{"name":"wp","href":"https:\/\/api.w.org\/{rel}","templated":true}]}}