{"id":6676,"date":"2025-12-22T21:08:52","date_gmt":"2025-12-22T21:08:52","guid":{"rendered":"https:\/\/ledenonciateur224.com\/?p=6676"},"modified":"2025-12-22T21:08:52","modified_gmt":"2025-12-22T21:08:52","slug":"fraude-et-corruption-dans-lelectricite-les-medias-appeles-a-devenir-des-acteurs-cles-de-la-vigilance-citoyenne","status":"publish","type":"post","link":"https:\/\/ledenonciateur224.com\/index.php\/fraude-et-corruption-dans-lelectricite-les-medias-appeles-a-devenir-des-acteurs-cles-de-la-vigilance-citoyenne\/","title":{"rendered":"Fraude et corruption dans l\u2019\u00e9lectricit\u00e9 : les m\u00e9dias appel\u00e9s \u00e0 devenir des acteurs cl\u00e9s de la vigilance citoyenne"},"content":{"rendered":"<p>Le Centre de Formation Professionnelle des Technologies de l\u2019Information et de la Communication (CFPTIC) a abrit\u00e9 une session de renforcement des capacit\u00e9s des journalistes des m\u00e9dias publics et priv\u00e9s sur les techniques de d\u00e9tection et de lutte contre la fraude et la corruption dans le secteur de l\u2019\u00e9lectricit\u00e9.<\/p>\n<p><img loading=\"lazy\" decoding=\"async\" class=\"alignnone size-full wp-image-6678\" src=\"https:\/\/ledenonciateur224.com\/wp-content\/uploads\/2025\/12\/img-20251222-wa0124.jpg\" alt=\"\" width=\"1280\" height=\"960\" srcset=\"https:\/\/ledenonciateur224.com\/wp-content\/uploads\/2025\/12\/img-20251222-wa0124.jpg 1280w, https:\/\/ledenonciateur224.com\/wp-content\/uploads\/2025\/12\/img-20251222-wa0124-300x225.jpg 300w, https:\/\/ledenonciateur224.com\/wp-content\/uploads\/2025\/12\/img-20251222-wa0124-1024x768.jpg 1024w, https:\/\/ledenonciateur224.com\/wp-content\/uploads\/2025\/12\/img-20251222-wa0124-768x576.jpg 768w, https:\/\/ledenonciateur224.com\/wp-content\/uploads\/2025\/12\/img-20251222-wa0124-150x113.jpg 150w, https:\/\/ledenonciateur224.com\/wp-content\/uploads\/2025\/12\/img-20251222-wa0124-696x522.jpg 696w, https:\/\/ledenonciateur224.com\/wp-content\/uploads\/2025\/12\/img-20251222-wa0124-1068x801.jpg 1068w, https:\/\/ledenonciateur224.com\/wp-content\/uploads\/2025\/12\/img-20251222-wa0124-560x420.jpg 560w, https:\/\/ledenonciateur224.com\/wp-content\/uploads\/2025\/12\/img-20251222-wa0124-80x60.jpg 80w, https:\/\/ledenonciateur224.com\/wp-content\/uploads\/2025\/12\/img-20251222-wa0124-265x198.jpg 265w\" sizes=\"auto, (max-width: 1280px) 100vw, 1280px\" \/><br \/>\nS\u2019exprimant \u00e0 l\u2019ouverture des travaux, les responsables du secteur ont soulign\u00e9 l\u2019importance strat\u00e9gique du r\u00f4le des m\u00e9dias dans un domaine aussi sensible, social et volatile que celui de l\u2019\u00e9lectricit\u00e9. Selon eux, le renforcement continu des capacit\u00e9s des journalistes est indispensable afin de garantir une information fiable, responsable et apais\u00e9e, capable de pr\u00e9venir les d\u00e9rives et d\u2019\u00e9viter les situations de tension.<br \/>\nMalgr\u00e9 une am\u00e9lioration notable de l\u2019acc\u00e8s \u00e0 l\u2019\u00e9lectricit\u00e9 en Guin\u00e9e, le secteur reste confront\u00e9 \u00e0 de nombreux d\u00e9fis, notamment l\u2019incivisme, les branchements clandestins et la perception erron\u00e9e de l\u2019\u00e9lectricit\u00e9 comme un service gratuit. Il a \u00e9t\u00e9 rappel\u00e9 que l\u2019\u00e9lectricit\u00e9 est un produit marchand, impliquant des co\u00fbts de production, de transport, de distribution et de commercialisation, et qu\u2019elle doit, \u00e0 ce titre, \u00eatre pay\u00e9e.<\/p>\n<p>Les intervenants ont insist\u00e9 sur les cons\u00e9quences l\u00e9gales des pratiques frauduleuses. Tout consommateur sans abonnement r\u00e9gulier s\u2019expose \u00e0 des sanctions pr\u00e9vues par le Code p\u00e9nal, pouvant aller jusqu\u2019\u00e0 des peines d\u2019emprisonnement, en collaboration avec les services antifraude d\u2019EDG, les autorit\u00e9s judiciaires et polici\u00e8res.<br \/>\nPrenant la parole, un haut responsable a invit\u00e9 les journalistes \u00e0 faire preuve de discernement et d\u2019investigation, notamment lors d\u2019incidents tels que les incendies nocturnes, souvent attribu\u00e9s h\u00e2tivement \u00e0 l\u2019\u00c9lectricit\u00e9 de Guin\u00e9e (EDG) sans analyse approfondie des causes r\u00e9elles. Il a \u00e9galement salu\u00e9 les efforts du gouvernement et du minist\u00e8re de l\u2019\u00c9nergie dans la mise en \u0153uvre d\u2019une politique visant \u00e0 r\u00e9concilier les Guin\u00e9ens avec l\u2019\u00e9lectricit\u00e9, condition essentielle de tout d\u00e9veloppement durable.<\/p>\n<p>Enfin, les responsables d\u2019EDG ont r\u00e9affirm\u00e9 leur disponibilit\u00e9 et leur ouverture envers les professionnels des m\u00e9dias, les invitant \u00e0 se rapprocher de l\u2019institution pour toute information \u00e0 clarifier ou \u00e0 compl\u00e9ter, dans l\u2019int\u00e9r\u00eat d\u2019une communication juste, \u00e9quilibr\u00e9e et constructive.<\/p>\n<p>&nbsp;<\/p>\n<p>N&rsquo;sira Sylla<\/p>\n","protected":false},"excerpt":{"rendered":"<p>Le Centre de Formation Professionnelle des Technologies de l\u2019Information et de la Communication (CFPTIC) a abrit\u00e9 une session de renforcement des capacit\u00e9s des journalistes des m\u00e9dias publics et priv\u00e9s sur les techniques de d\u00e9tection et de lutte contre la fraude et la corruption dans le secteur de l\u2019\u00e9lectricit\u00e9. S\u2019exprimant \u00e0 l\u2019ouverture des travaux, les responsables [&hellip;]<\/p>\n","protected":false},"author":2,"featured_media":6677,"comment_status":"closed","ping_status":"closed","sticky":false,"template":"","format":"standard","meta":{"_jetpack_memberships_contains_paid_content":false,"footnotes":"","jetpack_publicize_message":"","jetpack_publicize_feature_enabled":true,"jetpack_social_post_already_shared":true,"jetpack_social_options":{"image_generator_settings":{"template":"highway","default_image_id":0,"font":"","enabled":false},"version":2}},"categories":[30,24],"tags":[1407,723],"class_list":{"0":"post-6676","1":"post","2":"type-post","3":"status-publish","4":"format-standard","5":"has-post-thumbnail","7":"category-faits-divers","8":"category-news","9":"tag-centre-de-formation","10":"tag-medias"},"jetpack_publicize_connections":[],"jetpack_featured_media_url":"https:\/\/ledenonciateur224.com\/wp-content\/uploads\/2025\/12\/img-20251222-wa0127.jpg","jetpack_sharing_enabled":true,"_links":{"self":[{"href":"https:\/\/ledenonciateur224.com\/index.php\/wp-json\/wp\/v2\/posts\/6676","targetHints":{"allow":["GET"]}}],"collection":[{"href":"https:\/\/ledenonciateur224.com\/index.php\/wp-json\/wp\/v2\/posts"}],"about":[{"href":"https:\/\/ledenonciateur224.com\/index.php\/wp-json\/wp\/v2\/types\/post"}],"author":[{"embeddable":true,"href":"https:\/\/ledenonciateur224.com\/index.php\/wp-json\/wp\/v2\/users\/2"}],"replies":[{"embeddable":true,"href":"https:\/\/ledenonciateur224.com\/index.php\/wp-json\/wp\/v2\/comments?post=6676"}],"version-history":[{"count":1,"href":"https:\/\/ledenonciateur224.com\/index.php\/wp-json\/wp\/v2\/posts\/6676\/revisions"}],"predecessor-version":[{"id":6679,"href":"https:\/\/ledenonciateur224.com\/index.php\/wp-json\/wp\/v2\/posts\/6676\/revisions\/6679"}],"wp:featuredmedia":[{"embeddable":true,"href":"https:\/\/ledenonciateur224.com\/index.php\/wp-json\/wp\/v2\/media\/6677"}],"wp:attachment":[{"href":"https:\/\/ledenonciateur224.com\/index.php\/wp-json\/wp\/v2\/media?parent=6676"}],"wp:term":[{"taxonomy":"category","embeddable":true,"href":"https:\/\/ledenonciateur224.com\/index.php\/wp-json\/wp\/v2\/categories?post=6676"},{"taxonomy":"post_tag","embeddable":true,"href":"https:\/\/ledenonciateur224.com\/index.php\/wp-json\/wp\/v2\/tags?post=6676"}],"curies":[{"name":"wp","href":"https:\/\/api.w.org\/{rel}","templated":true}]}}