{"id":6689,"date":"2025-12-23T11:34:10","date_gmt":"2025-12-23T11:34:10","guid":{"rendered":"https:\/\/ledenonciateur224.com\/?p=6689"},"modified":"2025-12-23T11:34:10","modified_gmt":"2025-12-23T11:34:10","slug":"lancement-officiel-des-travaux-de-lautoroute-tombo-port-autonome-un-pas-decisif-vers-la-modernisation-de-conakry","status":"publish","type":"post","link":"https:\/\/ledenonciateur224.com\/index.php\/lancement-officiel-des-travaux-de-lautoroute-tombo-port-autonome-un-pas-decisif-vers-la-modernisation-de-conakry\/","title":{"rendered":"Lancement officiel des travaux de l\u2019Autoroute Tombo-Port autonome : Un pas d\u00e9cisif vers la modernisation de Conakry"},"content":{"rendered":"<p>Les travaux de l&rsquo;autoroute Tombo-Port autonome de Conakry ont officiellement d\u00e9marr\u00e9 ce lundi 22 d\u00e9cembre 2025, marquant ainsi un tournant important dans le processus de modernisation de la capitale guin\u00e9enne. C&rsquo;est le Ministre de l\u2019Urbanisme, de l\u2019Habitat et de l\u2019Am\u00e9nagement du Territoire, \u00e9galement charg\u00e9 de la r\u00e9cup\u00e9ration des domaines spoli\u00e9s de l\u2019\u00c9tat, qui a pr\u00e9sid\u00e9 cette c\u00e9r\u00e9monie historique, symbolisant un engagement clair du gouvernement pour le d\u00e9veloppement infrastructurel du pays.<br \/>\nCe projet ambitieux, port\u00e9 par la soci\u00e9t\u00e9 GUICOPRES, dirig\u00e9e par l&rsquo;homme d&rsquo;affaires Kerfalla Person Camara, plus connu sous le nom de KPC, consiste en la r\u00e9alisation d&rsquo;une route en 2\u00d72 voies de 2,3 kilom\u00e8tres. Cette autoroute fait partie int\u00e9grante du programme strat\u00e9gique Simandou 2040, un projet visionnaire qui traduit la volont\u00e9 du Pr\u00e9sident Mamadi Doumbouya de propulser la Guin\u00e9e vers une nouvelle \u00e8re de d\u00e9veloppement.<br \/>\nLe PDG de GUICOPRES, prenant la parole lors de cet \u00e9v\u00e9nement marquant, a mis en lumi\u00e8re l&rsquo;importance capitale de ce projet dans la transformation de Conakry. Selon lui, ce lancement t\u00e9moigne de l&rsquo;engagement fort du gouvernement, sous l\u2019impulsion du Chef de l\u2019\u00c9tat, le G\u00e9n\u00e9ral Mamadi Doumbouya, \u00e0 moderniser l\u2019infrastructure du pays et \u00e0 offrir aux Guin\u00e9ens une qualit\u00e9 de vie meilleure. \u00ab\u00a0La Guin\u00e9e s\u2019engage r\u00e9solument sur la voie du progr\u00e8s\u00a0\u00bb, a-t-il d\u00e9clar\u00e9 avec conviction.<\/p>\n<p><img loading=\"lazy\" decoding=\"async\" class=\"alignnone size-full wp-image-6690\" src=\"https:\/\/ledenonciateur224.com\/wp-content\/uploads\/2025\/12\/fb-img-1766481212004.jpg\" alt=\"\" width=\"2048\" height=\"1364\" srcset=\"https:\/\/ledenonciateur224.com\/wp-content\/uploads\/2025\/12\/fb-img-1766481212004.jpg 2048w, https:\/\/ledenonciateur224.com\/wp-content\/uploads\/2025\/12\/fb-img-1766481212004-300x200.jpg 300w, https:\/\/ledenonciateur224.com\/wp-content\/uploads\/2025\/12\/fb-img-1766481212004-1024x682.jpg 1024w, https:\/\/ledenonciateur224.com\/wp-content\/uploads\/2025\/12\/fb-img-1766481212004-768x512.jpg 768w, https:\/\/ledenonciateur224.com\/wp-content\/uploads\/2025\/12\/fb-img-1766481212004-1536x1023.jpg 1536w, https:\/\/ledenonciateur224.com\/wp-content\/uploads\/2025\/12\/fb-img-1766481212004-150x100.jpg 150w, https:\/\/ledenonciateur224.com\/wp-content\/uploads\/2025\/12\/fb-img-1766481212004-696x464.jpg 696w, https:\/\/ledenonciateur224.com\/wp-content\/uploads\/2025\/12\/fb-img-1766481212004-1068x711.jpg 1068w, https:\/\/ledenonciateur224.com\/wp-content\/uploads\/2025\/12\/fb-img-1766481212004-1920x1279.jpg 1920w, https:\/\/ledenonciateur224.com\/wp-content\/uploads\/2025\/12\/fb-img-1766481212004-631x420.jpg 631w\" sizes=\"auto, (max-width: 2048px) 100vw, 2048px\" \/><br \/>\nUne Vision de Modernisation et de Justice Territoriale<br \/>\nKerfalla Person Camara a insist\u00e9 sur l\u2019impact strat\u00e9gique de cette autoroute pour la ville de Conakry, notamment pour l&rsquo;axe de la corniche nord de Kaloum. Cet axe est vital, non seulement pour la fluidit\u00e9 du trafic urbain, mais aussi pour la s\u00e9curit\u00e9 routi\u00e8re et l\u2019embellissement du front maritime de la capitale. Le projet r\u00e9pond \u00e9galement \u00e0 un objectif de justice territoriale, en apportant des infrastructures modernes qui b\u00e9n\u00e9ficieront \u00e0 la fois \u00e0 la population urbaine et \u00e0 celles des zones p\u00e9riph\u00e9riques.<\/p>\n<p>Dans son discours, il a soulign\u00e9 que cette autoroute fait partie d&rsquo;une s\u00e9rie de grands projets d&rsquo;infrastructure men\u00e9s par GUICOPRES, visant \u00e0 offrir des solutions durables aux d\u00e9fis de mobilit\u00e9 et de s\u00e9curit\u00e9 dans la capitale. Pour lui, ces projets ne sont pas seulement des constructions mat\u00e9rielles, mais des instruments de d\u00e9veloppement \u00e0 long terme pour les g\u00e9n\u00e9rations futures de la Guin\u00e9e.<br \/>\nEngagement pour la Qualit\u00e9 et la S\u00e9curit\u00e9.<\/p>\n<p><img loading=\"lazy\" decoding=\"async\" class=\"alignnone size-full wp-image-6691\" src=\"https:\/\/ledenonciateur224.com\/wp-content\/uploads\/2025\/12\/fb-img-1766481179563.jpg\" alt=\"\" width=\"1080\" height=\"720\" srcset=\"https:\/\/ledenonciateur224.com\/wp-content\/uploads\/2025\/12\/fb-img-1766481179563.jpg 1080w, https:\/\/ledenonciateur224.com\/wp-content\/uploads\/2025\/12\/fb-img-1766481179563-300x200.jpg 300w, https:\/\/ledenonciateur224.com\/wp-content\/uploads\/2025\/12\/fb-img-1766481179563-1024x683.jpg 1024w, https:\/\/ledenonciateur224.com\/wp-content\/uploads\/2025\/12\/fb-img-1766481179563-768x512.jpg 768w, https:\/\/ledenonciateur224.com\/wp-content\/uploads\/2025\/12\/fb-img-1766481179563-150x100.jpg 150w, https:\/\/ledenonciateur224.com\/wp-content\/uploads\/2025\/12\/fb-img-1766481179563-696x464.jpg 696w, https:\/\/ledenonciateur224.com\/wp-content\/uploads\/2025\/12\/fb-img-1766481179563-1068x712.jpg 1068w, https:\/\/ledenonciateur224.com\/wp-content\/uploads\/2025\/12\/fb-img-1766481179563-630x420.jpg 630w\" sizes=\"auto, (max-width: 1080px) 100vw, 1080px\" \/><br \/>\nLors de son allocution, M. Camara a \u00e9galement pris un engagement solennel devant les autorit\u00e9s et la population guin\u00e9enne. \u00ab\u00a0Les travaux seront ex\u00e9cut\u00e9s avec diligence, rigueur technique et dans le respect strict des normes de qualit\u00e9, de s\u00e9curit\u00e9 et des d\u00e9lais contractuels\u00a0\u00bb, a-t-il affirm\u00e9. Ce projet sera une vitrine de l&rsquo;excellence guin\u00e9enne, visant \u00e0 transformer la capitale en une ville moderne, fluide et s\u00fbre pour ses habitants.<br \/>\nAfin d\u2019assurer la bonne ex\u00e9cution des travaux tout en garantissant la continuit\u00e9 de la circulation pendant la p\u00e9riode de chantier, des \u00e9quipements de pointe seront utilis\u00e9s et une coordination \u00e9troite avec les services de l&rsquo;\u00c9tat sera mise en place. L\u2019objectif est de minimiser les d\u00e9sagr\u00e9ments pour les citoyens tout en veillant \u00e0 respecter l&rsquo;int\u00e9grit\u00e9 du projet.<br \/>\nGUICOPRES, Partenaire de Confiance pour la Guin\u00e9e.<\/p>\n<p>Le PDG de GUICOPRES a r\u00e9affirm\u00e9 la volont\u00e9 de son groupe d\u2019\u00eatre un partenaire fiable et responsable pour l&rsquo;\u00c9tat. \u00ab\u00a0Nous sommes r\u00e9solument engag\u00e9s \u00e0 transformer cette ambition nationale en une r\u00e9alisation exemplaire au b\u00e9n\u00e9fice de toute la population guin\u00e9enne\u00a0\u00bb, a-t-il d\u00e9clar\u00e9, soulignant la d\u00e9termination de GUICOPRES \u00e0 contribuer \u00e0 la croissance \u00e9conomique et sociale du pays.<\/p>\n<p>En conclusion, le lancement des travaux de l&rsquo;Autoroute Tombo-Port autonome de Conakry marque le d\u00e9but d&rsquo;une \u00e8re nouvelle pour la Guin\u00e9e, avec un projet d&rsquo;infrastructure cl\u00e9 qui devrait non seulement am\u00e9liorer la mobilit\u00e9 et la s\u00e9curit\u00e9, mais aussi renforcer l&rsquo;attractivit\u00e9 de Conakry et de la Guin\u00e9e sur le plan r\u00e9gional et international.<\/p>\n","protected":false},"excerpt":{"rendered":"<p>Les travaux de l&rsquo;autoroute Tombo-Port autonome de Conakry ont officiellement d\u00e9marr\u00e9 ce lundi 22 d\u00e9cembre 2025, marquant ainsi un tournant important dans le processus de modernisation de la capitale guin\u00e9enne. C&rsquo;est le Ministre de l\u2019Urbanisme, de l\u2019Habitat et de l\u2019Am\u00e9nagement du Territoire, \u00e9galement charg\u00e9 de la r\u00e9cup\u00e9ration des domaines spoli\u00e9s de l\u2019\u00c9tat, qui a pr\u00e9sid\u00e9 [&hellip;]<\/p>\n","protected":false},"author":2,"featured_media":6692,"comment_status":"closed","ping_status":"closed","sticky":false,"template":"","format":"standard","meta":{"_jetpack_memberships_contains_paid_content":false,"footnotes":"","jetpack_publicize_message":"","jetpack_publicize_feature_enabled":true,"jetpack_social_post_already_shared":true,"jetpack_social_options":{"image_generator_settings":{"template":"highway","default_image_id":0,"font":"","enabled":false},"version":2}},"categories":[29,24],"tags":[601,1409,602],"class_list":{"0":"post-6689","1":"post","2":"type-post","3":"status-publish","4":"format-standard","5":"has-post-thumbnail","7":"category-economie","8":"category-news","9":"tag-construction","10":"tag-routes-bitumees","11":"tag-kpc"},"jetpack_publicize_connections":[],"jetpack_featured_media_url":"https:\/\/ledenonciateur224.com\/wp-content\/uploads\/2025\/12\/fb-img-1766481192023.jpg","jetpack_sharing_enabled":true,"_links":{"self":[{"href":"https:\/\/ledenonciateur224.com\/index.php\/wp-json\/wp\/v2\/posts\/6689","targetHints":{"allow":["GET"]}}],"collection":[{"href":"https:\/\/ledenonciateur224.com\/index.php\/wp-json\/wp\/v2\/posts"}],"about":[{"href":"https:\/\/ledenonciateur224.com\/index.php\/wp-json\/wp\/v2\/types\/post"}],"author":[{"embeddable":true,"href":"https:\/\/ledenonciateur224.com\/index.php\/wp-json\/wp\/v2\/users\/2"}],"replies":[{"embeddable":true,"href":"https:\/\/ledenonciateur224.com\/index.php\/wp-json\/wp\/v2\/comments?post=6689"}],"version-history":[{"count":1,"href":"https:\/\/ledenonciateur224.com\/index.php\/wp-json\/wp\/v2\/posts\/6689\/revisions"}],"predecessor-version":[{"id":6693,"href":"https:\/\/ledenonciateur224.com\/index.php\/wp-json\/wp\/v2\/posts\/6689\/revisions\/6693"}],"wp:featuredmedia":[{"embeddable":true,"href":"https:\/\/ledenonciateur224.com\/index.php\/wp-json\/wp\/v2\/media\/6692"}],"wp:attachment":[{"href":"https:\/\/ledenonciateur224.com\/index.php\/wp-json\/wp\/v2\/media?parent=6689"}],"wp:term":[{"taxonomy":"category","embeddable":true,"href":"https:\/\/ledenonciateur224.com\/index.php\/wp-json\/wp\/v2\/categories?post=6689"},{"taxonomy":"post_tag","embeddable":true,"href":"https:\/\/ledenonciateur224.com\/index.php\/wp-json\/wp\/v2\/tags?post=6689"}],"curies":[{"name":"wp","href":"https:\/\/api.w.org\/{rel}","templated":true}]}}