{"id":6724,"date":"2025-12-24T17:13:24","date_gmt":"2025-12-24T17:13:24","guid":{"rendered":"https:\/\/ledenonciateur224.com\/?p=6724"},"modified":"2025-12-24T17:27:21","modified_gmt":"2025-12-24T17:27:21","slug":"lancement-du-centre-de-technologie-dinspection-et-de-quarantaine-une-avancee-majeure-pour-la-securite-sanitaire-et-lexportation-en-guinee","status":"publish","type":"post","link":"https:\/\/ledenonciateur224.com\/index.php\/lancement-du-centre-de-technologie-dinspection-et-de-quarantaine-une-avancee-majeure-pour-la-securite-sanitaire-et-lexportation-en-guinee\/","title":{"rendered":"Lancement du Centre de Technologie d&rsquo;Inspection et de Quarantaine : Une avanc\u00e9e majeure pour la s\u00e9curit\u00e9 sanitaire et l\u2019exportation en Guin\u00e9e"},"content":{"rendered":"<p>Ce mercredi 24 d\u00e9cembre 2025, la Guin\u00e9e a franchi un cap d\u00e9cisif dans le domaine du commerce et de la s\u00e9curit\u00e9 sanitaire. En effet, sous l\u2019impulsion dynamique du minist\u00e8re du Commerce, le gouvernement guin\u00e9en a proc\u00e9d\u00e9 \u00e0 l\u2019inauguration du Centre de Technologie d\u2019Inspection et de Quarantaine. Ce projet innovant a pour ambition de renforcer la s\u00e9curit\u00e9 sanitaire des produits en circulation, tout en soutenant le d\u00e9veloppement des exportations et la promotion du \u00ab Made in Guinea \u00bb sur la sc\u00e8ne internationale.<\/p>\n<p><img loading=\"lazy\" decoding=\"async\" class=\"alignnone size-full wp-image-6725\" src=\"https:\/\/ledenonciateur224.com\/wp-content\/uploads\/2025\/12\/fb-img-1766595735306.jpg\" alt=\"\" width=\"2048\" height=\"1366\" srcset=\"https:\/\/ledenonciateur224.com\/wp-content\/uploads\/2025\/12\/fb-img-1766595735306.jpg 2048w, https:\/\/ledenonciateur224.com\/wp-content\/uploads\/2025\/12\/fb-img-1766595735306-300x200.jpg 300w, https:\/\/ledenonciateur224.com\/wp-content\/uploads\/2025\/12\/fb-img-1766595735306-1024x683.jpg 1024w, https:\/\/ledenonciateur224.com\/wp-content\/uploads\/2025\/12\/fb-img-1766595735306-768x512.jpg 768w, https:\/\/ledenonciateur224.com\/wp-content\/uploads\/2025\/12\/fb-img-1766595735306-1536x1025.jpg 1536w, https:\/\/ledenonciateur224.com\/wp-content\/uploads\/2025\/12\/fb-img-1766595735306-150x100.jpg 150w, https:\/\/ledenonciateur224.com\/wp-content\/uploads\/2025\/12\/fb-img-1766595735306-696x464.jpg 696w, https:\/\/ledenonciateur224.com\/wp-content\/uploads\/2025\/12\/fb-img-1766595735306-1068x712.jpg 1068w, https:\/\/ledenonciateur224.com\/wp-content\/uploads\/2025\/12\/fb-img-1766595735306-1920x1281.jpg 1920w, https:\/\/ledenonciateur224.com\/wp-content\/uploads\/2025\/12\/fb-img-1766595735306-630x420.jpg 630w\" sizes=\"auto, (max-width: 2048px) 100vw, 2048px\" \/><br \/>\nLe lancement de ce centre, qui r\u00e9sulte d\u2019un partenariat strat\u00e9gique avec Yunnan SCALE Quality Testing Co. Ltd, un leader international de l\u2019inspection de qualit\u00e9, constitue un tournant pour la Guin\u00e9e. En cette \u00e9poque de globalisation, o\u00f9 les \u00e9changes commerciaux sont de plus en plus nombreux et complexes, la s\u00e9curit\u00e9 sanitaire des produits rev\u00eat une importance capitale. Ce centre sera charg\u00e9 de contr\u00f4ler chaque marchandise entrant ou sortant du pays, assurant ainsi la protection de la sant\u00e9 publique et la conformit\u00e9 des produits guin\u00e9ens aux normes internationales. Fatima Camara : Une vision claire pour l&rsquo;avenir du commerce<br \/>\nLa ministre du Commerce, Fatima Camara, a soulign\u00e9 l\u2019importance de ce projet dans un discours clair et visionnaire. Pour elle, ce centre va bien au-del\u00e0 d\u2019un simple m\u00e9canisme de contr\u00f4le sanitaire : \u00ab Ce centre est le garant de la cr\u00e9dibilit\u00e9 de notre commerce. En renfor\u00e7ant nos capacit\u00e9s d\u2019inspection, nous prot\u00e9geons nos populations et rendons notre \u00e9conomie plus attractive sur la sc\u00e8ne internationale. \u00bb<\/p>\n<p><img loading=\"lazy\" decoding=\"async\" class=\"alignnone size-full wp-image-6726\" src=\"https:\/\/ledenonciateur224.com\/wp-content\/uploads\/2025\/12\/fb-img-1766595744310.jpg\" alt=\"\" width=\"1364\" height=\"2048\" srcset=\"https:\/\/ledenonciateur224.com\/wp-content\/uploads\/2025\/12\/fb-img-1766595744310.jpg 1364w, https:\/\/ledenonciateur224.com\/wp-content\/uploads\/2025\/12\/fb-img-1766595744310-200x300.jpg 200w, https:\/\/ledenonciateur224.com\/wp-content\/uploads\/2025\/12\/fb-img-1766595744310-682x1024.jpg 682w, https:\/\/ledenonciateur224.com\/wp-content\/uploads\/2025\/12\/fb-img-1766595744310-768x1153.jpg 768w, https:\/\/ledenonciateur224.com\/wp-content\/uploads\/2025\/12\/fb-img-1766595744310-1023x1536.jpg 1023w, https:\/\/ledenonciateur224.com\/wp-content\/uploads\/2025\/12\/fb-img-1766595744310-150x225.jpg 150w, https:\/\/ledenonciateur224.com\/wp-content\/uploads\/2025\/12\/fb-img-1766595744310-300x450.jpg 300w, https:\/\/ledenonciateur224.com\/wp-content\/uploads\/2025\/12\/fb-img-1766595744310-696x1045.jpg 696w, https:\/\/ledenonciateur224.com\/wp-content\/uploads\/2025\/12\/fb-img-1766595744310-1068x1604.jpg 1068w, https:\/\/ledenonciateur224.com\/wp-content\/uploads\/2025\/12\/fb-img-1766595744310-280x420.jpg 280w\" sizes=\"auto, (max-width: 1364px) 100vw, 1364px\" \/><br \/>\nSa d\u00e9claration met en lumi\u00e8re l\u2019enjeu strat\u00e9gique de cette initiative : faire de la Guin\u00e9e un acteur majeur et fiable dans les \u00e9changes commerciaux mondiaux. Dans le cadre de cette r\u00e9forme ambitieuse, Mme Fatima Camara a \u00e9galement \u00e9voqu\u00e9 le projet Simandou 2040, un plan structurant qui vise \u00e0 aligner les investissements \u00e9conomiques et les r\u00e9formes institutionnelles pour soutenir une croissance durable et inclusive.<\/p>\n<p>La ministre a \u00e9galement mis en avant le PROMET-COM (Programme de Modernisation et de Transformation du Secteur du Commerce), une initiative cl\u00e9 qui a pour objectif de moderniser le secteur commercial guin\u00e9en. Ce programme vise \u00e0 fournir des outils r\u00e9glementaires et op\u00e9rationnels capables de soutenir l\u2019essor du commerce int\u00e9rieur et ext\u00e9rieur. L\u2019ambition est claire : garantir la conformit\u00e9 des produits guin\u00e9ens et renforcer la fiabilit\u00e9 des contr\u00f4les sanitaires pour rassurer les partenaires internationaux et stimuler les exportations.<\/p>\n<p><img loading=\"lazy\" decoding=\"async\" class=\"alignnone size-full wp-image-6727\" src=\"https:\/\/ledenonciateur224.com\/wp-content\/uploads\/2025\/12\/fb-img-1766595844959.jpg\" alt=\"\" width=\"2048\" height=\"1366\" srcset=\"https:\/\/ledenonciateur224.com\/wp-content\/uploads\/2025\/12\/fb-img-1766595844959.jpg 2048w, https:\/\/ledenonciateur224.com\/wp-content\/uploads\/2025\/12\/fb-img-1766595844959-300x200.jpg 300w, https:\/\/ledenonciateur224.com\/wp-content\/uploads\/2025\/12\/fb-img-1766595844959-1024x683.jpg 1024w, https:\/\/ledenonciateur224.com\/wp-content\/uploads\/2025\/12\/fb-img-1766595844959-768x512.jpg 768w, https:\/\/ledenonciateur224.com\/wp-content\/uploads\/2025\/12\/fb-img-1766595844959-1536x1025.jpg 1536w, https:\/\/ledenonciateur224.com\/wp-content\/uploads\/2025\/12\/fb-img-1766595844959-150x100.jpg 150w, https:\/\/ledenonciateur224.com\/wp-content\/uploads\/2025\/12\/fb-img-1766595844959-696x464.jpg 696w, https:\/\/ledenonciateur224.com\/wp-content\/uploads\/2025\/12\/fb-img-1766595844959-1068x712.jpg 1068w, https:\/\/ledenonciateur224.com\/wp-content\/uploads\/2025\/12\/fb-img-1766595844959-1920x1281.jpg 1920w, https:\/\/ledenonciateur224.com\/wp-content\/uploads\/2025\/12\/fb-img-1766595844959-630x420.jpg 630w\" sizes=\"auto, (max-width: 2048px) 100vw, 2048px\" \/><br \/>\n\u00ab Nous devons \u00eatre en mesure de garantir \u00e0 nos partenaires la conformit\u00e9 de nos produits et la fiabilit\u00e9 de nos contr\u00f4les \u00bb, a insist\u00e9 la ministre. Cette approche proactive se veut le fondement d\u2019une comp\u00e9titivit\u00e9 accrue et d\u2019une int\u00e9gration r\u00e9ussie de la Guin\u00e9e dans les circuits commerciaux mondiaux.<br \/>\nLe soutien du Premier ministre : Une priorit\u00e9 \u00e9conomique nationale<\/p>\n<p>Le Premier ministre, Amadou Oury Bah, a salu\u00e9 cette avanc\u00e9e, soulignant l\u2019urgence de redresser la balance commerciale du pays. Selon lui, le renforcement des contr\u00f4les sanitaires est essentiel pour rendre la Guin\u00e9e plus comp\u00e9titive et garantir la qualit\u00e9 des produits locaux :<\/p>\n<p><img loading=\"lazy\" decoding=\"async\" class=\"alignnone size-full wp-image-6728\" src=\"https:\/\/ledenonciateur224.com\/wp-content\/uploads\/2025\/12\/fb-img-1766595755012.jpg\" alt=\"\" width=\"2048\" height=\"1366\" srcset=\"https:\/\/ledenonciateur224.com\/wp-content\/uploads\/2025\/12\/fb-img-1766595755012.jpg 2048w, https:\/\/ledenonciateur224.com\/wp-content\/uploads\/2025\/12\/fb-img-1766595755012-300x200.jpg 300w, https:\/\/ledenonciateur224.com\/wp-content\/uploads\/2025\/12\/fb-img-1766595755012-1024x683.jpg 1024w, https:\/\/ledenonciateur224.com\/wp-content\/uploads\/2025\/12\/fb-img-1766595755012-768x512.jpg 768w, https:\/\/ledenonciateur224.com\/wp-content\/uploads\/2025\/12\/fb-img-1766595755012-1536x1025.jpg 1536w, https:\/\/ledenonciateur224.com\/wp-content\/uploads\/2025\/12\/fb-img-1766595755012-150x100.jpg 150w, https:\/\/ledenonciateur224.com\/wp-content\/uploads\/2025\/12\/fb-img-1766595755012-696x464.jpg 696w, https:\/\/ledenonciateur224.com\/wp-content\/uploads\/2025\/12\/fb-img-1766595755012-1068x712.jpg 1068w, https:\/\/ledenonciateur224.com\/wp-content\/uploads\/2025\/12\/fb-img-1766595755012-1920x1281.jpg 1920w, https:\/\/ledenonciateur224.com\/wp-content\/uploads\/2025\/12\/fb-img-1766595755012-630x420.jpg 630w\" sizes=\"auto, (max-width: 2048px) 100vw, 2048px\" \/><br \/>\n\u00ab Ce projet doit nous permettre d\u2019explorer des dimensions strat\u00e9giques pour une meilleure gouvernance \u00e9conomique. C\u2019est un grand pas pour nous. Actuellement, la structure de notre balance commerciale n\u2019est pas encore en totale conformit\u00e9 avec nos ambitions. Apr\u00e8s avoir \u00e9t\u00e9 exc\u00e9dentaire il y a plusieurs ann\u00e9es, elle s\u2019est fragilis\u00e9e \u00bb, a d\u00e9clar\u00e9 le chef du gouvernement.<\/p>\n<p>Le Premier ministre a insist\u00e9 sur le fait que la comp\u00e9titivit\u00e9 de l\u2019\u00e9conomie guin\u00e9enne passait par la mont\u00e9e en gamme des produits locaux et la mise en place de normes de qualit\u00e9 internationales. Il a lanc\u00e9 un appel \u00e0 l\u2019ensemble du secteur priv\u00e9 pour qu\u2019il s\u2019engage dans une dynamique de performance et d\u2019innovation :<br \/>\n\u00ab Il est indispensable que nos entrepreneurs et le secteur priv\u00e9 se mettent en ordre de bataille. Il n\u2019est plus question de se contenter de produits de bas de gamme pour la production nationale. Il faut \u00e9lever nos standards pour \u00eatre comp\u00e9titifs face aux \u00e9conomies les plus \u00e9volu\u00e9es. \u00bb<\/p>\n<p><img loading=\"lazy\" decoding=\"async\" class=\"alignnone size-full wp-image-6729\" src=\"https:\/\/ledenonciateur224.com\/wp-content\/uploads\/2025\/12\/fb-img-1766595844959-1.jpg\" alt=\"\" width=\"2048\" height=\"1366\" srcset=\"https:\/\/ledenonciateur224.com\/wp-content\/uploads\/2025\/12\/fb-img-1766595844959-1.jpg 2048w, https:\/\/ledenonciateur224.com\/wp-content\/uploads\/2025\/12\/fb-img-1766595844959-1-300x200.jpg 300w, https:\/\/ledenonciateur224.com\/wp-content\/uploads\/2025\/12\/fb-img-1766595844959-1-1024x683.jpg 1024w, https:\/\/ledenonciateur224.com\/wp-content\/uploads\/2025\/12\/fb-img-1766595844959-1-768x512.jpg 768w, https:\/\/ledenonciateur224.com\/wp-content\/uploads\/2025\/12\/fb-img-1766595844959-1-1536x1025.jpg 1536w, https:\/\/ledenonciateur224.com\/wp-content\/uploads\/2025\/12\/fb-img-1766595844959-1-150x100.jpg 150w, https:\/\/ledenonciateur224.com\/wp-content\/uploads\/2025\/12\/fb-img-1766595844959-1-696x464.jpg 696w, https:\/\/ledenonciateur224.com\/wp-content\/uploads\/2025\/12\/fb-img-1766595844959-1-1068x712.jpg 1068w, https:\/\/ledenonciateur224.com\/wp-content\/uploads\/2025\/12\/fb-img-1766595844959-1-1920x1281.jpg 1920w, https:\/\/ledenonciateur224.com\/wp-content\/uploads\/2025\/12\/fb-img-1766595844959-1-630x420.jpg 630w\" sizes=\"auto, (max-width: 2048px) 100vw, 2048px\" \/> <img loading=\"lazy\" decoding=\"async\" class=\"alignnone size-full wp-image-6730\" src=\"https:\/\/ledenonciateur224.com\/wp-content\/uploads\/2025\/12\/img-20251224-wa0122.jpg\" alt=\"\" width=\"1008\" height=\"756\" srcset=\"https:\/\/ledenonciateur224.com\/wp-content\/uploads\/2025\/12\/img-20251224-wa0122.jpg 1008w, https:\/\/ledenonciateur224.com\/wp-content\/uploads\/2025\/12\/img-20251224-wa0122-300x225.jpg 300w, https:\/\/ledenonciateur224.com\/wp-content\/uploads\/2025\/12\/img-20251224-wa0122-768x576.jpg 768w, https:\/\/ledenonciateur224.com\/wp-content\/uploads\/2025\/12\/img-20251224-wa0122-150x113.jpg 150w, https:\/\/ledenonciateur224.com\/wp-content\/uploads\/2025\/12\/img-20251224-wa0122-696x522.jpg 696w, https:\/\/ledenonciateur224.com\/wp-content\/uploads\/2025\/12\/img-20251224-wa0122-560x420.jpg 560w, https:\/\/ledenonciateur224.com\/wp-content\/uploads\/2025\/12\/img-20251224-wa0122-80x60.jpg 80w, https:\/\/ledenonciateur224.com\/wp-content\/uploads\/2025\/12\/img-20251224-wa0122-265x198.jpg 265w\" sizes=\"auto, (max-width: 1008px) 100vw, 1008px\" \/><br \/>\nEn conclusion, ce projet de Centre de Technologie d&rsquo;Inspection et de Quarantaine s\u2019inscrit dans une d\u00e9marche globale de modernisation de l\u2019\u00e9conomie guin\u00e9enne. Gr\u00e2ce \u00e0 une collaboration renforc\u00e9e entre les acteurs publics et priv\u00e9s, ce centre permettra non seulement d\u2019assurer la s\u00e9curit\u00e9 sanitaire des produits, mais \u00e9galement d\u2019ouvrir de nouvelles perspectives pour le commerce ext\u00e9rieur du pays. La Guin\u00e9e, \u00e0 travers cette initiative, pose les bases d\u2019un avenir \u00e9conomique prosp\u00e8re, inclusif et comp\u00e9titif sur le plan international.<\/p>\n<p>&nbsp;<\/p>\n<p>Aboubacar Moussa Camara<\/p>\n<p>622 42 41 87<\/p>\n","protected":false},"excerpt":{"rendered":"<p>Ce mercredi 24 d\u00e9cembre 2025, la Guin\u00e9e a franchi un cap d\u00e9cisif dans le domaine du commerce et de la s\u00e9curit\u00e9 sanitaire. En effet, sous l\u2019impulsion dynamique du minist\u00e8re du Commerce, le gouvernement guin\u00e9en a proc\u00e9d\u00e9 \u00e0 l\u2019inauguration du Centre de Technologie d\u2019Inspection et de Quarantaine. Ce projet innovant a pour ambition de renforcer la [&hellip;]<\/p>\n","protected":false},"author":2,"featured_media":6731,"comment_status":"closed","ping_status":"closed","sticky":false,"template":"","format":"standard","meta":{"_jetpack_memberships_contains_paid_content":false,"footnotes":"","jetpack_publicize_message":"","jetpack_publicize_feature_enabled":true,"jetpack_social_post_already_shared":true,"jetpack_social_options":{"image_generator_settings":{"template":"highway","default_image_id":0,"font":"","enabled":false},"version":2}},"categories":[29,24],"tags":[1004,1411,1412],"class_list":{"0":"post-6724","1":"post","2":"type-post","3":"status-publish","4":"format-standard","5":"has-post-thumbnail","7":"category-economie","8":"category-news","9":"tag-commerce","10":"tag-fatima-camara","11":"tag-reforme-economique"},"jetpack_publicize_connections":[],"jetpack_featured_media_url":"https:\/\/ledenonciateur224.com\/wp-content\/uploads\/2025\/12\/fb-img-1766595781496.jpg","jetpack_sharing_enabled":true,"_links":{"self":[{"href":"https:\/\/ledenonciateur224.com\/index.php\/wp-json\/wp\/v2\/posts\/6724","targetHints":{"allow":["GET"]}}],"collection":[{"href":"https:\/\/ledenonciateur224.com\/index.php\/wp-json\/wp\/v2\/posts"}],"about":[{"href":"https:\/\/ledenonciateur224.com\/index.php\/wp-json\/wp\/v2\/types\/post"}],"author":[{"embeddable":true,"href":"https:\/\/ledenonciateur224.com\/index.php\/wp-json\/wp\/v2\/users\/2"}],"replies":[{"embeddable":true,"href":"https:\/\/ledenonciateur224.com\/index.php\/wp-json\/wp\/v2\/comments?post=6724"}],"version-history":[{"count":2,"href":"https:\/\/ledenonciateur224.com\/index.php\/wp-json\/wp\/v2\/posts\/6724\/revisions"}],"predecessor-version":[{"id":6734,"href":"https:\/\/ledenonciateur224.com\/index.php\/wp-json\/wp\/v2\/posts\/6724\/revisions\/6734"}],"wp:featuredmedia":[{"embeddable":true,"href":"https:\/\/ledenonciateur224.com\/index.php\/wp-json\/wp\/v2\/media\/6731"}],"wp:attachment":[{"href":"https:\/\/ledenonciateur224.com\/index.php\/wp-json\/wp\/v2\/media?parent=6724"}],"wp:term":[{"taxonomy":"category","embeddable":true,"href":"https:\/\/ledenonciateur224.com\/index.php\/wp-json\/wp\/v2\/categories?post=6724"},{"taxonomy":"post_tag","embeddable":true,"href":"https:\/\/ledenonciateur224.com\/index.php\/wp-json\/wp\/v2\/tags?post=6724"}],"curies":[{"name":"wp","href":"https:\/\/api.w.org\/{rel}","templated":true}]}}