{"id":6735,"date":"2025-12-24T22:08:40","date_gmt":"2025-12-24T22:08:40","guid":{"rendered":"https:\/\/ledenonciateur224.com\/?p=6735"},"modified":"2025-12-24T22:08:40","modified_gmt":"2025-12-24T22:08:40","slug":"presidentielle-2025-le-forum-epg-boucle-une-campagne-intensive-et-affiche-sa-confiance-pour-mamadi-doumbouya","status":"publish","type":"post","link":"https:\/\/ledenonciateur224.com\/index.php\/presidentielle-2025-le-forum-epg-boucle-une-campagne-intensive-et-affiche-sa-confiance-pour-mamadi-doumbouya\/","title":{"rendered":"Pr\u00e9sidentielle 2025 : le Forum EPG boucle une campagne intensive et affiche sa confiance pour Mamadi Doumbouya"},"content":{"rendered":"<p>Le forum de la coalition Ensemble pour la Guin\u00e9e (EPG) a officiellement cl\u00f4tur\u00e9, ce mercredi 24 d\u00e9cembre 2025, sa campagne pr\u00e9sidentielle en soutien au candidat de la GMD, le candidat ind\u00e9pendant Mamadi Doumbouya.<br \/>\nDirig\u00e9e par Monsieur Ousmane Dady Camara, la coalition a men\u00e9, durant pr\u00e8s d\u2019un mois, une s\u00e9rie d\u2019activit\u00e9s de mobilisation et de sensibilisation \u00e0 travers plusieurs localit\u00e9s du pays, de Conakry \u00e0 N\u2019z\u00e9r\u00e9kor\u00e9, en passant par Kouroussa et Kindia.<br \/>\nAu terme de cette campagne de terrain, le coordinateur g\u00e9n\u00e9ral du Forum Ensemble pour la Guin\u00e9e s\u2019est montr\u00e9 particuli\u00e8rement confiant quant \u00e0 l\u2019issue du scrutin. Revenant sur le travail accompli, il a soulign\u00e9 l\u2019engagement constant des \u00e9quipes d\u00e9ploy\u00e9es sur l\u2019ensemble du territoire.<br \/>\n\u00ab \u00c9coutez, depuis 25 jours maintenant, nous sommes sur le terrain pour sensibiliser les ind\u00e9cis et expliquer pourquoi il faut voter pour notre candidat. Aujourd\u2019hui, nous sommes rassur\u00e9s et certains que, d\u00e8s le premier tour, notre candidat va faire un coup KO.<\/p>\n<p><img loading=\"lazy\" decoding=\"async\" class=\"alignnone size-full wp-image-6736\" src=\"https:\/\/ledenonciateur224.com\/wp-content\/uploads\/2025\/12\/img-20251224-wa0162.jpg\" alt=\"\" width=\"1280\" height=\"591\" srcset=\"https:\/\/ledenonciateur224.com\/wp-content\/uploads\/2025\/12\/img-20251224-wa0162.jpg 1280w, https:\/\/ledenonciateur224.com\/wp-content\/uploads\/2025\/12\/img-20251224-wa0162-300x139.jpg 300w, https:\/\/ledenonciateur224.com\/wp-content\/uploads\/2025\/12\/img-20251224-wa0162-1024x473.jpg 1024w, https:\/\/ledenonciateur224.com\/wp-content\/uploads\/2025\/12\/img-20251224-wa0162-768x355.jpg 768w, https:\/\/ledenonciateur224.com\/wp-content\/uploads\/2025\/12\/img-20251224-wa0162-150x69.jpg 150w, https:\/\/ledenonciateur224.com\/wp-content\/uploads\/2025\/12\/img-20251224-wa0162-696x321.jpg 696w, https:\/\/ledenonciateur224.com\/wp-content\/uploads\/2025\/12\/img-20251224-wa0162-1068x493.jpg 1068w, https:\/\/ledenonciateur224.com\/wp-content\/uploads\/2025\/12\/img-20251224-wa0162-910x420.jpg 910w\" sizes=\"auto, (max-width: 1280px) 100vw, 1280px\" \/><\/p>\n<p>\u00c0 travers toutes les personnes que nous avons rencontr\u00e9es, nous avons constat\u00e9 un engagement fort pour que le pr\u00e9sident Mamadi Doumbouya gagne d\u00e8s le premier tour. \u00bb<br \/>\nIl a \u00e9galement salu\u00e9 l\u2019esprit de fair-play et d\u2019unit\u00e9 observ\u00e9 tout au long de la campagne, mettant en avant ce qu\u2019il consid\u00e8re comme l\u2019un des acquis majeurs de la dynamique actuelle du pays.<br \/>\n\u00ab Merci \u00e0 tous les Guin\u00e9ens pour leur engagement et leur esprit d\u2019unit\u00e9. Aujourd\u2019hui, gr\u00e2ce \u00e0 Mamadi Doumbouya, on ne parle plus d\u2019ethnie dans notre pays, et c\u2019est une fiert\u00e9 pour tous les Guin\u00e9ens. Les Guin\u00e9ens se retrouvent, parlent une seule langue, et l\u2019avenir est rassurant et radieux avec notre candidat. \u00bb<\/p>\n<p><img loading=\"lazy\" decoding=\"async\" class=\"alignnone size-full wp-image-6737\" src=\"https:\/\/ledenonciateur224.com\/wp-content\/uploads\/2025\/12\/img-20251224-wa0164.jpg\" alt=\"\" width=\"2560\" height=\"1440\" srcset=\"https:\/\/ledenonciateur224.com\/wp-content\/uploads\/2025\/12\/img-20251224-wa0164.jpg 2560w, https:\/\/ledenonciateur224.com\/wp-content\/uploads\/2025\/12\/img-20251224-wa0164-300x169.jpg 300w, https:\/\/ledenonciateur224.com\/wp-content\/uploads\/2025\/12\/img-20251224-wa0164-1024x576.jpg 1024w, https:\/\/ledenonciateur224.com\/wp-content\/uploads\/2025\/12\/img-20251224-wa0164-768x432.jpg 768w, https:\/\/ledenonciateur224.com\/wp-content\/uploads\/2025\/12\/img-20251224-wa0164-1536x864.jpg 1536w, https:\/\/ledenonciateur224.com\/wp-content\/uploads\/2025\/12\/img-20251224-wa0164-2048x1152.jpg 2048w, https:\/\/ledenonciateur224.com\/wp-content\/uploads\/2025\/12\/img-20251224-wa0164-150x84.jpg 150w, https:\/\/ledenonciateur224.com\/wp-content\/uploads\/2025\/12\/img-20251224-wa0164-696x392.jpg 696w, https:\/\/ledenonciateur224.com\/wp-content\/uploads\/2025\/12\/img-20251224-wa0164-1068x601.jpg 1068w, https:\/\/ledenonciateur224.com\/wp-content\/uploads\/2025\/12\/img-20251224-wa0164-1920x1080.jpg 1920w, https:\/\/ledenonciateur224.com\/wp-content\/uploads\/2025\/12\/img-20251224-wa0164-747x420.jpg 747w\" sizes=\"auto, (max-width: 2560px) 100vw, 2560px\" \/><br \/>\nLe coordinateur g\u00e9n\u00e9ral a tenu \u00e0 remercier l\u2019ensemble des acteurs politiques et des mouvements membres du forum EPG, soulignant leur implication totale, aussi bien pour encourager la candidature de Mamadi Doumbouya que pour assurer une victoire nette lors du scrutin pr\u00e9vu le 28 d\u00e9cembre.<\/p>\n<p>\u00c9voquant les zones parcourues, il a rappel\u00e9 l\u2019ampleur du travail r\u00e9alis\u00e9 :<br \/>\n\u00ab Nous avons commenc\u00e9 par Lab\u00e9, Kouroussa, N\u2019z\u00e9r\u00e9kor\u00e9, Kindia et Conakry. \u00c0 Conakry, nous avons sillonn\u00e9 presque sept \u00e0 huit communes. Nous sommes tr\u00e8s heureux du travail accompli, un travail que nous ne regrettons pas et que nous sommes pr\u00eats \u00e0 refaire \u00e0 tout moment. \u00bb<\/p>\n<p><img loading=\"lazy\" decoding=\"async\" class=\"alignnone size-full wp-image-6738\" src=\"https:\/\/ledenonciateur224.com\/wp-content\/uploads\/2025\/12\/img-20251224-wa0155.jpg\" alt=\"\" width=\"1280\" height=\"591\" srcset=\"https:\/\/ledenonciateur224.com\/wp-content\/uploads\/2025\/12\/img-20251224-wa0155.jpg 1280w, https:\/\/ledenonciateur224.com\/wp-content\/uploads\/2025\/12\/img-20251224-wa0155-300x139.jpg 300w, https:\/\/ledenonciateur224.com\/wp-content\/uploads\/2025\/12\/img-20251224-wa0155-1024x473.jpg 1024w, https:\/\/ledenonciateur224.com\/wp-content\/uploads\/2025\/12\/img-20251224-wa0155-768x355.jpg 768w, https:\/\/ledenonciateur224.com\/wp-content\/uploads\/2025\/12\/img-20251224-wa0155-150x69.jpg 150w, https:\/\/ledenonciateur224.com\/wp-content\/uploads\/2025\/12\/img-20251224-wa0155-696x321.jpg 696w, https:\/\/ledenonciateur224.com\/wp-content\/uploads\/2025\/12\/img-20251224-wa0155-1068x493.jpg 1068w, https:\/\/ledenonciateur224.com\/wp-content\/uploads\/2025\/12\/img-20251224-wa0155-910x420.jpg 910w\" sizes=\"auto, (max-width: 1280px) 100vw, 1280px\" \/><br \/>\nSatisfait de la mobilisation et de l\u2019accueil des populations, il a f\u00e9licit\u00e9 les membres du forum EPG, qu\u2019il a qualifi\u00e9s de \u00ab vaillants soldats \u00bb, pour leur engagement sans faille. Il a \u00e9galement salu\u00e9 le r\u00f4le des m\u00e9dias, qualifi\u00e9s de \u00ab quatri\u00e8me pouvoir \u00bb, pour leur accompagnement tout au long de la campagne.<\/p>\n<p>Enfin, \u00e0 l\u2019approche du scrutin, le coordinateur g\u00e9n\u00e9ral a lanc\u00e9 un appel au calme et \u00e0 la responsabilit\u00e9 citoyenne :<\/p>\n<p><img loading=\"lazy\" decoding=\"async\" class=\"alignnone size-full wp-image-6739\" src=\"https:\/\/ledenonciateur224.com\/wp-content\/uploads\/2025\/12\/img-20251224-wa0157.jpg\" alt=\"\" width=\"1280\" height=\"591\" srcset=\"https:\/\/ledenonciateur224.com\/wp-content\/uploads\/2025\/12\/img-20251224-wa0157.jpg 1280w, https:\/\/ledenonciateur224.com\/wp-content\/uploads\/2025\/12\/img-20251224-wa0157-300x139.jpg 300w, https:\/\/ledenonciateur224.com\/wp-content\/uploads\/2025\/12\/img-20251224-wa0157-1024x473.jpg 1024w, https:\/\/ledenonciateur224.com\/wp-content\/uploads\/2025\/12\/img-20251224-wa0157-768x355.jpg 768w, https:\/\/ledenonciateur224.com\/wp-content\/uploads\/2025\/12\/img-20251224-wa0157-150x69.jpg 150w, https:\/\/ledenonciateur224.com\/wp-content\/uploads\/2025\/12\/img-20251224-wa0157-696x321.jpg 696w, https:\/\/ledenonciateur224.com\/wp-content\/uploads\/2025\/12\/img-20251224-wa0157-1068x493.jpg 1068w, https:\/\/ledenonciateur224.com\/wp-content\/uploads\/2025\/12\/img-20251224-wa0157-910x420.jpg 910w\" sizes=\"auto, (max-width: 1280px) 100vw, 1280px\" \/><br \/>\n\u00ab Pour dimanche, nous demandons simplement aux Guin\u00e9ens d\u2019aller voter dans la qui\u00e9tude et la paix, de faire le bon choix, qui est Mamadi Doumbouya, puis de rentrer chez eux attendre les r\u00e9sultats. Nous sommes confiants dans le travail s\u00e9rieux de la direction g\u00e9n\u00e9rale des \u00e9lections et convaincus que les r\u00e9sultats seront disponibles rapidement. La Guin\u00e9e a besoin de tous ses fils pour r\u00e9ussir le pari du d\u00e9veloppement, de l\u2019autosuffisance alimentaire et de la transformation de notre pays. \u00bb<\/p>\n<p>Par cette d\u00e9claration, le Forum Ensemble pour la Guin\u00e9e cl\u00f4t une campagne qu\u2019il juge r\u00e9ussie et aborde le scrutin pr\u00e9sidentiel avec assurance et optimisme.<\/p>\n","protected":false},"excerpt":{"rendered":"<p>Le forum de la coalition Ensemble pour la Guin\u00e9e (EPG) a officiellement cl\u00f4tur\u00e9, ce mercredi 24 d\u00e9cembre 2025, sa campagne pr\u00e9sidentielle en soutien au candidat de la GMD, le candidat ind\u00e9pendant Mamadi Doumbouya. Dirig\u00e9e par Monsieur Ousmane Dady Camara, la coalition a men\u00e9, durant pr\u00e8s d\u2019un mois, une s\u00e9rie d\u2019activit\u00e9s de mobilisation et de sensibilisation [&hellip;]<\/p>\n","protected":false},"author":2,"featured_media":6739,"comment_status":"closed","ping_status":"closed","sticky":false,"template":"","format":"standard","meta":{"_jetpack_memberships_contains_paid_content":false,"footnotes":"","jetpack_publicize_message":"","jetpack_publicize_feature_enabled":true,"jetpack_social_post_already_shared":true,"jetpack_social_options":{"image_generator_settings":{"template":"highway","default_image_id":0,"font":"","enabled":false},"version":2}},"categories":[24,27],"tags":[1361,1087],"class_list":{"0":"post-6735","1":"post","2":"type-post","3":"status-publish","4":"format-standard","5":"has-post-thumbnail","7":"category-news","8":"category-politique","9":"tag-campagne-presidentielle","10":"tag-forum-epg"},"jetpack_publicize_connections":[],"jetpack_featured_media_url":"https:\/\/ledenonciateur224.com\/wp-content\/uploads\/2025\/12\/img-20251224-wa0157.jpg","jetpack_sharing_enabled":true,"_links":{"self":[{"href":"https:\/\/ledenonciateur224.com\/index.php\/wp-json\/wp\/v2\/posts\/6735","targetHints":{"allow":["GET"]}}],"collection":[{"href":"https:\/\/ledenonciateur224.com\/index.php\/wp-json\/wp\/v2\/posts"}],"about":[{"href":"https:\/\/ledenonciateur224.com\/index.php\/wp-json\/wp\/v2\/types\/post"}],"author":[{"embeddable":true,"href":"https:\/\/ledenonciateur224.com\/index.php\/wp-json\/wp\/v2\/users\/2"}],"replies":[{"embeddable":true,"href":"https:\/\/ledenonciateur224.com\/index.php\/wp-json\/wp\/v2\/comments?post=6735"}],"version-history":[{"count":1,"href":"https:\/\/ledenonciateur224.com\/index.php\/wp-json\/wp\/v2\/posts\/6735\/revisions"}],"predecessor-version":[{"id":6740,"href":"https:\/\/ledenonciateur224.com\/index.php\/wp-json\/wp\/v2\/posts\/6735\/revisions\/6740"}],"wp:featuredmedia":[{"embeddable":true,"href":"https:\/\/ledenonciateur224.com\/index.php\/wp-json\/wp\/v2\/media\/6739"}],"wp:attachment":[{"href":"https:\/\/ledenonciateur224.com\/index.php\/wp-json\/wp\/v2\/media?parent=6735"}],"wp:term":[{"taxonomy":"category","embeddable":true,"href":"https:\/\/ledenonciateur224.com\/index.php\/wp-json\/wp\/v2\/categories?post=6735"},{"taxonomy":"post_tag","embeddable":true,"href":"https:\/\/ledenonciateur224.com\/index.php\/wp-json\/wp\/v2\/tags?post=6735"}],"curies":[{"name":"wp","href":"https:\/\/api.w.org\/{rel}","templated":true}]}}