{"id":6762,"date":"2025-12-25T23:36:58","date_gmt":"2025-12-25T23:36:58","guid":{"rendered":"https:\/\/ledenonciateur224.com\/?p=6762"},"modified":"2025-12-26T08:53:37","modified_gmt":"2025-12-26T08:53:37","slug":"mamadi-doumbouya-cloture-sa-campagne-presidentielle-2025-avec-force-et-vision-pour-une-guinee-unie","status":"publish","type":"post","link":"https:\/\/ledenonciateur224.com\/index.php\/mamadi-doumbouya-cloture-sa-campagne-presidentielle-2025-avec-force-et-vision-pour-une-guinee-unie\/","title":{"rendered":"Mamadi Doumbouya cl\u00f4ture sa campagne pr\u00e9sidentielle 2025 avec force et vision pour une Guin\u00e9e Unie"},"content":{"rendered":"<div dir=\"auto\">La campagne pr\u00e9sidentielle de 2025 a atteint son apog\u00e9e ce jeudi 25 d\u00e9cembre, avec une cl\u00f4ture spectaculaire qui a fait vibrer toute la nation guin\u00e9enne. Partout \u00e0 travers le pays, des milliers de partisans se sont rassembl\u00e9s, mais c\u2019est \u00e0 Conakry, au Palais du Peuple, que la mobilisation a pris une dimension exceptionnelle. La mouvance pr\u00e9sidentielle, \u00ab\u00a0G\u00e9n\u00e9ration pour la Modernit\u00e9 et le D\u00e9veloppement\u00a0\u00bb (GMD), a une fois de plus d\u00e9montr\u00e9 sa force et son ancrage populaire, avec un \u00e9v\u00e9nement grandiose qui a marqu\u00e9 la fin d\u2019une campagne intense et passionn\u00e9e.<\/div>\n<div dir=\"auto\"><img loading=\"lazy\" decoding=\"async\" class=\"alignnone size-full wp-image-6759\" src=\"https:\/\/ledenonciateur224.com\/wp-content\/uploads\/2025\/12\/img-20251225-wa0335.jpg\" alt=\"\" width=\"1080\" height=\"720\" srcset=\"https:\/\/ledenonciateur224.com\/wp-content\/uploads\/2025\/12\/img-20251225-wa0335.jpg 1080w, https:\/\/ledenonciateur224.com\/wp-content\/uploads\/2025\/12\/img-20251225-wa0335-300x200.jpg 300w, https:\/\/ledenonciateur224.com\/wp-content\/uploads\/2025\/12\/img-20251225-wa0335-1024x683.jpg 1024w, https:\/\/ledenonciateur224.com\/wp-content\/uploads\/2025\/12\/img-20251225-wa0335-768x512.jpg 768w, https:\/\/ledenonciateur224.com\/wp-content\/uploads\/2025\/12\/img-20251225-wa0335-150x100.jpg 150w, https:\/\/ledenonciateur224.com\/wp-content\/uploads\/2025\/12\/img-20251225-wa0335-696x464.jpg 696w, https:\/\/ledenonciateur224.com\/wp-content\/uploads\/2025\/12\/img-20251225-wa0335-1068x712.jpg 1068w, https:\/\/ledenonciateur224.com\/wp-content\/uploads\/2025\/12\/img-20251225-wa0335-630x420.jpg 630w\" sizes=\"auto, (max-width: 1080px) 100vw, 1080px\" \/><\/div>\n<div dir=\"auto\"><\/div>\n<div dir=\"auto\">Le grand protagoniste de cette soir\u00e9e m\u00e9morable \u00e9tait, sans surprise, Mamadi Doumbouya, le candidat de la GMD qui a fait une entr\u00e9e triomphale devant des milliers de Guin\u00e9ens venus le soutenir. Accompagn\u00e9 de son \u00e9pouse, Laurienne Doumbouya, l\u2019enthousiasme et la ferveur \u00e9taient palpables dans l\u2019air. Leur pr\u00e9sence a symbolis\u00e9 l\u2019unit\u00e9 et la d\u00e9termination d\u2019une Guin\u00e9e pr\u00eate \u00e0 avancer, ensemble, vers un avenir prosp\u00e8re.<\/div>\n<div dir=\"auto\"><\/div>\n<div dir=\"auto\">Mamadi Doumbouya, en tant que chef d\u2019\u00c9tat, a r\u00e9ussi \u00e0 incarner la stabilit\u00e9 et la r\u00e9conciliation dans un pays qui, avant son arriv\u00e9e, faisait face \u00e0 d&rsquo;importants d\u00e9fis politiques et \u00e9conomiques. Son engagement pour la transformation de la Guin\u00e9e a \u00e9t\u00e9 incontestable, et ses r\u00e9formes, audacieuses et ambitieuses, ont jet\u00e9 les bases d\u2019un avenir plus radieux pour les g\u00e9n\u00e9rations futures.<\/div>\n<div dir=\"auto\"><\/div>\n<div dir=\"auto\">Sous sa direction, le pays a connu une modernisation profonde dans plusieurs secteurs-cl\u00e9s : des infrastructures modernes, une am\u00e9lioration des conditions de vie des citoyens, et un environnement politique o\u00f9 la d\u00e9mocratie et la transparence ont \u00e9t\u00e9 renforc\u00e9es. Le pr\u00e9sident Doumbouya a mis l\u2019accent sur une gouvernance inclusive, en favorisant la participation des jeunes et des femmes aux processus d\u00e9cisionnels, tout en encourageant la mise en \u0153uvre de projets de d\u00e9veloppement durable qui ont eu un impact direct sur la vie quotidienne des Guin\u00e9ens.<\/div>\n<div dir=\"auto\"><\/div>\n<div dir=\"auto\"><img loading=\"lazy\" decoding=\"async\" class=\"alignnone size-full wp-image-6763\" src=\"https:\/\/ledenonciateur224.com\/wp-content\/uploads\/2025\/12\/fb-img-1766686718286.jpg\" alt=\"\" width=\"2048\" height=\"1536\" srcset=\"https:\/\/ledenonciateur224.com\/wp-content\/uploads\/2025\/12\/fb-img-1766686718286.jpg 2048w, https:\/\/ledenonciateur224.com\/wp-content\/uploads\/2025\/12\/fb-img-1766686718286-300x225.jpg 300w, https:\/\/ledenonciateur224.com\/wp-content\/uploads\/2025\/12\/fb-img-1766686718286-1024x768.jpg 1024w, https:\/\/ledenonciateur224.com\/wp-content\/uploads\/2025\/12\/fb-img-1766686718286-768x576.jpg 768w, https:\/\/ledenonciateur224.com\/wp-content\/uploads\/2025\/12\/fb-img-1766686718286-1536x1152.jpg 1536w, https:\/\/ledenonciateur224.com\/wp-content\/uploads\/2025\/12\/fb-img-1766686718286-150x113.jpg 150w, https:\/\/ledenonciateur224.com\/wp-content\/uploads\/2025\/12\/fb-img-1766686718286-696x522.jpg 696w, https:\/\/ledenonciateur224.com\/wp-content\/uploads\/2025\/12\/fb-img-1766686718286-1068x801.jpg 1068w, https:\/\/ledenonciateur224.com\/wp-content\/uploads\/2025\/12\/fb-img-1766686718286-1920x1440.jpg 1920w, https:\/\/ledenonciateur224.com\/wp-content\/uploads\/2025\/12\/fb-img-1766686718286-560x420.jpg 560w, https:\/\/ledenonciateur224.com\/wp-content\/uploads\/2025\/12\/fb-img-1766686718286-80x60.jpg 80w, https:\/\/ledenonciateur224.com\/wp-content\/uploads\/2025\/12\/fb-img-1766686718286-265x198.jpg 265w\" sizes=\"auto, (max-width: 2048px) 100vw, 2048px\" \/><\/div>\n<div dir=\"auto\">Le leadership de Mamadi Doumbouya se distingue aussi par sa capacit\u00e9 \u00e0 r\u00e9unir les citoyens autour de projets communs, cr\u00e9ant ainsi une v\u00e9ritable dynamique de changement. Sa vision pour la Guin\u00e9e repose sur des valeurs solides de justice, d\u2019\u00e9quit\u00e9 et de prosp\u00e9rit\u00e9.<\/div>\n<div dir=\"auto\"><\/div>\n<div dir=\"auto\"><\/div>\n<div dir=\"auto\">Aux c\u00f4t\u00e9s du pr\u00e9sident Doumbouya, une autre personnalit\u00e9 politique s\u2019est particuli\u00e8rement distingu\u00e9e : Dre Diaka Sidib\u00e9, la ministre de l\u2019Industrie et des PME. Depuis sa nomination, elle a \u00e9t\u00e9 l\u2019une des figures les plus respect\u00e9es du gouvernement, tant pour son expertise que pour son efficacit\u00e9 sur le terrain. Avec une vision claire et pragmatique, elle a jou\u00e9 un r\u00f4le crucial dans la mise en \u0153uvre de r\u00e9formes \u00e9conomiques qui ont non seulement boost\u00e9 l\u2019industrie locale, mais aussi contribu\u00e9 \u00e0 la cr\u00e9ation de milliers d\u2019emplois \u00e0 travers tout le pays.<\/div>\n<div dir=\"auto\"><img loading=\"lazy\" decoding=\"async\" class=\"alignnone size-full wp-image-6770\" src=\"https:\/\/ledenonciateur224.com\/wp-content\/uploads\/2025\/12\/fb-img-1766739020860.jpg\" alt=\"\" width=\"2048\" height=\"1536\" srcset=\"https:\/\/ledenonciateur224.com\/wp-content\/uploads\/2025\/12\/fb-img-1766739020860.jpg 2048w, https:\/\/ledenonciateur224.com\/wp-content\/uploads\/2025\/12\/fb-img-1766739020860-300x225.jpg 300w, https:\/\/ledenonciateur224.com\/wp-content\/uploads\/2025\/12\/fb-img-1766739020860-1024x768.jpg 1024w, https:\/\/ledenonciateur224.com\/wp-content\/uploads\/2025\/12\/fb-img-1766739020860-768x576.jpg 768w, https:\/\/ledenonciateur224.com\/wp-content\/uploads\/2025\/12\/fb-img-1766739020860-1536x1152.jpg 1536w, https:\/\/ledenonciateur224.com\/wp-content\/uploads\/2025\/12\/fb-img-1766739020860-150x113.jpg 150w, https:\/\/ledenonciateur224.com\/wp-content\/uploads\/2025\/12\/fb-img-1766739020860-696x522.jpg 696w, https:\/\/ledenonciateur224.com\/wp-content\/uploads\/2025\/12\/fb-img-1766739020860-1068x801.jpg 1068w, https:\/\/ledenonciateur224.com\/wp-content\/uploads\/2025\/12\/fb-img-1766739020860-1920x1440.jpg 1920w, https:\/\/ledenonciateur224.com\/wp-content\/uploads\/2025\/12\/fb-img-1766739020860-560x420.jpg 560w, https:\/\/ledenonciateur224.com\/wp-content\/uploads\/2025\/12\/fb-img-1766739020860-80x60.jpg 80w, https:\/\/ledenonciateur224.com\/wp-content\/uploads\/2025\/12\/fb-img-1766739020860-265x198.jpg 265w\" sizes=\"auto, (max-width: 2048px) 100vw, 2048px\" \/><\/div>\n<div dir=\"auto\"><\/div>\n<div dir=\"auto\">Dre Sidib\u00e9 a redonn\u00e9 un souffle nouveau au secteur des petites et moyennes entreprises, en facilitant leur acc\u00e8s aux financements et en mettant en place des programmes de formation pour les entrepreneurs guin\u00e9ens. Elle a \u00e9galement \u00e9t\u00e9 d\u00e9terminante dans l\u2019\u00e9laboration de politiques industrielles qui visent \u00e0 diversifier l\u2019\u00e9conomie guin\u00e9enne, r\u00e9duisant ainsi la d\u00e9pendance aux ressources naturelles tout en stimulant l\u2019innovation et la comp\u00e9titivit\u00e9 locale.<\/div>\n<div dir=\"auto\"><\/div>\n<div dir=\"auto\"><img loading=\"lazy\" decoding=\"async\" class=\"alignnone size-full wp-image-6772\" src=\"https:\/\/ledenonciateur224.com\/wp-content\/uploads\/2025\/12\/fb-img-1766738988522.jpg\" alt=\"\" width=\"2048\" height=\"1365\" srcset=\"https:\/\/ledenonciateur224.com\/wp-content\/uploads\/2025\/12\/fb-img-1766738988522.jpg 2048w, https:\/\/ledenonciateur224.com\/wp-content\/uploads\/2025\/12\/fb-img-1766738988522-300x200.jpg 300w, https:\/\/ledenonciateur224.com\/wp-content\/uploads\/2025\/12\/fb-img-1766738988522-1024x683.jpg 1024w, https:\/\/ledenonciateur224.com\/wp-content\/uploads\/2025\/12\/fb-img-1766738988522-768x512.jpg 768w, https:\/\/ledenonciateur224.com\/wp-content\/uploads\/2025\/12\/fb-img-1766738988522-1536x1024.jpg 1536w, https:\/\/ledenonciateur224.com\/wp-content\/uploads\/2025\/12\/fb-img-1766738988522-150x100.jpg 150w, https:\/\/ledenonciateur224.com\/wp-content\/uploads\/2025\/12\/fb-img-1766738988522-696x464.jpg 696w, https:\/\/ledenonciateur224.com\/wp-content\/uploads\/2025\/12\/fb-img-1766738988522-1068x712.jpg 1068w, https:\/\/ledenonciateur224.com\/wp-content\/uploads\/2025\/12\/fb-img-1766738988522-1920x1280.jpg 1920w, https:\/\/ledenonciateur224.com\/wp-content\/uploads\/2025\/12\/fb-img-1766738988522-630x420.jpg 630w\" sizes=\"auto, (max-width: 2048px) 100vw, 2048px\" \/><\/div>\n<div dir=\"auto\">Sa pr\u00e9sence aux c\u00f4t\u00e9s du pr\u00e9sident Doumbouya lors de cette cl\u00f4ture de campagne a \u00e9t\u00e9 le t\u00e9moignage d\u2019une collaboration forte et fructueuse. Ensemble, ils incarnent une vision partag\u00e9e de d\u00e9veloppement durable et de modernisation, une vision qui se traduit d\u00e9j\u00e0 par des progr\u00e8s tangibles sur le terrain. L\u2019efficacit\u00e9 de Dre Sidib\u00e9 est une promesse de continuit\u00e9 dans les r\u00e9formes \u00e9conomiques et industrielles pour un avenir prosp\u00e8re pour la Guin\u00e9e.<\/div>\n<div dir=\"auto\"><\/div>\n<div dir=\"auto\"><\/div>\n<div dir=\"auto\">Cet \u00e9v\u00e9nement marquant n\u2019a pas seulement \u00e9t\u00e9 un moment de c\u00e9l\u00e9bration, mais aussi un appel \u00e0 l\u2019unit\u00e9 et \u00e0 la solidarit\u00e9 nationale. Mamadi Doumbouya a appel\u00e9 les Guin\u00e9ens \u00e0 se rassembler autour de l\u2019id\u00e9al commun : une Guin\u00e9e moderne, pacifique et prosp\u00e8re. Son discours a mis en lumi\u00e8re les d\u00e9fis \u00e0 venir et la n\u00e9cessit\u00e9 d\u2019une gouvernance forte et visionnaire pour r\u00e9aliser les ambitions du pays.<\/div>\n<div dir=\"auto\"><\/div>\n<div dir=\"auto\"><img loading=\"lazy\" decoding=\"async\" class=\"alignnone size-full wp-image-6759\" src=\"https:\/\/ledenonciateur224.com\/wp-content\/uploads\/2025\/12\/img-20251225-wa0335.jpg\" alt=\"\" width=\"1080\" height=\"720\" srcset=\"https:\/\/ledenonciateur224.com\/wp-content\/uploads\/2025\/12\/img-20251225-wa0335.jpg 1080w, https:\/\/ledenonciateur224.com\/wp-content\/uploads\/2025\/12\/img-20251225-wa0335-300x200.jpg 300w, https:\/\/ledenonciateur224.com\/wp-content\/uploads\/2025\/12\/img-20251225-wa0335-1024x683.jpg 1024w, https:\/\/ledenonciateur224.com\/wp-content\/uploads\/2025\/12\/img-20251225-wa0335-768x512.jpg 768w, https:\/\/ledenonciateur224.com\/wp-content\/uploads\/2025\/12\/img-20251225-wa0335-150x100.jpg 150w, https:\/\/ledenonciateur224.com\/wp-content\/uploads\/2025\/12\/img-20251225-wa0335-696x464.jpg 696w, https:\/\/ledenonciateur224.com\/wp-content\/uploads\/2025\/12\/img-20251225-wa0335-1068x712.jpg 1068w, https:\/\/ledenonciateur224.com\/wp-content\/uploads\/2025\/12\/img-20251225-wa0335-630x420.jpg 630w\" sizes=\"auto, (max-width: 1080px) 100vw, 1080px\" \/><\/div>\n<div dir=\"auto\">Avec des figures de proue comme Mamadi Doumbouya \u00e0 la t\u00eate de la Guin\u00e9e, soutenu par des personnalit\u00e9s comp\u00e9tentes et d\u00e9vou\u00e9es comme Dre Diaka Sidib\u00e9, le pays semble pr\u00eat \u00e0 franchir un nouveau cap. Cette cl\u00f4ture de campagne a ainsi \u00e9t\u00e9 un t\u00e9moignage vibrant du changement en marche, un changement que le pr\u00e9sident Doumbouya et son \u00e9quipe entendent poursuivre avec \u00e9nergie et d\u00e9termination.<\/div>\n<div dir=\"auto\"><img loading=\"lazy\" decoding=\"async\" class=\"alignnone size-full wp-image-6773\" src=\"https:\/\/ledenonciateur224.com\/wp-content\/uploads\/2025\/12\/fb-img-1766738999737.jpg\" alt=\"\" width=\"2048\" height=\"1536\" srcset=\"https:\/\/ledenonciateur224.com\/wp-content\/uploads\/2025\/12\/fb-img-1766738999737.jpg 2048w, https:\/\/ledenonciateur224.com\/wp-content\/uploads\/2025\/12\/fb-img-1766738999737-300x225.jpg 300w, https:\/\/ledenonciateur224.com\/wp-content\/uploads\/2025\/12\/fb-img-1766738999737-1024x768.jpg 1024w, https:\/\/ledenonciateur224.com\/wp-content\/uploads\/2025\/12\/fb-img-1766738999737-768x576.jpg 768w, https:\/\/ledenonciateur224.com\/wp-content\/uploads\/2025\/12\/fb-img-1766738999737-1536x1152.jpg 1536w, https:\/\/ledenonciateur224.com\/wp-content\/uploads\/2025\/12\/fb-img-1766738999737-150x113.jpg 150w, https:\/\/ledenonciateur224.com\/wp-content\/uploads\/2025\/12\/fb-img-1766738999737-696x522.jpg 696w, https:\/\/ledenonciateur224.com\/wp-content\/uploads\/2025\/12\/fb-img-1766738999737-1068x801.jpg 1068w, https:\/\/ledenonciateur224.com\/wp-content\/uploads\/2025\/12\/fb-img-1766738999737-1920x1440.jpg 1920w, https:\/\/ledenonciateur224.com\/wp-content\/uploads\/2025\/12\/fb-img-1766738999737-560x420.jpg 560w, https:\/\/ledenonciateur224.com\/wp-content\/uploads\/2025\/12\/fb-img-1766738999737-80x60.jpg 80w, https:\/\/ledenonciateur224.com\/wp-content\/uploads\/2025\/12\/fb-img-1766738999737-265x198.jpg 265w\" sizes=\"auto, (max-width: 2048px) 100vw, 2048px\" \/><\/div>\n<div dir=\"auto\"><\/div>\n<div dir=\"auto\">Les Guin\u00e9ens, unis et port\u00e9s par l&rsquo;espoir, se pr\u00e9parent d\u00e9sormais \u00e0 choisir le chemin de leur avenir lors des \u00e9lections pr\u00e9sidentielles. Le message est clair : sous la direction de Mamadi Doumbouya, la Guin\u00e9e a la chance de poursuivre son d\u00e9veloppement dans la stabilit\u00e9 et la prosp\u00e9rit\u00e9, avec des leaders qui savent transformer les d\u00e9fis en opportunit\u00e9s.<\/div>\n<div dir=\"auto\"><\/div>\n<div dir=\"auto\"><\/div>\n<div dir=\"auto\">Ledenonciateur224.com<\/div>\n","protected":false},"excerpt":{"rendered":"<p>La campagne pr\u00e9sidentielle de 2025 a atteint son apog\u00e9e ce jeudi 25 d\u00e9cembre, avec une cl\u00f4ture spectaculaire qui a fait vibrer toute la nation guin\u00e9enne. Partout \u00e0 travers le pays, des milliers de partisans se sont rassembl\u00e9s, mais c\u2019est \u00e0 Conakry, au Palais du Peuple, que la mobilisation a pris une dimension exceptionnelle. La mouvance [&hellip;]<\/p>\n","protected":false},"author":2,"featured_media":6760,"comment_status":"closed","ping_status":"closed","sticky":false,"template":"","format":"standard","meta":{"_jetpack_memberships_contains_paid_content":false,"footnotes":"","jetpack_publicize_message":"","jetpack_publicize_feature_enabled":true,"jetpack_social_post_already_shared":true,"jetpack_social_options":{"image_generator_settings":{"template":"highway","default_image_id":0,"font":"","enabled":false},"version":2}},"categories":[24,27],"tags":[1361,1320,522],"class_list":{"0":"post-6762","1":"post","2":"type-post","3":"status-publish","4":"format-standard","5":"has-post-thumbnail","7":"category-news","8":"category-politique","9":"tag-campagne-presidentielle","10":"tag-gmd","11":"tag-mamadi-doumbouya"},"jetpack_publicize_connections":[],"jetpack_featured_media_url":"https:\/\/ledenonciateur224.com\/wp-content\/uploads\/2025\/12\/img-20251225-wa0337.jpg","jetpack_sharing_enabled":true,"_links":{"self":[{"href":"https:\/\/ledenonciateur224.com\/index.php\/wp-json\/wp\/v2\/posts\/6762","targetHints":{"allow":["GET"]}}],"collection":[{"href":"https:\/\/ledenonciateur224.com\/index.php\/wp-json\/wp\/v2\/posts"}],"about":[{"href":"https:\/\/ledenonciateur224.com\/index.php\/wp-json\/wp\/v2\/types\/post"}],"author":[{"embeddable":true,"href":"https:\/\/ledenonciateur224.com\/index.php\/wp-json\/wp\/v2\/users\/2"}],"replies":[{"embeddable":true,"href":"https:\/\/ledenonciateur224.com\/index.php\/wp-json\/wp\/v2\/comments?post=6762"}],"version-history":[{"count":2,"href":"https:\/\/ledenonciateur224.com\/index.php\/wp-json\/wp\/v2\/posts\/6762\/revisions"}],"predecessor-version":[{"id":6774,"href":"https:\/\/ledenonciateur224.com\/index.php\/wp-json\/wp\/v2\/posts\/6762\/revisions\/6774"}],"wp:featuredmedia":[{"embeddable":true,"href":"https:\/\/ledenonciateur224.com\/index.php\/wp-json\/wp\/v2\/media\/6760"}],"wp:attachment":[{"href":"https:\/\/ledenonciateur224.com\/index.php\/wp-json\/wp\/v2\/media?parent=6762"}],"wp:term":[{"taxonomy":"category","embeddable":true,"href":"https:\/\/ledenonciateur224.com\/index.php\/wp-json\/wp\/v2\/categories?post=6762"},{"taxonomy":"post_tag","embeddable":true,"href":"https:\/\/ledenonciateur224.com\/index.php\/wp-json\/wp\/v2\/tags?post=6762"}],"curies":[{"name":"wp","href":"https:\/\/api.w.org\/{rel}","templated":true}]}}