{"id":6765,"date":"2025-12-26T08:20:33","date_gmt":"2025-12-26T08:20:33","guid":{"rendered":"https:\/\/ledenonciateur224.com\/?p=6765"},"modified":"2025-12-26T08:20:33","modified_gmt":"2025-12-26T08:20:33","slug":"presidentielle-2025-en-guinee-a-72-heures-du-scrutin-la-ccdn-appelle-a-une-gouvernance-inclusive-au-dela-des-urnes","status":"publish","type":"post","link":"https:\/\/ledenonciateur224.com\/index.php\/presidentielle-2025-en-guinee-a-72-heures-du-scrutin-la-ccdn-appelle-a-une-gouvernance-inclusive-au-dela-des-urnes\/","title":{"rendered":"Pr\u00e9sidentielle 2025 en Guin\u00e9e : \u00e0 72 heures du scrutin, la CCDN appelle \u00e0 une gouvernance inclusive au-del\u00e0 des urnes"},"content":{"rendered":"<div dir=\"auto\">\u00c0 quelques jours de l\u2019\u00e9lection pr\u00e9sidentielle pr\u00e9vue le 28 d\u00e9cembre 2025, la Convergence Citoyenne pour le Dialogue National (CCDN) a organis\u00e9, ce 25 d\u00e9cembre \u00e0 Lambanyi (carrefour cimeti\u00e8re), une conf\u00e9rence citoyenne ax\u00e9e sur la gouvernance publique et l\u2019avenir d\u00e9mocratique de la Guin\u00e9e. Une initiative forte qui place le dialogue, la participation citoyenne et la coh\u00e9sion nationale au c\u0153ur de l\u2019apr\u00e8s-\u00e9lection.<\/div>\n<div dir=\"auto\">Un cadre de dialogue citoyen \u00e0 un moment d\u00e9cisif<\/div>\n<div dir=\"auto\">\u00c0 seulement 72 heures du scrutin pr\u00e9sidentiel, la CCDN a r\u00e9uni des acteurs de la soci\u00e9t\u00e9 civile guin\u00e9enne, des ONG, des universitaires, des leaders communautaires, des jeunes, des femmes et plusieurs invit\u00e9s autour du th\u00e8me :<\/div>\n<div dir=\"auto\">\u00ab Au-del\u00e0 des urnes, quelle gouvernance pour la Guin\u00e9e de demain ? \u00bb<\/div>\n<div dir=\"auto\">Cette rencontre, tenue dans la commune de Lambanyi, visait \u00e0 anticiper l\u2019apr\u00e8s-\u00e9lection et \u00e0 r\u00e9fl\u00e9chir collectivement aux m\u00e9canismes de gouvernance capables de r\u00e9pondre aux attentes profondes des citoyens guin\u00e9ens.<\/div>\n<div dir=\"auto\"><\/div>\n<div dir=\"auto\">Un discours fort et mobilisateur du pr\u00e9sident de la CCDN<\/div>\n<div dir=\"auto\"><\/div>\n<div dir=\"auto\"><img loading=\"lazy\" decoding=\"async\" class=\"alignnone size-full wp-image-6767\" src=\"https:\/\/ledenonciateur224.com\/wp-content\/uploads\/2025\/12\/img-20251225-wa0323.jpg\" alt=\"\" width=\"1020\" height=\"765\" srcset=\"https:\/\/ledenonciateur224.com\/wp-content\/uploads\/2025\/12\/img-20251225-wa0323.jpg 1020w, https:\/\/ledenonciateur224.com\/wp-content\/uploads\/2025\/12\/img-20251225-wa0323-300x225.jpg 300w, https:\/\/ledenonciateur224.com\/wp-content\/uploads\/2025\/12\/img-20251225-wa0323-768x576.jpg 768w, https:\/\/ledenonciateur224.com\/wp-content\/uploads\/2025\/12\/img-20251225-wa0323-150x113.jpg 150w, https:\/\/ledenonciateur224.com\/wp-content\/uploads\/2025\/12\/img-20251225-wa0323-696x522.jpg 696w, https:\/\/ledenonciateur224.com\/wp-content\/uploads\/2025\/12\/img-20251225-wa0323-560x420.jpg 560w, https:\/\/ledenonciateur224.com\/wp-content\/uploads\/2025\/12\/img-20251225-wa0323-80x60.jpg 80w, https:\/\/ledenonciateur224.com\/wp-content\/uploads\/2025\/12\/img-20251225-wa0323-265x198.jpg 265w\" sizes=\"auto, (max-width: 1020px) 100vw, 1020px\" \/><\/div>\n<div dir=\"auto\">Devant les m\u00e9dias et les participants, M. Fousse\u00efny Kon\u00e9, pr\u00e9sident de la CCDN, a livr\u00e9 un discours empreint de responsabilit\u00e9 r\u00e9publicaine et d\u2019espoir. Il a rappel\u00e9 que l\u2019\u00e9lection pr\u00e9sidentielle ne devait pas \u00eatre per\u00e7ue comme une fin en soi, mais comme le point de d\u00e9part d\u2019une nouvelle phase politique, fond\u00e9e sur l\u2019action collective, le dialogue permanent et la responsabilit\u00e9 partag\u00e9e.<\/div>\n<div dir=\"auto\">Selon lui, les Guin\u00e9ennes et les Guin\u00e9ens aspirent l\u00e9gitimement \u00e0 :<\/div>\n<div dir=\"auto\">plus de transparence dans la gestion publique,<\/div>\n<div dir=\"auto\">une administration efficace,<\/div>\n<div dir=\"auto\">une lutte r\u00e9solue contre la corruption,<\/div>\n<div dir=\"auto\">une gestion rigoureuse des ressources publiques,<\/div>\n<div dir=\"auto\">et des politiques \u00e9conomiques adapt\u00e9es aux r\u00e9alit\u00e9s locales, capables d\u2019am\u00e9liorer concr\u00e8tement les conditions de vie.<\/div>\n<div dir=\"auto\">Coh\u00e9sion nationale et participation citoyenne : des piliers incontournables<\/div>\n<div dir=\"auto\">Dans son intervention, le pr\u00e9sident de la CCDN a \u00e9galement insist\u00e9 sur la fragilit\u00e9 de la coh\u00e9sion nationale, mise \u00e0 rude \u00e9preuve par les tensions sociales, politiques et r\u00e9gionales des derni\u00e8res ann\u00e9es. Il a appel\u00e9 \u00e0 un d\u00e9passement des clivages, \u00e0 des politiques inclusives, \u00e0 des m\u00e9canismes sinc\u00e8res de r\u00e9conciliation et \u00e0 l\u2019implication active des leaders communautaires.<\/div>\n<div dir=\"auto\">Par ailleurs, il a soulign\u00e9 que la participation citoyenne constitue aujourd\u2019hui un pilier essentiel de la consolidation d\u00e9mocratique. Cela passe notamment par :<\/div>\n<div dir=\"auto\">la cr\u00e9ation d\u2019espaces permanents de dialogue,<\/div>\n<div dir=\"auto\">l\u2019institutionnalisation de m\u00e9canismes participatifs (budgets participatifs, conseils consultatifs, plateformes num\u00e9riques),<\/div>\n<div dir=\"auto\">le renforcement du r\u00f4le de la soci\u00e9t\u00e9 civile,<\/div>\n<div dir=\"auto\">et la promotion de l\u2019\u00e9ducation civique.<\/div>\n<div dir=\"auto\"><\/div>\n<div dir=\"auto\">Les objectifs et r\u00e9sultats attendus de la conf\u00e9rence<\/div>\n<div dir=\"auto\">Cette conf\u00e9rence citoyenne avait pour ambition de cr\u00e9er un espace d\u2019expression libre et inclusive permettant :<\/div>\n<div dir=\"auto\">de renforcer la coh\u00e9sion sociale et politique,<\/div>\n<div dir=\"auto\">d\u2019am\u00e9liorer la qualit\u00e9 des d\u00e9cisions publiques gr\u00e2ce \u00e0 la prise en compte des besoins r\u00e9els des populations,<\/div>\n<div dir=\"auto\">et d\u2019encourager la participation citoyenne ainsi que la redevabilit\u00e9 de l\u2019action publique.<\/div>\n<div dir=\"auto\">Parmi les r\u00e9sultats attendus figurent :<\/div>\n<div dir=\"auto\">une meilleure compr\u00e9hension des enjeux post-\u00e9lectoraux,<\/div>\n<div dir=\"auto\">l\u2019\u00e9laboration d\u2019un document de synth\u00e8se portant les recommandations citoyennes,<\/div>\n<div dir=\"auto\">le renforcement du r\u00f4le des citoyens dans la gouvernance,<\/div>\n<div dir=\"auto\">et une contribution significative au d\u00e9bat national sur la consolidation d\u00e9mocratique.<\/div>\n<div dir=\"auto\"><\/div>\n<div dir=\"auto\">Un appel \u00e0 l\u2019unit\u00e9 et \u00e0 l\u2019engagement citoyen<\/div>\n<div dir=\"auto\"><img loading=\"lazy\" decoding=\"async\" class=\"alignnone size-full wp-image-6768\" src=\"https:\/\/ledenonciateur224.com\/wp-content\/uploads\/2025\/12\/img-20251225-wa0321.jpg\" alt=\"\" width=\"1020\" height=\"765\" srcset=\"https:\/\/ledenonciateur224.com\/wp-content\/uploads\/2025\/12\/img-20251225-wa0321.jpg 1020w, https:\/\/ledenonciateur224.com\/wp-content\/uploads\/2025\/12\/img-20251225-wa0321-300x225.jpg 300w, https:\/\/ledenonciateur224.com\/wp-content\/uploads\/2025\/12\/img-20251225-wa0321-768x576.jpg 768w, https:\/\/ledenonciateur224.com\/wp-content\/uploads\/2025\/12\/img-20251225-wa0321-150x113.jpg 150w, https:\/\/ledenonciateur224.com\/wp-content\/uploads\/2025\/12\/img-20251225-wa0321-696x522.jpg 696w, https:\/\/ledenonciateur224.com\/wp-content\/uploads\/2025\/12\/img-20251225-wa0321-560x420.jpg 560w, https:\/\/ledenonciateur224.com\/wp-content\/uploads\/2025\/12\/img-20251225-wa0321-80x60.jpg 80w, https:\/\/ledenonciateur224.com\/wp-content\/uploads\/2025\/12\/img-20251225-wa0321-265x198.jpg 265w\" sizes=\"auto, (max-width: 1020px) 100vw, 1020px\" \/><\/div>\n<div dir=\"auto\"><\/div>\n<div dir=\"auto\">En conclusion, M. Fousse\u00efny Kon\u00e9 a exprim\u00e9 sa gratitude \u00e0 l\u2019ensemble des participants, saluant leur engagement malgr\u00e9 la diversit\u00e9 des opinions politiques. Il a rappel\u00e9 que la d\u00e9mocratie guin\u00e9enne se construit dans la diversit\u00e9 des id\u00e9es, le respect mutuel et la recherche constante de l\u2019int\u00e9r\u00eat g\u00e9n\u00e9ral.<\/div>\n<div dir=\"auto\">Il a enfin invit\u00e9 tous les participants \u00e0 vivre les \u00e9changes dans un esprit de fraternit\u00e9 r\u00e9publicaine, avant de d\u00e9clarer officiellement ouverte la conf\u00e9rence citoyenne intitul\u00e9e :<\/div>\n<div dir=\"auto\">\u00ab Apr\u00e8s les urnes, la Guin\u00e9e en action : dialogue citoyen pour une gouvernance inclusive \u00bb.<\/div>\n<div dir=\"auto\"><\/div>\n<div dir=\"auto\"><\/div>\n<div dir=\"auto\">Conakry, le 25 d\u00e9cembre 2025<\/div>\n<div dir=\"auto\">M. Fousse\u00efny Kon\u00e9<\/div>\n<div dir=\"auto\">Pr\u00e9sident de la Convergence Citoyenne pour le Dialogue National (CCDN)<\/div>\n<div dir=\"auto\"><\/div>\n<div dir=\"auto\">Alpha soumah<\/div>\n","protected":false},"excerpt":{"rendered":"<p>\u00c0 quelques jours de l\u2019\u00e9lection pr\u00e9sidentielle pr\u00e9vue le 28 d\u00e9cembre 2025, la Convergence Citoyenne pour le Dialogue National (CCDN) a organis\u00e9, ce 25 d\u00e9cembre \u00e0 Lambanyi (carrefour cimeti\u00e8re), une conf\u00e9rence citoyenne ax\u00e9e sur la gouvernance publique et l\u2019avenir d\u00e9mocratique de la Guin\u00e9e. Une initiative forte qui place le dialogue, la participation citoyenne et la coh\u00e9sion [&hellip;]<\/p>\n","protected":false},"author":2,"featured_media":6766,"comment_status":"closed","ping_status":"closed","sticky":false,"template":"","format":"standard","meta":{"_jetpack_memberships_contains_paid_content":false,"footnotes":"","jetpack_publicize_message":"","jetpack_publicize_feature_enabled":true,"jetpack_social_post_already_shared":true,"jetpack_social_options":{"image_generator_settings":{"template":"highway","default_image_id":0,"font":"","enabled":false},"version":2}},"categories":[24,27],"tags":[785,1295],"class_list":{"0":"post-6765","1":"post","2":"type-post","3":"status-publish","4":"format-standard","5":"has-post-thumbnail","7":"category-news","8":"category-politique","9":"tag-citoyennete","10":"tag-scrutin-presidentiel"},"jetpack_publicize_connections":[],"jetpack_featured_media_url":"https:\/\/ledenonciateur224.com\/wp-content\/uploads\/2025\/12\/img-20251225-wa0319.jpg","jetpack_sharing_enabled":true,"_links":{"self":[{"href":"https:\/\/ledenonciateur224.com\/index.php\/wp-json\/wp\/v2\/posts\/6765","targetHints":{"allow":["GET"]}}],"collection":[{"href":"https:\/\/ledenonciateur224.com\/index.php\/wp-json\/wp\/v2\/posts"}],"about":[{"href":"https:\/\/ledenonciateur224.com\/index.php\/wp-json\/wp\/v2\/types\/post"}],"author":[{"embeddable":true,"href":"https:\/\/ledenonciateur224.com\/index.php\/wp-json\/wp\/v2\/users\/2"}],"replies":[{"embeddable":true,"href":"https:\/\/ledenonciateur224.com\/index.php\/wp-json\/wp\/v2\/comments?post=6765"}],"version-history":[{"count":1,"href":"https:\/\/ledenonciateur224.com\/index.php\/wp-json\/wp\/v2\/posts\/6765\/revisions"}],"predecessor-version":[{"id":6769,"href":"https:\/\/ledenonciateur224.com\/index.php\/wp-json\/wp\/v2\/posts\/6765\/revisions\/6769"}],"wp:featuredmedia":[{"embeddable":true,"href":"https:\/\/ledenonciateur224.com\/index.php\/wp-json\/wp\/v2\/media\/6766"}],"wp:attachment":[{"href":"https:\/\/ledenonciateur224.com\/index.php\/wp-json\/wp\/v2\/media?parent=6765"}],"wp:term":[{"taxonomy":"category","embeddable":true,"href":"https:\/\/ledenonciateur224.com\/index.php\/wp-json\/wp\/v2\/categories?post=6765"},{"taxonomy":"post_tag","embeddable":true,"href":"https:\/\/ledenonciateur224.com\/index.php\/wp-json\/wp\/v2\/tags?post=6765"}],"curies":[{"name":"wp","href":"https:\/\/api.w.org\/{rel}","templated":true}]}}