{"id":679,"date":"2024-12-28T18:44:13","date_gmt":"2024-12-28T18:44:13","guid":{"rendered":"https:\/\/ledenonciateur224.com\/?p=679"},"modified":"2024-12-28T19:03:20","modified_gmt":"2024-12-28T19:03:20","slug":"cellou-dalein-diallo-reconnait-les-risques-des-manifestations-mais-appelle-ses-militants-a-sortir-le-6-janvier","status":"publish","type":"post","link":"https:\/\/ledenonciateur224.com\/index.php\/cellou-dalein-diallo-reconnait-les-risques-des-manifestations-mais-appelle-ses-militants-a-sortir-le-6-janvier\/","title":{"rendered":"Cellou Dalein Diallo reconna\u00eet les risques des manifestations, mais appelle ses militants \u00e0 sortir le 6 janvier"},"content":{"rendered":"<div dir=\"auto\">\n<div dir=\"auto\"><\/div>\n<div dir=\"auto\"><\/div>\n<div dir=\"auto\"><\/div>\n<div dir=\"auto\">Lors de l&rsquo;assembl\u00e9e g\u00e9n\u00e9rale de l&rsquo;UFDG, Cellou Dalein Diallo mobilise ses militants pour une r\u00e9sistance pacifique contre le r\u00e9gime militaire, malgr\u00e9 les dangers.<\/div>\n<\/div>\n<div dir=\"auto\"><\/div>\n<div dir=\"auto\"><\/div>\n<div dir=\"auto\">\n<div dir=\"auto\"><\/div>\n<div dir=\"auto\">Ce samedi 28 d\u00e9cembre 2024, lors de l&rsquo;assembl\u00e9e g\u00e9n\u00e9rale de l&rsquo;Union des Forces D\u00e9mocratiques de Guin\u00e9e (UFDG), Cellou Dalein Diallo a lanc\u00e9 un appel vid\u00e9o dans lequel il reconna\u00eet les risques li\u00e9s aux manifestations mais appelle fermement ses militants \u00e0 sortir le 6 janvier. Il a d\u00e9nonc\u00e9 les violations r\u00e9p\u00e9t\u00e9es des droits humains et le non-respect des engagements pris par la junte militaire au moment de sa prise de pouvoir. Dans un message poignant, il a exhort\u00e9 les citoyens \u00e0 continuer de se battre pour la restauration de l&rsquo;ordre constitutionnel, malgr\u00e9 les dangers que pourrait comporter cette mobilisation.<\/div>\n<div dir=\"auto\"><\/div>\n<\/div>\n<div dir=\"auto\"><\/div>\n<div dir=\"auto\"><\/div>\n<div dir=\"auto\"><\/div>\n<div dir=\"auto\"><\/div>\n<div dir=\"auto\">\n<div dir=\"auto\">\u00ab Malgr\u00e9 les difficult\u00e9s, nous vous exhortons \u00e0 combattre. C&rsquo;est des risques que vous prenez, vous le prenez pour le peuple de Guin\u00e9e, pas seulement celui de Cellou Dalein. Nous voulons que notre soci\u00e9t\u00e9 soit une soci\u00e9t\u00e9 d\u00e9mocratique, o\u00f9 le droit du peuple de choisir ses dirigeants au niveau local, au niveau l\u00e9gislatif, au niveau de l&rsquo;ex\u00e9cutif, soit respect\u00e9. C&rsquo;est tr\u00e8s simple. Vous avez vu ce qui s&rsquo;est pass\u00e9 r\u00e9cemment au Ghana, ce qui s&rsquo;est pass\u00e9 au S\u00e9n\u00e9gal, qui sont des pays exemplaires en mati\u00e8re de d\u00e9mocratie. Nous voulons que notre pays soit comme \u00e7a, qu&rsquo;il y ait l&rsquo;alternance par les urnes, qu&rsquo;il y ait l&rsquo;accession au pouvoir par les urnes, avec des \u00e9lections transparentes et cr\u00e9dibles, pour que le peuple puisse choisir ses dirigeants et le sanctionner par les urnes, si n\u00e9cessaire, sans la violence, sans la discrimination, sans le tribalisme que nous connaissons. Nous voulons que notre pays soit comme \u00e7a. Et \u00e7a, nous devons mener le combat \u00bb. dit-il<\/div>\n<\/div>\n<div dir=\"auto\"><\/div>\n<div dir=\"auto\"><\/div>\n<div dir=\"auto\">\n<div dir=\"auto\"><\/div>\n<div dir=\"auto\">Plus loin, Cellou Dalein rassure\u00a0\u00ab Je vais vous dire tout de suite, le mot d&rsquo;ordre lanc\u00e9 par les forces vives de Guin\u00e9e pour le 06 janvier, naturellement, vous le savez, l&rsquo;UFDG est membre de l&rsquo;ANAD qui est membre des forces vives, et bien l&rsquo;UFDG doit contribuer \u00e0 cette lutte pour satisfaire les exigences. Nous voulons demander le d\u00e9part de la junte parce qu&rsquo;il n&rsquo;a respect\u00e9 aucun engagement. Il faut que vous soyez pr\u00eats. Il ne s&rsquo;agit pas d&rsquo;exercer de la violence, il ne s&rsquo;agit pas de casser des voitures, il ne s&rsquo;agit pas d&rsquo;agresser des usagers ou des riverains de la route. Il s&rsquo;agit de montrer qu&rsquo;on n&rsquo;est pas content et qu&rsquo;on exige que la junte rende le pouvoir \u00e0 une transition civile qui va organiser les \u00e9lections et restituer au peuple le droit de choisir ses dirigeants avec la diligence que la crise actuelle requiert. Nous comptons sur vous et vous n&rsquo;avez pas eu peur jusqu&rsquo;\u00e0 pr\u00e9sent. Il ne faut pas avoir peur. Je sais que les risques sont \u00e9normes. Je n&rsquo;ignore pas l&rsquo;intimidation dont vous \u00eates l&rsquo;objet, les arrestations, m\u00eame ces op\u00e9rations de disparition forc\u00e9e dont ont \u00e9t\u00e9 victime, Fonik\u00e9 Mengu\u00e8, Billo Bah, Marouane Camara, o\u00f9 les arrestations arbitraires dont Aliou Bah a \u00e9t\u00e9 victime avant-hier, o\u00f9 les disparitions suspectes dans les prisons dont le g\u00e9n\u00e9ral Sadiba Koulibaly a \u00e9t\u00e9 victime, avait amen\u00e9 au m\u00eame titre que le colonel C\u00e9lestin Pilivogui, au m\u00eame titre que le docteur Dioubat\u00e9 accus\u00e9 d&rsquo;avoir d\u00e9chir\u00e9 ou br\u00fbl\u00e9 une \u00e9ffigie \u00e0 Kankan, il a \u00e9t\u00e9 tu\u00e9 et son corps a \u00e9t\u00e9 rendu \u00e0 sa famille. Nous ne voulons pas \u00e7a pour la Guin\u00e9e. Que \u00e7a ne soit \u00e0 personne, que personne ne subisse ces violations flagrantes du titre des droits de l&rsquo;homme. 60 jeunes ont \u00e9t\u00e9 abattus sur l&rsquo;axe. Le premier droit de l&rsquo;homme, c&rsquo;est le droit \u00e0 la vie.\u00a0C&rsquo;est \u00e7a. Ces disparitions forc\u00e9es, il faut protester contre, avec courage, en prenant les risques qu&rsquo;il faut et je sais qu&rsquo;\u00e0 cet \u00e9gard, on peut compter sur l&rsquo;UFDG\u00bb, a-t-il lanc\u00e9<\/div>\n<\/div>\n<div dir=\"auto\"><\/div>\n<div dir=\"auto\"><\/div>\n<div dir=\"auto\"><\/div>\n<div dir=\"auto\"><\/div>\n<div dir=\"auto\"><\/div>\n<div dir=\"auto\">Alpha Soumah<\/div>\n","protected":false},"excerpt":{"rendered":"<p>Lors de l&rsquo;assembl\u00e9e g\u00e9n\u00e9rale de l&rsquo;UFDG, Cellou Dalein Diallo mobilise ses militants pour une r\u00e9sistance pacifique contre le r\u00e9gime militaire, malgr\u00e9 les dangers. Ce samedi 28 d\u00e9cembre 2024, lors de l&rsquo;assembl\u00e9e g\u00e9n\u00e9rale de l&rsquo;Union des Forces D\u00e9mocratiques de Guin\u00e9e (UFDG), Cellou Dalein Diallo a lanc\u00e9 un appel vid\u00e9o dans lequel il reconna\u00eet les risques li\u00e9s [&hellip;]<\/p>\n","protected":false},"author":2,"featured_media":680,"comment_status":"open","ping_status":"open","sticky":false,"template":"","format":"standard","meta":{"_jetpack_memberships_contains_paid_content":false,"footnotes":"","jetpack_publicize_message":"","jetpack_publicize_feature_enabled":true,"jetpack_social_post_already_shared":false,"jetpack_social_options":{"image_generator_settings":{"template":"highway","default_image_id":0,"font":"","enabled":false},"version":2}},"categories":[24,27],"tags":[64,44,66,65],"class_list":{"0":"post-679","1":"post","2":"type-post","3":"status-publish","4":"format-standard","5":"has-post-thumbnail","7":"category-news","8":"category-politique","9":"tag-cellou-dalein-diallo","10":"tag-cnrd","11":"tag-transition","12":"tag-ufdg"},"jetpack_publicize_connections":[],"jetpack_featured_media_url":"https:\/\/ledenonciateur224.com\/wp-content\/uploads\/2024\/12\/img-20241228-wa0095.jpg","jetpack_sharing_enabled":true,"_links":{"self":[{"href":"https:\/\/ledenonciateur224.com\/index.php\/wp-json\/wp\/v2\/posts\/679","targetHints":{"allow":["GET"]}}],"collection":[{"href":"https:\/\/ledenonciateur224.com\/index.php\/wp-json\/wp\/v2\/posts"}],"about":[{"href":"https:\/\/ledenonciateur224.com\/index.php\/wp-json\/wp\/v2\/types\/post"}],"author":[{"embeddable":true,"href":"https:\/\/ledenonciateur224.com\/index.php\/wp-json\/wp\/v2\/users\/2"}],"replies":[{"embeddable":true,"href":"https:\/\/ledenonciateur224.com\/index.php\/wp-json\/wp\/v2\/comments?post=679"}],"version-history":[{"count":0,"href":"https:\/\/ledenonciateur224.com\/index.php\/wp-json\/wp\/v2\/posts\/679\/revisions"}],"wp:featuredmedia":[{"embeddable":true,"href":"https:\/\/ledenonciateur224.com\/index.php\/wp-json\/wp\/v2\/media\/680"}],"wp:attachment":[{"href":"https:\/\/ledenonciateur224.com\/index.php\/wp-json\/wp\/v2\/media?parent=679"}],"wp:term":[{"taxonomy":"category","embeddable":true,"href":"https:\/\/ledenonciateur224.com\/index.php\/wp-json\/wp\/v2\/categories?post=679"},{"taxonomy":"post_tag","embeddable":true,"href":"https:\/\/ledenonciateur224.com\/index.php\/wp-json\/wp\/v2\/tags?post=679"}],"curies":[{"name":"wp","href":"https:\/\/api.w.org\/{rel}","templated":true}]}}