{"id":6816,"date":"2025-12-28T13:20:17","date_gmt":"2025-12-28T13:20:17","guid":{"rendered":"https:\/\/ledenonciateur224.com\/?p=6816"},"modified":"2025-12-28T13:20:17","modified_gmt":"2025-12-28T13:20:17","slug":"election-presidentielle-dre-diaka-sidibe-accomplit-son-devoir-civique","status":"publish","type":"post","link":"https:\/\/ledenonciateur224.com\/index.php\/election-presidentielle-dre-diaka-sidibe-accomplit-son-devoir-civique\/","title":{"rendered":"\u00c9lection pr\u00e9sidentielle : Dre Diaka Sidib\u00e9 accomplit son devoir civique"},"content":{"rendered":"<p>Ce dimanche 28 d\u00e9cembre 2025, Dre Diaka Sidib\u00e9, ministre de l&rsquo;Industrie et des Petites et Moyennes Entreprises (PME), a particip\u00e9 activement \u00e0 l\u2019\u00e9lection pr\u00e9sidentielle en exer\u00e7ant son droit de vote au lyc\u00e9e Donka, un \u00e9tablissement embl\u00e9matique de la capitale. Entour\u00e9e de plusieurs cadres de son d\u00e9partement minist\u00e9riel, elle a ainsi marqu\u00e9 son engagement en faveur du processus d\u00e9mocratique.<\/p>\n<p>Cet acte citoyen illustre une fois de plus son attachement aux valeurs r\u00e9publicaines et \u00e0 l&rsquo;importance capitale de la participation de chaque citoyen \u00e0 la vie politique du pays. Dans un contexte \u00e9lectoral crucial pour l\u2019avenir de la nation, Dre Diaka Sidib\u00e9 a tenu \u00e0 souligner la responsabilit\u00e9 de tous dans la consolidation des institutions et la pr\u00e9servation de la paix sociale.<\/p>\n<p><img loading=\"lazy\" decoding=\"async\" class=\"alignnone size-full wp-image-6818\" src=\"https:\/\/ledenonciateur224.com\/wp-content\/uploads\/2025\/12\/fb-img-1766927331157.jpg\" alt=\"\" width=\"1021\" height=\"739\" srcset=\"https:\/\/ledenonciateur224.com\/wp-content\/uploads\/2025\/12\/fb-img-1766927331157.jpg 1021w, https:\/\/ledenonciateur224.com\/wp-content\/uploads\/2025\/12\/fb-img-1766927331157-300x217.jpg 300w, https:\/\/ledenonciateur224.com\/wp-content\/uploads\/2025\/12\/fb-img-1766927331157-768x556.jpg 768w, https:\/\/ledenonciateur224.com\/wp-content\/uploads\/2025\/12\/fb-img-1766927331157-150x109.jpg 150w, https:\/\/ledenonciateur224.com\/wp-content\/uploads\/2025\/12\/fb-img-1766927331157-696x504.jpg 696w, https:\/\/ledenonciateur224.com\/wp-content\/uploads\/2025\/12\/fb-img-1766927331157-580x420.jpg 580w, https:\/\/ledenonciateur224.com\/wp-content\/uploads\/2025\/12\/fb-img-1766927331157-324x235.jpg 324w\" sizes=\"auto, (max-width: 1021px) 100vw, 1021px\" \/><br \/>\n\u00ab J\u2019invite l\u2019ensemble de nos concitoyens \u00e0 exercer leur droit de vote dans le calme, la responsabilit\u00e9 et le respect des lois de la R\u00e9publique, pour le renforcement de notre d\u00e9mocratie et de la coh\u00e9sion nationale \u00bb, a-t-elle d\u00e9clar\u00e9 apr\u00e8s son passage dans les urnes, appelant \u00e0 une mobilisation massive et sereine de la population.<br \/>\nCette d\u00e9marche s\u2019inscrit dans une s\u00e9rie d\u2019initiatives visant \u00e0 encourager la transparence, la s\u00e9r\u00e9nit\u00e9 et le respect des r\u00e8gles du jeu d\u00e9mocratique, essentiels pour le bon d\u00e9roulement de ce scrutin d\u00e9cisif. Les autorit\u00e9s, ainsi que les citoyens, doivent veiller \u00e0 ce que cette \u00e9lection se d\u00e9roule dans un climat de confiance et de respect mutuel.<\/p>\n<p>&nbsp;<\/p>\n<p>Ledenonciateur224.com<\/p>\n","protected":false},"excerpt":{"rendered":"<p>Ce dimanche 28 d\u00e9cembre 2025, Dre Diaka Sidib\u00e9, ministre de l&rsquo;Industrie et des Petites et Moyennes Entreprises (PME), a particip\u00e9 activement \u00e0 l\u2019\u00e9lection pr\u00e9sidentielle en exer\u00e7ant son droit de vote au lyc\u00e9e Donka, un \u00e9tablissement embl\u00e9matique de la capitale. Entour\u00e9e de plusieurs cadres de son d\u00e9partement minist\u00e9riel, elle a ainsi marqu\u00e9 son engagement en faveur [&hellip;]<\/p>\n","protected":false},"author":2,"featured_media":6817,"comment_status":"closed","ping_status":"closed","sticky":false,"template":"","format":"standard","meta":{"_jetpack_memberships_contains_paid_content":false,"footnotes":"","jetpack_publicize_message":"","jetpack_publicize_feature_enabled":true,"jetpack_social_post_already_shared":true,"jetpack_social_options":{"image_generator_settings":{"template":"highway","default_image_id":0,"font":"","enabled":false},"version":2}},"categories":[30,24],"tags":[865,1276,1413],"class_list":{"0":"post-6816","1":"post","2":"type-post","3":"status-publish","4":"format-standard","5":"has-post-thumbnail","7":"category-faits-divers","8":"category-news","9":"tag-elections-en-guinee","10":"tag-presidentiel","11":"tag-vote"},"jetpack_publicize_connections":[],"jetpack_featured_media_url":"https:\/\/ledenonciateur224.com\/wp-content\/uploads\/2025\/12\/fb-img-1766927322894.jpg","jetpack_sharing_enabled":true,"_links":{"self":[{"href":"https:\/\/ledenonciateur224.com\/index.php\/wp-json\/wp\/v2\/posts\/6816","targetHints":{"allow":["GET"]}}],"collection":[{"href":"https:\/\/ledenonciateur224.com\/index.php\/wp-json\/wp\/v2\/posts"}],"about":[{"href":"https:\/\/ledenonciateur224.com\/index.php\/wp-json\/wp\/v2\/types\/post"}],"author":[{"embeddable":true,"href":"https:\/\/ledenonciateur224.com\/index.php\/wp-json\/wp\/v2\/users\/2"}],"replies":[{"embeddable":true,"href":"https:\/\/ledenonciateur224.com\/index.php\/wp-json\/wp\/v2\/comments?post=6816"}],"version-history":[{"count":1,"href":"https:\/\/ledenonciateur224.com\/index.php\/wp-json\/wp\/v2\/posts\/6816\/revisions"}],"predecessor-version":[{"id":6819,"href":"https:\/\/ledenonciateur224.com\/index.php\/wp-json\/wp\/v2\/posts\/6816\/revisions\/6819"}],"wp:featuredmedia":[{"embeddable":true,"href":"https:\/\/ledenonciateur224.com\/index.php\/wp-json\/wp\/v2\/media\/6817"}],"wp:attachment":[{"href":"https:\/\/ledenonciateur224.com\/index.php\/wp-json\/wp\/v2\/media?parent=6816"}],"wp:term":[{"taxonomy":"category","embeddable":true,"href":"https:\/\/ledenonciateur224.com\/index.php\/wp-json\/wp\/v2\/categories?post=6816"},{"taxonomy":"post_tag","embeddable":true,"href":"https:\/\/ledenonciateur224.com\/index.php\/wp-json\/wp\/v2\/tags?post=6816"}],"curies":[{"name":"wp","href":"https:\/\/api.w.org\/{rel}","templated":true}]}}