{"id":683,"date":"2024-12-29T10:38:11","date_gmt":"2024-12-29T10:38:11","guid":{"rendered":"https:\/\/ledenonciateur224.com\/?p=683"},"modified":"2024-12-29T10:38:11","modified_gmt":"2024-12-29T10:38:11","slug":"guinee-lancement-officiel-de-la-synergie-general-mamadi-doumbouya-25-une-plateforme-pour-la-paix-et-le-developpement","status":"publish","type":"post","link":"https:\/\/ledenonciateur224.com\/index.php\/guinee-lancement-officiel-de-la-synergie-general-mamadi-doumbouya-25-une-plateforme-pour-la-paix-et-le-developpement\/","title":{"rendered":"Guin\u00e9e : Lancement officiel de la Synergie G\u00e9n\u00e9ral Mamadi Doumbouya 25, une plateforme pour la paix et le d\u00e9veloppement"},"content":{"rendered":"<div dir=\"auto\"><\/div>\n<div dir=\"auto\"><\/div>\n<div dir=\"auto\"><\/div>\n<div dir=\"auto\">La Synergie GMD25 r\u00e9unit partis politiques, mouvements de soutien et acteurs de la soci\u00e9t\u00e9 civile autour du G\u00e9n\u00e9ral Mamadi Doumbouya pour promouvoir la d\u00e9mocratie, l\u2019unit\u00e9 et le d\u00e9veloppement du pays.<\/div>\n<div dir=\"auto\"><\/div>\n<div dir=\"auto\"><\/div>\n<div dir=\"auto\"><\/div>\n<div dir=\"auto\">Le samedi 28 d\u00e9cembre 2024, la Synergie G\u00e9n\u00e9ral Mamadi Doumbouya 25 (GMD25) a officiellement lanc\u00e9 ses activit\u00e9s \u00e0 Conakry, dans le cadre d&rsquo;une c\u00e9r\u00e9monie marqu\u00e9e par la pr\u00e9sence de nombreux acteurs politiques, sociaux et civiques. Cette nouvelle structure entend rassembler diverses forces autour de l\u2019objectif commun de promouvoir la d\u00e9mocratie, la paix et l&rsquo;unit\u00e9 nationale sous la conduite du G\u00e9n\u00e9ral Mamadi Doumbouya.<\/div>\n<div dir=\"auto\"><\/div>\n<div dir=\"auto\"><\/div>\n<div dir=\"auto\"><\/div>\n<div dir=\"auto\"><\/div>\n<div dir=\"auto\"><\/div>\n<div dir=\"auto\">Lors de son discours inaugural, le coordinateur g\u00e9n\u00e9ral, Alhousseny Makanera Kak\u00e9, a insist\u00e9 sur le caract\u00e8re structur\u00e9 et inclusif de la plateforme, qui comprend un Comit\u00e9 de Coordination, un Conseil des Leaders, ainsi que des coordinations r\u00e9gionales et pr\u00e9fectorales. Il a soulign\u00e9 que GMD25 est une force de propositions engag\u00e9e dans la vision d\u2019un avenir meilleur pour la Guin\u00e9e, ax\u00e9 sur les valeurs de justice, solidarit\u00e9, dialogue et d\u00e9veloppement durable.<\/div>\n<div dir=\"auto\"><\/div>\n<div dir=\"auto\"><img loading=\"lazy\" decoding=\"async\" class=\"alignnone size-medium wp-image-685\" src=\"https:\/\/ledenonciateur224.com\/wp-content\/uploads\/2024\/12\/synergie-696x392-1-300x169.jpg\" alt=\"\" width=\"300\" height=\"169\" srcset=\"https:\/\/ledenonciateur224.com\/wp-content\/uploads\/2024\/12\/synergie-696x392-1-300x169.jpg 300w, https:\/\/ledenonciateur224.com\/wp-content\/uploads\/2024\/12\/synergie-696x392-1-150x84.jpg 150w, https:\/\/ledenonciateur224.com\/wp-content\/uploads\/2024\/12\/synergie-696x392-1.jpg 696w\" sizes=\"auto, (max-width: 300px) 100vw, 300px\" \/><\/div>\n<div dir=\"auto\"><\/div>\n<div dir=\"auto\"><\/div>\n<div dir=\"auto\"><\/div>\n<div dir=\"auto\">Makanera Kak\u00e9 a \u00e9galement soulign\u00e9 les d\u00e9fis \u00e0 relever, mais a exprim\u00e9 sa confiance dans la force de l\u2019unit\u00e9 nationale pour surmonter ces obstacles. Il a invit\u00e9 tous les partis, syndicats, et citoyens \u00e0 rejoindre ce mouvement pour \u0153uvrer ensemble \u00e0 la refondation de la Guin\u00e9e, en soutenant les actions du G\u00e9n\u00e9ral Doumbouya. Le lancement de la Synergie GMD25 marque ainsi une \u00e9tape d\u00e9cisive dans la mobilisation collective au service du d\u00e9veloppement et du bien-\u00eatre de la nation guin\u00e9enne.<\/div>\n<div dir=\"auto\"><\/div>\n<div dir=\"auto\"><\/div>\n<div dir=\"auto\"><\/div>\n<div dir=\"auto\"><\/div>\n<div dir=\"auto\">N&rsquo;sira Sylla<\/div>\n","protected":false},"excerpt":{"rendered":"<p>La Synergie GMD25 r\u00e9unit partis politiques, mouvements de soutien et acteurs de la soci\u00e9t\u00e9 civile autour du G\u00e9n\u00e9ral Mamadi Doumbouya pour promouvoir la d\u00e9mocratie, l\u2019unit\u00e9 et le d\u00e9veloppement du pays. Le samedi 28 d\u00e9cembre 2024, la Synergie G\u00e9n\u00e9ral Mamadi Doumbouya 25 (GMD25) a officiellement lanc\u00e9 ses activit\u00e9s \u00e0 Conakry, dans le cadre d&rsquo;une c\u00e9r\u00e9monie marqu\u00e9e [&hellip;]<\/p>\n","protected":false},"author":2,"featured_media":684,"comment_status":"open","ping_status":"open","sticky":false,"template":"","format":"standard","meta":{"_jetpack_memberships_contains_paid_content":false,"footnotes":"","jetpack_publicize_message":"","jetpack_publicize_feature_enabled":true,"jetpack_social_post_already_shared":false,"jetpack_social_options":{"image_generator_settings":{"template":"highway","default_image_id":0,"font":"","enabled":false},"version":2}},"categories":[24,27],"tags":[44,36,35,149],"class_list":{"0":"post-683","1":"post","2":"type-post","3":"status-publish","4":"format-standard","5":"has-post-thumbnail","7":"category-news","8":"category-politique","9":"tag-cnrd","10":"tag-conakry","11":"tag-guinee","12":"tag-makanera-kake"},"jetpack_publicize_connections":[],"jetpack_featured_media_url":"https:\/\/ledenonciateur224.com\/wp-content\/uploads\/2024\/12\/img-20241228-wa0026-750x430-1.jpg","jetpack_sharing_enabled":true,"_links":{"self":[{"href":"https:\/\/ledenonciateur224.com\/index.php\/wp-json\/wp\/v2\/posts\/683","targetHints":{"allow":["GET"]}}],"collection":[{"href":"https:\/\/ledenonciateur224.com\/index.php\/wp-json\/wp\/v2\/posts"}],"about":[{"href":"https:\/\/ledenonciateur224.com\/index.php\/wp-json\/wp\/v2\/types\/post"}],"author":[{"embeddable":true,"href":"https:\/\/ledenonciateur224.com\/index.php\/wp-json\/wp\/v2\/users\/2"}],"replies":[{"embeddable":true,"href":"https:\/\/ledenonciateur224.com\/index.php\/wp-json\/wp\/v2\/comments?post=683"}],"version-history":[{"count":0,"href":"https:\/\/ledenonciateur224.com\/index.php\/wp-json\/wp\/v2\/posts\/683\/revisions"}],"wp:featuredmedia":[{"embeddable":true,"href":"https:\/\/ledenonciateur224.com\/index.php\/wp-json\/wp\/v2\/media\/684"}],"wp:attachment":[{"href":"https:\/\/ledenonciateur224.com\/index.php\/wp-json\/wp\/v2\/media?parent=683"}],"wp:term":[{"taxonomy":"category","embeddable":true,"href":"https:\/\/ledenonciateur224.com\/index.php\/wp-json\/wp\/v2\/categories?post=683"},{"taxonomy":"post_tag","embeddable":true,"href":"https:\/\/ledenonciateur224.com\/index.php\/wp-json\/wp\/v2\/tags?post=683"}],"curies":[{"name":"wp","href":"https:\/\/api.w.org\/{rel}","templated":true}]}}