{"id":687,"date":"2024-12-29T13:59:29","date_gmt":"2024-12-29T13:59:29","guid":{"rendered":"https:\/\/ledenonciateur224.com\/?p=687"},"modified":"2024-12-29T13:59:29","modified_gmt":"2024-12-29T13:59:29","slug":"levee-du-corps-de-moussa-solano-des-hommages-emouvants-a-un-leader-dexception","status":"publish","type":"post","link":"https:\/\/ledenonciateur224.com\/index.php\/levee-du-corps-de-moussa-solano-des-hommages-emouvants-a-un-leader-dexception\/","title":{"rendered":"Lev\u00e9e du corps de Moussa Solano : Des hommages \u00e9mouvants \u00e0 un leader d&rsquo;exception"},"content":{"rendered":"<div dir=\"auto\">\n<div dir=\"auto\">La lev\u00e9e du corps de l\u2019ancien Pr\u00e9sident du PUP et ministre sous le r\u00e9gime du feu G\u00e9n\u00e9ral Lansana Cont\u00e9, El Hadj Moussa Solano, s&rsquo;est tenue ce dimanche 29 d\u00e9cembre \u00e0 l&rsquo;H\u00f4tel Sino-Guin\u00e9en. Ce moment solennel a rassembl\u00e9 des personnalit\u00e9s politiques, des membres du gouvernement, ainsi que la famille et les proches du d\u00e9funt, venus rendre un dernier hommage \u00e0 cet homme d&rsquo;\u00c9tat respect\u00e9.<\/div>\n<\/div>\n<div dir=\"auto\"><\/div>\n<div dir=\"auto\"><\/div>\n<div dir=\"auto\"><\/div>\n<div dir=\"auto\">Pr\u00e9sid\u00e9e par le Premier ministre Amadou Oury Bah, repr\u00e9sentant le Pr\u00e9sident de la R\u00e9publique, la c\u00e9r\u00e9monie a \u00e9t\u00e9 marqu\u00e9e par la pr\u00e9sence de nombreux membres du gouvernement. Les intervenants ont salu\u00e9 l&rsquo;h\u00e9ritage durable de Moussa Solano, soulignant l&rsquo;ampleur de la perte qu\u2019il repr\u00e9sente pour la Guin\u00e9e.<\/div>\n<div dir=\"auto\"><\/div>\n<div dir=\"auto\"><img loading=\"lazy\" decoding=\"async\" class=\"alignnone size-medium wp-image-690\" src=\"https:\/\/ledenonciateur224.com\/wp-content\/uploads\/2024\/12\/img-20241229-wa0206-300x135.jpg\" alt=\"\" width=\"300\" height=\"135\" srcset=\"https:\/\/ledenonciateur224.com\/wp-content\/uploads\/2024\/12\/img-20241229-wa0206-300x135.jpg 300w, https:\/\/ledenonciateur224.com\/wp-content\/uploads\/2024\/12\/img-20241229-wa0206-1024x461.jpg 1024w, https:\/\/ledenonciateur224.com\/wp-content\/uploads\/2024\/12\/img-20241229-wa0206-768x346.jpg 768w, https:\/\/ledenonciateur224.com\/wp-content\/uploads\/2024\/12\/img-20241229-wa0206-150x68.jpg 150w, https:\/\/ledenonciateur224.com\/wp-content\/uploads\/2024\/12\/img-20241229-wa0206-696x313.jpg 696w, https:\/\/ledenonciateur224.com\/wp-content\/uploads\/2024\/12\/img-20241229-wa0206-1068x481.jpg 1068w, https:\/\/ledenonciateur224.com\/wp-content\/uploads\/2024\/12\/img-20241229-wa0206-933x420.jpg 933w, https:\/\/ledenonciateur224.com\/wp-content\/uploads\/2024\/12\/img-20241229-wa0206.jpg 1280w\" sizes=\"auto, (max-width: 300px) 100vw, 300px\" \/><\/div>\n<div dir=\"auto\"><\/div>\n<div dir=\"auto\">Le pr\u00e9sident actuel du PUP, Fod\u00e9 Bangoura, a exprim\u00e9 une reconnaissance profonde envers son pr\u00e9d\u00e9cesseur. Dans un discours \u00e9mouvant, il a \u00e9voqu\u00e9 la collaboration \u00e9troite qu&rsquo;ils ont partag\u00e9e au service du pays et la difficult\u00e9 de combler le vide laiss\u00e9 par son d\u00e9part. \u00ab \u00c0 un certain moment, il \u00e9tait mon complice. Nous travaillions ensemble pour le bien-\u00eatre des fils et filles de ce pays. Aujourd&rsquo;hui, c&rsquo;est lui qui est couch\u00e9 devant nous. Je prie Dieu de lui accorder le paradis. Il laisse un vide difficile \u00e0 combler, mais j&rsquo;esp\u00e8re que chacun de nous pourra y contribuer \u00bb, a-t-il d\u00e9clar\u00e9.<\/div>\n<div dir=\"auto\"><\/div>\n<div dir=\"auto\"><img loading=\"lazy\" decoding=\"async\" class=\"alignnone size-medium wp-image-689\" src=\"https:\/\/ledenonciateur224.com\/wp-content\/uploads\/2024\/12\/img-20241229-wa0205-300x135.jpg\" alt=\"\" width=\"300\" height=\"135\" srcset=\"https:\/\/ledenonciateur224.com\/wp-content\/uploads\/2024\/12\/img-20241229-wa0205-300x135.jpg 300w, https:\/\/ledenonciateur224.com\/wp-content\/uploads\/2024\/12\/img-20241229-wa0205-1024x461.jpg 1024w, https:\/\/ledenonciateur224.com\/wp-content\/uploads\/2024\/12\/img-20241229-wa0205-768x346.jpg 768w, https:\/\/ledenonciateur224.com\/wp-content\/uploads\/2024\/12\/img-20241229-wa0205-150x68.jpg 150w, https:\/\/ledenonciateur224.com\/wp-content\/uploads\/2024\/12\/img-20241229-wa0205-696x313.jpg 696w, https:\/\/ledenonciateur224.com\/wp-content\/uploads\/2024\/12\/img-20241229-wa0205-1068x481.jpg 1068w, https:\/\/ledenonciateur224.com\/wp-content\/uploads\/2024\/12\/img-20241229-wa0205-933x420.jpg 933w, https:\/\/ledenonciateur224.com\/wp-content\/uploads\/2024\/12\/img-20241229-wa0205.jpg 1280w\" sizes=\"auto, (max-width: 300px) 100vw, 300px\" \/><\/div>\n<div dir=\"auto\"><\/div>\n<div dir=\"auto\"><\/div>\n<div dir=\"auto\">Au nom des anciens gouverneurs et pr\u00e9fets nomm\u00e9s par El Hadj Moussa Solano, Mohamed Mounir Camara a exprim\u00e9 sa gratitude envers le d\u00e9funt pour la confiance qu\u2019il leur avait accord\u00e9e en les nommant \u00e0 ces fonctions. \u00ab C\u2019est lui qui m\u2019a d\u2019abord nomm\u00e9 pr\u00e9fet de Boffa avant de devenir gouverneur. Nous lui disons merci pour la confiance qu&rsquo;il nous a t\u00e9moign\u00e9e. Il nous a permis de servir loyaut\u00e9 le pays. Aujourd&rsquo;hui, nous prions pour que son \u00e2me repose en paix \u00bb, a-t-il ajout\u00e9.<\/div>\n<div dir=\"auto\"><\/div>\n<div dir=\"auto\"><\/div>\n<div dir=\"auto\"><\/div>\n<div dir=\"auto\">Un symposium est \u00e9galement pr\u00e9vu au Palais du Peuple, organis\u00e9 par les autorit\u00e9s, pour rendre hommage \u00e0 El Hadj Moussa Solano avant son inhumation au cimeti\u00e8re Cameroun apr\u00e8s la pri\u00e8re de 14h.<\/div>\n<div dir=\"auto\"><\/div>\n<div dir=\"auto\">Rappelons qu&rsquo;El Hadj Moussa Solano est n\u00e9 en 1948 et est d\u00e9c\u00e9d\u00e9 le 26 d\u00e9cembre 2024, \u00e0 l&rsquo;\u00e2ge de 76 ans, des suites d&rsquo;une courte maladie. Il laisse derri\u00e8re lui deux veuves et six enfants, ainsi qu&rsquo;un h\u00e9ritage politique et administratif qui marquera durablement la Guin\u00e9e.<\/div>\n<div dir=\"auto\"><\/div>\n<div dir=\"auto\"><\/div>\n<div dir=\"auto\"><\/div>\n<div dir=\"auto\"><\/div>\n<div dir=\"auto\"><\/div>\n<div dir=\"auto\"><\/div>\n<div dir=\"auto\"><\/div>\n<div dir=\"auto\">Alpha Soumah<\/div>\n<div dir=\"auto\"><\/div>\n","protected":false},"excerpt":{"rendered":"<p>La lev\u00e9e du corps de l\u2019ancien Pr\u00e9sident du PUP et ministre sous le r\u00e9gime du feu G\u00e9n\u00e9ral Lansana Cont\u00e9, El Hadj Moussa Solano, s&rsquo;est tenue ce dimanche 29 d\u00e9cembre \u00e0 l&rsquo;H\u00f4tel Sino-Guin\u00e9en. Ce moment solennel a rassembl\u00e9 des personnalit\u00e9s politiques, des membres du gouvernement, ainsi que la famille et les proches du d\u00e9funt, venus rendre [&hellip;]<\/p>\n","protected":false},"author":2,"featured_media":688,"comment_status":"open","ping_status":"open","sticky":false,"template":"","format":"standard","meta":{"_jetpack_memberships_contains_paid_content":false,"footnotes":"","jetpack_publicize_message":"","jetpack_publicize_feature_enabled":true,"jetpack_social_post_already_shared":false,"jetpack_social_options":{"image_generator_settings":{"template":"highway","default_image_id":0,"font":"","enabled":false},"version":2}},"categories":[30,24],"tags":[36,77,35,145],"class_list":{"0":"post-687","1":"post","2":"type-post","3":"status-publish","4":"format-standard","5":"has-post-thumbnail","7":"category-faits-divers","8":"category-news","9":"tag-conakry","10":"tag-deces","11":"tag-guinee","12":"tag-moussa-solano"},"jetpack_publicize_connections":[],"jetpack_featured_media_url":"https:\/\/ledenonciateur224.com\/wp-content\/uploads\/2024\/12\/img-20241229-wa0200.jpg","jetpack_sharing_enabled":true,"_links":{"self":[{"href":"https:\/\/ledenonciateur224.com\/index.php\/wp-json\/wp\/v2\/posts\/687","targetHints":{"allow":["GET"]}}],"collection":[{"href":"https:\/\/ledenonciateur224.com\/index.php\/wp-json\/wp\/v2\/posts"}],"about":[{"href":"https:\/\/ledenonciateur224.com\/index.php\/wp-json\/wp\/v2\/types\/post"}],"author":[{"embeddable":true,"href":"https:\/\/ledenonciateur224.com\/index.php\/wp-json\/wp\/v2\/users\/2"}],"replies":[{"embeddable":true,"href":"https:\/\/ledenonciateur224.com\/index.php\/wp-json\/wp\/v2\/comments?post=687"}],"version-history":[{"count":0,"href":"https:\/\/ledenonciateur224.com\/index.php\/wp-json\/wp\/v2\/posts\/687\/revisions"}],"wp:featuredmedia":[{"embeddable":true,"href":"https:\/\/ledenonciateur224.com\/index.php\/wp-json\/wp\/v2\/media\/688"}],"wp:attachment":[{"href":"https:\/\/ledenonciateur224.com\/index.php\/wp-json\/wp\/v2\/media?parent=687"}],"wp:term":[{"taxonomy":"category","embeddable":true,"href":"https:\/\/ledenonciateur224.com\/index.php\/wp-json\/wp\/v2\/categories?post=687"},{"taxonomy":"post_tag","embeddable":true,"href":"https:\/\/ledenonciateur224.com\/index.php\/wp-json\/wp\/v2\/tags?post=687"}],"curies":[{"name":"wp","href":"https:\/\/api.w.org\/{rel}","templated":true}]}}