{"id":692,"date":"2024-12-29T14:36:24","date_gmt":"2024-12-29T14:36:24","guid":{"rendered":"https:\/\/ledenonciateur224.com\/?p=692"},"modified":"2024-12-29T14:41:13","modified_gmt":"2024-12-29T14:41:13","slug":"manifestation-du-6-janvier-les-forces-vives-de-guinee-clarifient-leur-position-et-excluent-la-violence","status":"publish","type":"post","link":"https:\/\/ledenonciateur224.com\/index.php\/manifestation-du-6-janvier-les-forces-vives-de-guinee-clarifient-leur-position-et-excluent-la-violence\/","title":{"rendered":"Manifestation du 6 janvier : Les Forces Vives de Guin\u00e9e clarifient leur position et excluent la violence"},"content":{"rendered":"<div dir=\"auto\">\n<div dir=\"auto\">Lors de l&rsquo;assembl\u00e9e g\u00e9n\u00e9rale du RPG arc-en-ciel, tenue ce samedi 28 d\u00e9cembre 2024, Boubacar Demba Dansoko, membre du bureau politique national du parti, a r\u00e9pondu aux r\u00e9centes d\u00e9clarations du porte-parole du gouvernement concernant la manifestation pr\u00e9vue par les Forces Vives de Guin\u00e9e le 6 janvier prochain.<\/div>\n<\/div>\n<div dir=\"auto\"><\/div>\n<div dir=\"auto\"><\/div>\n<div dir=\"auto\"><\/div>\n<div dir=\"auto\">Dans une sortie m\u00e9diatique, le ministre des Transports, Ousmane Gaoual Diallo, avait soulign\u00e9 que \u00ab\u00a0la violence ne r\u00e9sout pas les probl\u00e8mes\u00a0\u00bb. Cette d\u00e9claration faisait suite \u00e0 l\u2019appel des Forces Vives \u00e0 manifester pour exiger le retour \u00e0 l&rsquo;ordre constitutionnel et la fin de la transition, pr\u00e9vue pour le 31 d\u00e9cembre 2024 selon les engagements pris entre le CNRD et la CEDEAO.<\/div>\n<div dir=\"auto\"><\/div>\n<div dir=\"auto\"><\/div>\n<div dir=\"auto\"><\/div>\n<div dir=\"auto\">Boubacar Demba Dansoko a exprim\u00e9 son accord avec le ministre sur le fait que la violence ne r\u00e9sout rien, pr\u00e9cisant toutefois que les Forces Vives ne cherchent pas \u00e0 provoquer des troubles. \u00ab\u00a0Les Forces Vives n\u2019envisagent pas de faire de la violence. Elles veulent simplement faire respecter les engagements pris entre le CNRD et la CEDEAO, notamment la fin de la transition le 31 d\u00e9cembre 2024. Il s\u2019agit d\u2019un acte citoyen et non de violence\u00a0\u00bb, a-t-il affirm\u00e9.<\/div>\n<div dir=\"auto\"><\/div>\n<div dir=\"auto\"><\/div>\n<div dir=\"auto\"><\/div>\n<div dir=\"auto\"><\/div>\n<div dir=\"auto\">Le responsable du RPG a ajout\u00e9 que la situation actuelle pourrait \u00eatre interpr\u00e9t\u00e9e comme un manque de confiance des institutions internationales envers les autorit\u00e9s de la transition. Selon lui, l&rsquo;absence de soutien de la CEDEAO et des partenaires financiers refl\u00e8te un d\u00e9ficit de confiance envers le pouvoir en place. \u00ab\u00a0Les institutions internationales accompagnent normalement les autorit\u00e9s l\u00e9gitimes. Leur absence de soutien d\u00e9montre clairement un manque de confiance\u00a0\u00bb, a-t-il insist\u00e9.<\/div>\n<div dir=\"auto\"><\/div>\n<div dir=\"auto\"><\/div>\n<div dir=\"auto\"><\/div>\n<div dir=\"auto\"><\/div>\n<div dir=\"auto\">Ainsi, les Forces Vives insistent sur leur volont\u00e9 de voir la transition se conclure comme convenu, sans recours \u00e0 la violence, et appellent \u00e0 un retour \u00e0 l&rsquo;ordre constitutionnel, en conformit\u00e9 avec les engagements pris au niveau international.<\/div>\n<div dir=\"auto\"><\/div>\n<div dir=\"auto\"><\/div>\n<div dir=\"auto\"><\/div>\n<div dir=\"auto\"><\/div>\n<div dir=\"auto\"><\/div>\n<div dir=\"auto\">Ledenonciateur224.com<\/div>\n","protected":false},"excerpt":{"rendered":"<p>Lors de l&rsquo;assembl\u00e9e g\u00e9n\u00e9rale du RPG arc-en-ciel, tenue ce samedi 28 d\u00e9cembre 2024, Boubacar Demba Dansoko, membre du bureau politique national du parti, a r\u00e9pondu aux r\u00e9centes d\u00e9clarations du porte-parole du gouvernement concernant la manifestation pr\u00e9vue par les Forces Vives de Guin\u00e9e le 6 janvier prochain. Dans une sortie m\u00e9diatique, le ministre des Transports, Ousmane [&hellip;]<\/p>\n","protected":false},"author":2,"featured_media":695,"comment_status":"open","ping_status":"open","sticky":false,"template":"","format":"standard","meta":{"_jetpack_memberships_contains_paid_content":false,"footnotes":"","jetpack_publicize_message":"","jetpack_publicize_feature_enabled":true,"jetpack_social_post_already_shared":false,"jetpack_social_options":{"image_generator_settings":{"template":"highway","default_image_id":0,"font":"","enabled":false},"version":2}},"categories":[24,27],"tags":[99,150,68,66],"class_list":{"0":"post-692","1":"post","2":"type-post","3":"status-publish","4":"format-standard","5":"has-post-thumbnail","7":"category-news","8":"category-politique","9":"tag-assemblee-generale-des-partis-politiques","10":"tag-manifestations","11":"tag-rpg-arc-en-ciel","12":"tag-transition"},"jetpack_publicize_connections":[],"jetpack_featured_media_url":"https:\/\/ledenonciateur224.com\/wp-content\/uploads\/2024\/12\/guineaconde.jpg","jetpack_sharing_enabled":true,"_links":{"self":[{"href":"https:\/\/ledenonciateur224.com\/index.php\/wp-json\/wp\/v2\/posts\/692","targetHints":{"allow":["GET"]}}],"collection":[{"href":"https:\/\/ledenonciateur224.com\/index.php\/wp-json\/wp\/v2\/posts"}],"about":[{"href":"https:\/\/ledenonciateur224.com\/index.php\/wp-json\/wp\/v2\/types\/post"}],"author":[{"embeddable":true,"href":"https:\/\/ledenonciateur224.com\/index.php\/wp-json\/wp\/v2\/users\/2"}],"replies":[{"embeddable":true,"href":"https:\/\/ledenonciateur224.com\/index.php\/wp-json\/wp\/v2\/comments?post=692"}],"version-history":[{"count":0,"href":"https:\/\/ledenonciateur224.com\/index.php\/wp-json\/wp\/v2\/posts\/692\/revisions"}],"wp:featuredmedia":[{"embeddable":true,"href":"https:\/\/ledenonciateur224.com\/index.php\/wp-json\/wp\/v2\/media\/695"}],"wp:attachment":[{"href":"https:\/\/ledenonciateur224.com\/index.php\/wp-json\/wp\/v2\/media?parent=692"}],"wp:term":[{"taxonomy":"category","embeddable":true,"href":"https:\/\/ledenonciateur224.com\/index.php\/wp-json\/wp\/v2\/categories?post=692"},{"taxonomy":"post_tag","embeddable":true,"href":"https:\/\/ledenonciateur224.com\/index.php\/wp-json\/wp\/v2\/tags?post=692"}],"curies":[{"name":"wp","href":"https:\/\/api.w.org\/{rel}","templated":true}]}}